{"id":234,"date":"2012-08-22T21:54:00","date_gmt":"2012-08-22T21:54:00","guid":{"rendered":"https:\/\/www.bfv.cloud\/ajedrezeuropa\/index.php\/2012\/08\/22\/mas-informacion-sobre-el-x-torneo-de-feria-de-alcazar\/"},"modified":"2025-11-20T10:14:55","modified_gmt":"2025-11-20T10:14:55","slug":"mas-informacion-sobre-el-x-torneo-de-feria-de-alcazar","status":"publish","type":"post","link":"https:\/\/www.bfv.cloud\/ajedrezeuropa\/mas-informacion-sobre-el-x-torneo-de-feria-de-alcazar\/","title":{"rendered":"M\u00c1S INFORMACI\u00d3N SOBRE EL X TORNEO DE FERIA DE ALC\u00c1ZAR"},"content":{"rendered":"<div class=\"separator\" style=\"clear: both;text-align: left\"><a href=\"https:\/\/www.bfv.cloud\/ajedrezeuropa\/wp-content\/uploads\/2012\/08\/carteldeltorneodealcC3A1zarenjpg.jpg\" style=\"clear: right;float: right;margin-bottom: 1em;margin-left: 1em\"><img fetchpriority=\"high\" decoding=\"async\" border=\"0\" height=\"400\" src=\"https:\/\/blogger.googleusercontent.com\/img\/b\/R29vZ2xl\/AVvXsEjF0tEC5iXLftXR8dil6FutLEQKwHB9GgzE79mUuy3Qtmno_ugC1_0QI3tz8aRnv2UHREK2MmLRpY9Hfm2hU0WWzzI47k1WVsYDwwwo_qJlP9ASJ-iiGohz0FOcx7aNh8CKNp8UAxGbScQ\/s400\/cartel+del+torneo+de+alc%C3%A1zar+en+jpg.JPG\" width=\"282\" \/><\/a><strong><span style=\"font-family: Verdana, sans-serif\">Como ya anunciamos el s\u00e1bado 8 de septiembre se celebrar\u00e1 la 10\u00aa edici\u00f3n del torneo de feria de Alc\u00e1zar, que ser\u00e1 la 5\u00aa desde la puesta en marcha del proyecto conjunto de las escuelas de ajedrez de Alc\u00e1zar de San Juan y Villafranca de los Caballeros. El comienzo de las partidas est\u00e1 previsto a las 9,30 de la ma\u00f1ana en el sal\u00f3n de actos del Centro C\u00edvico de la Plaza de Espa\u00f1a. La confirmaci\u00f3n de jugadores deber\u00e1 realizarse hasta 15 minutos antes del comienzo de la 1\u00aa ronda, es decir hasta las 9 y cuarto de la ma\u00f1ana. El horario establecido ser\u00e1 por igual para el torneo sub-18 y para el torneo sub-16 y tambi\u00e9n las condiciones de inscripci\u00f3n tanto de los jugadores como de los clubes. A continuaci\u00f3n, queremos hacer hincap\u00ede en 2 circunstancias novedosas que contienen las bases de 2012 y que tambi\u00e9n afectan a ambos torneos:<\/span><\/strong><\/div>\n<div class=\"separator\" style=\"clear: both;text-align: center\"><span style=\"color: blue;font-family: Verdana, sans-serif\"><strong>La cuota de inscripci\u00f3n es de 10 \u20ac por participante (con derecho al catering de mediod\u00eda), haci\u00e9ndose efectiva S\u00d3LO Y EXCLUSIVAMENTE a trav\u00e9s de ingreso o transferencia a favor del IMD de Alc\u00e1zar de San Juan, cuenta de: <\/strong><\/span><\/div>\n<div style=\"text-align: center\"><span style=\"color: #cc0000;font-family: Verdana, sans-serif\"><strong><u>CajaSol 2106 1512 88 1132002235.<\/u><\/strong><\/span><\/div>\n<div style=\"text-align: center\">\n<\/div>\n<div style=\"text-align: center\"><strong><span style=\"color: #cc0000;font-family: Verdana\"><span style=\"color: navy;font-size: 12pt\"><span><span style=\"font-family: Times New Roman\"><span style=\"font: 7pt 'Times New Roman'\">&nbsp;<\/span><\/span><\/span><\/span><u><b><i><span style=\"color: navy;font-family: 'Bookman Old Style','serif';font-size: 12pt\">SE ESTABLECE UN M\u00c1XIMO DE PARTICIPACI\u00d3N DE 2 CLUBES POR PROVINCIA DE ORIGEN PARA CADA UNO DE LOS TORNEOS, PUDIENDO PARTICIPAR CON UN S\u00d3LO EQUIPO&nbsp;EN CADA TORNEO.<\/span><\/i><\/b><\/u><\/span><\/strong><\/p>\n<p><strong><u><em><span style=\"font-family: Bookman Old Style\"><span style=\"color: navy\">ESTAS SON LAS BASES DE 2012 AL COMPLETO:<\/span><\/span><\/em><\/u><\/strong><\/div>\n<div style=\"text-align: center\">\n<a href=\"https:\/\/docs.google.com\/document\/d\/1nvF5ldAmOB9e0lsJR7zEFf7BvM2PfRlmZ58TwQ5SvpM\/edit\"><span style=\"color: #990000\"><strong>BASES I TORNEO SUB-18<\/strong><\/span><\/a><\/div>\n<div style=\"text-align: center\"><a href=\"https:\/\/docs.google.com\/document\/d\/1kv6NYfiBZPBKMkn1DRuve71M_glXuUdptxeLuF9M9Og\/edit\"><span style=\"color: #274e13\"><strong>BASES V TORNEO SUB-16<\/strong><\/span><\/a><\/div>\n","protected":false},"excerpt":{"rendered":"<p>Como ya anunciamos el s\u00e1bado 8 de septiembre se celebrar\u00e1 la 10\u00aa edici\u00f3n del torneo de feria de Alc\u00e1zar, que ser\u00e1 la 5\u00aa desde la puesta en marcha del proyecto conjunto de las escuelas de ajedrez de Alc\u00e1zar de San Juan y Villafranca de los Caballeros. El comienzo de las partidas est\u00e1 previsto a las [&hellip;]<\/p>\n","protected":false},"author":1,"featured_media":235,"comment_status":"open","ping_status":"closed","sticky":false,"template":"","format":"standard","meta":{"footnotes":""},"categories":[1],"tags":[],"class_list":["post-234","post","type-post","status-publish","format-standard","has-post-thumbnail","hentry","category-noticias"],"_links":{"self":[{"href":"https:\/\/www.bfv.cloud\/ajedrezeuropa\/wp-json\/wp\/v2\/posts\/234","targetHints":{"allow":["GET"]}}],"collection":[{"href":"https:\/\/www.bfv.cloud\/ajedrezeuropa\/wp-json\/wp\/v2\/posts"}],"about":[{"href":"https:\/\/www.bfv.cloud\/ajedrezeuropa\/wp-json\/wp\/v2\/types\/post"}],"author":[{"embeddable":true,"href":"https:\/\/www.bfv.cloud\/ajedrezeuropa\/wp-json\/wp\/v2\/users\/1"}],"replies":[{"embeddable":true,"href":"https:\/\/www.bfv.cloud\/ajedrezeuropa\/wp-json\/wp\/v2\/comments?post=234"}],"version-history":[{"count":1,"href":"https:\/\/www.bfv.cloud\/ajedrezeuropa\/wp-json\/wp\/v2\/posts\/234\/revisions"}],"predecessor-version":[{"id":236,"href":"https:\/\/www.bfv.cloud\/ajedrezeuropa\/wp-json\/wp\/v2\/posts\/234\/revisions\/236"}],"wp:featuredmedia":[{"embeddable":true,"href":"https:\/\/www.bfv.cloud\/ajedrezeuropa\/wp-json\/wp\/v2\/media\/235"}],"wp:attachment":[{"href":"https:\/\/www.bfv.cloud\/ajedrezeuropa\/wp-json\/wp\/v2\/media?parent=234"}],"wp:term":[{"taxonomy":"category","embeddable":true,"href":"https:\/\/www.bfv.cloud\/ajedrezeuropa\/wp-json\/wp\/v2\/categories?post=234"},{"taxonomy":"post_tag","embeddable":true,"href":"https:\/\/www.bfv.cloud\/ajedrezeuropa\/wp-json\/wp\/v2\/tags?post=234"}],"curies":[{"name":"wp","href":"https:\/\/api.w.org\/{rel}","templated":true}]}}