{"id":2343,"date":"2019-07-10T11:31:00","date_gmt":"2019-07-10T11:31:00","guid":{"rendered":"https:\/\/www.bfv.cloud\/ajedrezeuropa\/index.php\/2019\/07\/10\/nuestros-jugadores-en-los-campeonatos-de-espana-por-edades\/"},"modified":"2025-11-20T10:45:43","modified_gmt":"2025-11-20T10:45:43","slug":"nuestros-jugadores-en-los-campeonatos-de-espana-por-edades","status":"publish","type":"post","link":"https:\/\/www.bfv.cloud\/ajedrezeuropa\/nuestros-jugadores-en-los-campeonatos-de-espana-por-edades\/","title":{"rendered":"NUESTROS JUGADORES EN LOS CAMPEONATOS DE ESPA\u00d1A POR EDADES"},"content":{"rendered":"<div class=\"separator\" style=\"clear: both;text-align: center\">\n<a href=\"https:\/\/www.bfv.cloud\/ajedrezeuropa\/wp-content\/uploads\/2019\/07\/CartelSalobre25C325B1a2019.jpg\" style=\"clear: left;float: left;margin-bottom: 1em;margin-right: 1em\"><img fetchpriority=\"high\" decoding=\"async\" border=\"0\" data-original-height=\"1600\" data-original-width=\"911\" height=\"400\" src=\"https:\/\/blogger.googleusercontent.com\/img\/b\/R29vZ2xl\/AVvXsEgLdbZk3sDziE9WcZ0Ex4p9TF9UkAQ7H3YxI8lc0unUuXVwrDXAc0ZXZPOmY4rXICEjBdzPJnIp1s7DRurHcrV5ZrTsWaVn9lZ4I_fQ0LLO5rJ61ytAHPTtwYaD2LqDE4oOSmnDSlRIgEQ\/s400\/CartelSalobre%25C3%25B1a2019.jpg\" width=\"227\" \/><\/a><\/div>\n<p><span style=\"font-family: Georgia, Times New Roman, serif;font-size: large\"><b>Est\u00e1n celebr\u00e1ndose en Salobre\u00f1a los campeonatos de Espa\u00f1a por Edades de la categor\u00eda sub-8 a la sub-18. Un total de 7 jugadores del proyecto Nuestro Ajedrez en Europa, 5 chicos y 2 chicas, pasar\u00e1n por la m\u00e1xima competici\u00f3n nacional de ajedrez por edades.<\/b><\/span><br \/>\n<span style=\"font-family: Georgia, Times New Roman, serif;font-size: large\"><b><br \/><\/b><\/span><br \/>\n<span style=\"font-family: Georgia, Times New Roman, serif;font-size: large\"><b><i><u>\u00c1ngel Collado en el sub-12 de r\u00e1pidas<\/u><\/i><\/b><\/span><\/p>\n<table cellpadding=\"0\" cellspacing=\"0\" class=\"tr-caption-container\" style=\"float: right;margin-left: 1em;text-align: right\">\n<tbody>\n<tr>\n<td style=\"text-align: center\"><a href=\"https:\/\/www.bfv.cloud\/ajedrezeuropa\/wp-content\/uploads\/2019\/07\/ANGEL.jpg\" style=\"clear: right;margin-bottom: 1em;margin-left: auto;margin-right: auto\"><img decoding=\"async\" border=\"0\" data-original-height=\"690\" data-original-width=\"496\" height=\"320\" src=\"https:\/\/blogger.googleusercontent.com\/img\/b\/R29vZ2xl\/AVvXsEhB-qeALzSEn-UrdYIC4jkK7zs8T9vpnLkMCKlZRs-G3TOY4Qo7JEvaGhDXCMkp592G7_91x4xdQwFvCI24k6ZgIbq1YVQNtTtzt1CSdp3w-vYnQzbVSAaxcC5R7-etm_pYcoTrpGXExyY\/s320\/ANGEL.jpg\" width=\"228\" \/><\/a><\/td>\n<\/tr>\n<tr>\n<td class=\"tr-caption\" style=\"text-align: center\">\u00c1ngel Collado<\/td>\n<\/tr>\n<\/tbody>\n<\/table>\n<p><span style=\"font-family: Georgia, Times New Roman, serif;font-size: large\"><b>Hasta el momento, nuestro \u00fanico participante ha sido: \u00c1ngel Collado Alcolado, que particip\u00f3 en la modalidad de r\u00e1pidas dentro de la categor\u00eda sub-12, obteniendo 4 puntos que lo situaron en el puesto 75\u00ba. Es la primera ocasi\u00f3n en la que este jugador alcazare\u00f1o se mide a sus competidores en un torneo nacional individual y su resultado ha sido muy bueno mejorando en 45 posiciones su ranking inicial.<\/b><\/span><br \/>\n<span style=\"font-family: Georgia, Times New Roman, serif;font-size: large\"><b><br \/><\/b><\/span><br \/>\n<span style=\"font-family: Georgia, Times New Roman, serif;font-size: large\"><b><i><u>Alonso L\u00f3pez en el sub-14<\/u><\/i><\/b><\/span><\/p>\n<table cellpadding=\"0\" cellspacing=\"0\" class=\"tr-caption-container\" style=\"float: left;margin-right: 1em;text-align: left\">\n<tbody>\n<tr>\n<td style=\"text-align: center\"><a href=\"https:\/\/www.bfv.cloud\/ajedrezeuropa\/wp-content\/uploads\/2019\/07\/AlonsoLopez.jpg\" style=\"clear: left;margin-bottom: 1em;margin-left: auto;margin-right: auto\"><img decoding=\"async\" border=\"0\" data-original-height=\"1110\" data-original-width=\"936\" height=\"320\" src=\"https:\/\/blogger.googleusercontent.com\/img\/b\/R29vZ2xl\/AVvXsEgEG3Z0qmUM7Ax7azqNNs_1eAnA0Y1_aNHv56D7kpyda8oQZadCHeCSyD6wCXpQh64_aIg3AnlrU0sW1WTZMRJIolOMudukuc8qJY-ITUw2-MS-NYfm4Av3B_XrK6cuKAuCGj2CukYGlzE\/s320\/Alonso+Lopez.jpg\" width=\"268\" \/><\/a><\/td>\n<\/tr>\n<tr>\n<td class=\"tr-caption\" style=\"text-align: center\">Alonso L\u00f3pez<\/td>\n<\/tr>\n<\/tbody>\n<\/table>\n<p><span style=\"font-family: Georgia, Times New Roman, serif;font-size: large\"><b>En estos momentos est\u00e1 en juego la categor\u00eda sub-14 con la presencia de: Alonso L\u00f3pez N\u00fa\u00f1ez. Despu\u00e9s de las 3 primeras rondas suma 2 puntos. Alonso es jugador de primer a\u00f1o sub-14 y comenz\u00f3 su trayectoria en estos campeonatos en el a\u00f1o 2015 dentro del sub-10. Entre el s\u00e1bado y el domingo se disputar\u00e1 el nacional de r\u00e1pidas sub-14 en el que tambi\u00e9n tiene prevista su participaci\u00f3n.<\/b><\/span><br \/>\n<span style=\"font-family: Georgia, Times New Roman, serif;font-size: large\"><b><br \/><\/b><\/span><br \/>\n<span style=\"font-family: Georgia, Times New Roman, serif;font-size: large\"><b><i><u><br \/><\/u><\/i><\/b><\/span><br \/>\n<span style=\"font-family: Georgia, Times New Roman, serif;font-size: large\"><b><i><u><br \/><\/u><\/i><\/b><\/span><br \/>\n<span style=\"font-family: Georgia, Times New Roman, serif;font-size: large\"><b><i><u>Alfredo Amador y Clara Vela en el sub-16<\/u><\/i><\/b><\/span><\/p>\n<table cellpadding=\"0\" cellspacing=\"0\" class=\"tr-caption-container\" style=\"float: left;margin-right: 1em;text-align: left\">\n<tbody>\n<tr>\n<td style=\"text-align: center\"><a href=\"https:\/\/www.bfv.cloud\/ajedrezeuropa\/wp-content\/uploads\/2019\/07\/AlfredoAmador.jpg\" style=\"clear: left;margin-bottom: 1em;margin-left: auto;margin-right: auto\"><img loading=\"lazy\" decoding=\"async\" border=\"0\" data-original-height=\"986\" data-original-width=\"1004\" height=\"313\" src=\"https:\/\/blogger.googleusercontent.com\/img\/b\/R29vZ2xl\/AVvXsEgmsHHliASyHApafoShmk-Vg5BTE9iImyAQ4WTbUjx5k3rTAgYdwZVTybPSXvqQEU420LOkLNawvNB9qTvheUQNHDy0LAaXNSJ9ASp5-31OGzCnElRbNrIcYEhcOR7tq-Oh_AuWILErU4w\/s320\/Alfredo+Amador.jpg\" width=\"320\" \/><\/a><\/td>\n<\/tr>\n<tr>\n<td class=\"tr-caption\" style=\"text-align: center\">Alfredo Amador<\/td>\n<\/tr>\n<\/tbody>\n<\/table>\n<table cellpadding=\"0\" cellspacing=\"0\" class=\"tr-caption-container\" style=\"float: right;text-align: right\">\n<tbody>\n<tr>\n<td style=\"text-align: center\"><a href=\"https:\/\/www.bfv.cloud\/ajedrezeuropa\/wp-content\/uploads\/2019\/07\/CLARAVELA.jpg\" style=\"clear: right;margin-bottom: 1em;margin-left: auto;margin-right: auto\"><img loading=\"lazy\" decoding=\"async\" border=\"0\" data-original-height=\"1152\" data-original-width=\"864\" height=\"320\" src=\"https:\/\/blogger.googleusercontent.com\/img\/b\/R29vZ2xl\/AVvXsEhkStq3DAViMGDkJwLsgSAz3zLF4RdKj1bEDbfLi9mS48n2H3V5rai-hn4zvDCvpI7b4QzO1hM3ptzmdL_NxYH6BgOpFhWRTLRKAqoT4NotwAk4upnyztxxdY0ge4f1n9FZma0kmFriKns\/s320\/CLARA+VELA.jpg\" width=\"240\" \/><\/a><\/td>\n<\/tr>\n<tr>\n<td class=\"tr-caption\" style=\"text-align: center\">Clara Vela<\/td>\n<\/tr>\n<\/tbody>\n<\/table>\n<p><span style=\"font-family: Georgia, Times New Roman, serif;font-size: large\"><b><br \/><\/b><\/span><br \/>\n<span style=\"font-family: Georgia, Times New Roman, serif;font-size: large\"><b><br \/><\/b><\/span><br \/>\n<span style=\"font-family: Georgia, Times New Roman, serif;font-size: large\"><b><br \/><\/b><\/span><br \/>\n<span style=\"font-family: Georgia, Times New Roman, serif;font-size: large\"><b><br \/><\/b><\/span><br \/>\n<span style=\"font-family: Georgia, Times New Roman, serif;font-size: large\"><b><br \/><\/b><\/span><br \/>\n<span style=\"font-family: Georgia, Times New Roman, serif;font-size: large\"><b><br \/><\/b><\/span><br \/>\n<span style=\"font-family: Georgia, Times New Roman, serif;font-size: large\"><b><br \/><\/b><\/span><br \/>\n<span style=\"font-family: Georgia, Times New Roman, serif;font-size: large\"><b><br \/><\/b><\/span><br \/>\n<span style=\"font-family: Georgia, Times New Roman, serif;font-size: large\"><b><br \/><\/b><\/span><br \/>\n<span style=\"font-family: Georgia, Times New Roman, serif;font-size: large\"><b><br \/><\/b><\/span><br \/>\n<span style=\"font-family: Georgia, Times New Roman, serif;font-size: large\"><b><br \/><\/b><\/span><br \/>\n<span style=\"font-family: Georgia, Times New Roman, serif;font-size: large\"><b><br \/><\/b><\/span><br \/>\n<span style=\"font-family: Georgia, Times New Roman, serif;font-size: large\"><b><br \/><\/b><\/span><br \/>\n<span style=\"font-family: Georgia, Times New Roman, serif;font-size: large\"><b><br \/><\/b><\/span><br \/>\n<span style=\"font-family: Georgia, Times New Roman, serif;font-size: large\"><b>Del 15 al 20 del presente mes de julio se celebrar\u00e1 el Campeonato de Espa\u00f1a sub-16 con la participaci\u00f3n de un jugador y una jugadora de nuestras escuelas. Alfredo Amador And\u00fajar y Clara Vela Adri\u00e1n tendr\u00e1n oportunidad de jugar las 9 rondas de las que constan estos torneos, Mientras para Alfredo ser\u00e1 su 5\u00aa vez en estos nacionales para Clara va a ser su primer nacional.<\/b><\/span><br \/>\n<span style=\"font-family: Georgia, Times New Roman, serif;font-size: large\"><b><br \/><\/b><\/span><br \/>\n<span style=\"font-family: Georgia, Times New Roman, serif;font-size: large\"><b><i><u>Adri\u00e1n Alonso, Enrique Velasco e Isabel Marcos-Alberca en el sub-18<\/u><\/i><\/b><\/span><\/p>\n<table cellpadding=\"0\" cellspacing=\"0\" class=\"tr-caption-container\" style=\"float: right;margin-left: 1em;text-align: right\">\n<tbody>\n<tr>\n<td style=\"text-align: center\"><a href=\"https:\/\/www.bfv.cloud\/ajedrezeuropa\/wp-content\/uploads\/2019\/07\/IMG_20190224_114149_resized_20190224_010225222.jpg\" style=\"clear: right;margin-bottom: 1em;margin-left: auto;margin-right: auto\"><img loading=\"lazy\" decoding=\"async\" border=\"0\" data-original-height=\"1152\" data-original-width=\"864\" height=\"320\" src=\"https:\/\/blogger.googleusercontent.com\/img\/b\/R29vZ2xl\/AVvXsEi2FJMlFGcy0oww-aEFx3AGpjL3AUDOE5ZaDqQB9VloHnC8e2-IwGbPLtO5meGXHYscW9673FUDlIK1fPasxeW-MtWyqI8vrfTqOuGPUXRNEnspJDjyUX2uX_ryZ3ISps2E8hHAgR0J1s4\/s320\/IMG_20190224_114149_resized_20190224_010225222.jpg\" width=\"240\" \/><\/a><\/td>\n<\/tr>\n<tr>\n<td class=\"tr-caption\" style=\"text-align: center\">Isabel Marcos-Alberca<\/td>\n<\/tr>\n<\/tbody>\n<\/table>\n<table cellpadding=\"0\" cellspacing=\"0\" class=\"tr-caption-container\" style=\"float: left;margin-right: 1em;text-align: left\">\n<tbody>\n<tr>\n<td style=\"text-align: center\"><a href=\"https:\/\/www.bfv.cloud\/ajedrezeuropa\/wp-content\/uploads\/2019\/07\/ADRIANALONSO.jpg\" style=\"clear: left;margin-bottom: 1em;margin-left: auto;margin-right: auto\"><img loading=\"lazy\" decoding=\"async\" border=\"0\" data-original-height=\"1008\" data-original-width=\"803\" height=\"320\" src=\"https:\/\/blogger.googleusercontent.com\/img\/b\/R29vZ2xl\/AVvXsEiHyUJ7iyYlDkG57O4rNwtZxFm1tni3jRCvFOhrscZ8pDRM6RKyq6NJCfz4jey1M8VvoHnJQUoRvxMrTcZxG6d5d5YV0Gc997aZJlvsvx-Mve4TiA11YgQgOQBpvKQ04mWaLS-rvcwYyHU\/s320\/ADRIAN+ALONSO.jpg\" width=\"255\" \/><\/a><\/td>\n<\/tr>\n<tr>\n<td class=\"tr-caption\" style=\"text-align: center\">Adri\u00e1n Alonso<\/td>\n<\/tr>\n<\/tbody>\n<\/table>\n<table cellpadding=\"0\" cellspacing=\"0\" class=\"tr-caption-container\" style=\"float: right;text-align: right\">\n<tbody>\n<tr>\n<td style=\"text-align: center\"><a href=\"https:\/\/www.bfv.cloud\/ajedrezeuropa\/wp-content\/uploads\/2019\/07\/ENRIQUEVELASCO.jpg\" style=\"clear: right;margin-bottom: 1em;margin-left: auto;margin-right: auto\"><img loading=\"lazy\" decoding=\"async\" border=\"0\" data-original-height=\"1167\" data-original-width=\"786\" height=\"320\" src=\"https:\/\/blogger.googleusercontent.com\/img\/b\/R29vZ2xl\/AVvXsEjZBTzPEsJyE6Kf6Jzpx4yq9xU5waJVSBgghp1CBjlIU2EtfgrRcx4msG_6xbQXNiehjbaveKFgkxGU4bmVoWc4QIe35-lseYKmGa-S6glL37HAfkDh8HjS1khBbz7TfJ55A1VIZ0CL_c8\/s320\/ENRIQUE+VELASCO.jpg\" width=\"215\" \/><\/a><\/td>\n<\/tr>\n<tr>\n<td class=\"tr-caption\" style=\"text-align: center\">Enrique Velasco<\/td>\n<\/tr>\n<\/tbody>\n<\/table>\n<p><span style=\"font-family: Georgia, Times New Roman, serif;font-size: large\"><b><br \/><\/b><\/span><br \/>\n<span style=\"font-family: Georgia, Times New Roman, serif;font-size: large\"><b>Para la categor\u00eda juvenil queda la presencia m\u00e1s numerosa de ajedrecistas de nuestros equipos. Dos chicos: Adri\u00e1n Alonso L\u00e1zaro y Enrique Velasco Aragon\u00e9s; y una chica: Isabel Marcos-Alberca Lizcano, se enfrentar\u00e1n con otros 128 j\u00f3venes de todas las comunidades aut\u00f3nomas.<\/b><\/span><br \/>\n<span style=\"font-family: Georgia, Times New Roman, serif;font-size: large\"><b><br \/><\/b><\/span><br \/>\n<span style=\"font-family: Georgia, Times New Roman, serif;font-size: large\"><b>\u00a1\u00a1Les deseamos a todos una gran experiencia y un buen juego!!&nbsp;<\/b><\/span><\/p>\n<p><span style=\"font-family: Georgia, Times New Roman, serif;font-size: large\"><b><br \/><\/b><\/span><\/p>\n","protected":false},"excerpt":{"rendered":"<p>Est\u00e1n celebr\u00e1ndose en Salobre\u00f1a los campeonatos de Espa\u00f1a por Edades de la categor\u00eda sub-8 a la sub-18. Un total de 7 jugadores del proyecto Nuestro Ajedrez en Europa, 5 chicos y 2 chicas, pasar\u00e1n por la m\u00e1xima competici\u00f3n nacional de ajedrez por edades. \u00c1ngel Collado en el sub-12 de r\u00e1pidas \u00c1ngel Collado Hasta el momento, [&hellip;]<\/p>\n","protected":false},"author":1,"featured_media":2344,"comment_status":"open","ping_status":"closed","sticky":false,"template":"","format":"standard","meta":{"footnotes":""},"categories":[1],"tags":[],"class_list":["post-2343","post","type-post","status-publish","format-standard","has-post-thumbnail","hentry","category-noticias"],"_links":{"self":[{"href":"https:\/\/www.bfv.cloud\/ajedrezeuropa\/wp-json\/wp\/v2\/posts\/2343","targetHints":{"allow":["GET"]}}],"collection":[{"href":"https:\/\/www.bfv.cloud\/ajedrezeuropa\/wp-json\/wp\/v2\/posts"}],"about":[{"href":"https:\/\/www.bfv.cloud\/ajedrezeuropa\/wp-json\/wp\/v2\/types\/post"}],"author":[{"embeddable":true,"href":"https:\/\/www.bfv.cloud\/ajedrezeuropa\/wp-json\/wp\/v2\/users\/1"}],"replies":[{"embeddable":true,"href":"https:\/\/www.bfv.cloud\/ajedrezeuropa\/wp-json\/wp\/v2\/comments?post=2343"}],"version-history":[{"count":1,"href":"https:\/\/www.bfv.cloud\/ajedrezeuropa\/wp-json\/wp\/v2\/posts\/2343\/revisions"}],"predecessor-version":[{"id":2352,"href":"https:\/\/www.bfv.cloud\/ajedrezeuropa\/wp-json\/wp\/v2\/posts\/2343\/revisions\/2352"}],"wp:featuredmedia":[{"embeddable":true,"href":"https:\/\/www.bfv.cloud\/ajedrezeuropa\/wp-json\/wp\/v2\/media\/2344"}],"wp:attachment":[{"href":"https:\/\/www.bfv.cloud\/ajedrezeuropa\/wp-json\/wp\/v2\/media?parent=2343"}],"wp:term":[{"taxonomy":"category","embeddable":true,"href":"https:\/\/www.bfv.cloud\/ajedrezeuropa\/wp-json\/wp\/v2\/categories?post=2343"},{"taxonomy":"post_tag","embeddable":true,"href":"https:\/\/www.bfv.cloud\/ajedrezeuropa\/wp-json\/wp\/v2\/tags?post=2343"}],"curies":[{"name":"wp","href":"https:\/\/api.w.org\/{rel}","templated":true}]}}