{"id":2353,"date":"2015-12-23T23:28:00","date_gmt":"2015-12-23T23:28:00","guid":{"rendered":"https:\/\/www.bfv.cloud\/ajedrezeuropa\/index.php\/2015\/12\/23\/xi-torneo-ajedrez-por-la-igualdad\/"},"modified":"2025-11-20T10:45:46","modified_gmt":"2025-11-20T10:45:46","slug":"xi-torneo-ajedrez-por-la-igualdad","status":"publish","type":"post","link":"https:\/\/www.bfv.cloud\/ajedrezeuropa\/xi-torneo-ajedrez-por-la-igualdad\/","title":{"rendered":"XI TORNEO AJEDREZ POR LA IGUALDAD"},"content":{"rendered":"<div class=\"separator\" style=\"clear: both;text-align: center\">\n<a href=\"https:\/\/www.bfv.cloud\/ajedrezeuropa\/wp-content\/uploads\/2015\/12\/TORNEONAVIDAD2016.jpg\" style=\"margin-left: 1em;margin-right: 1em\"><img fetchpriority=\"high\" decoding=\"async\" border=\"0\" height=\"640\" src=\"https:\/\/blogger.googleusercontent.com\/img\/b\/R29vZ2xl\/AVvXsEjeA2bK8bXwfyEv4SfYNKXWfIoI98pQgsN48gwSX3eNMLWflOYGzquTSzpY5PgG91Vcx0MVeReToZUilE6MmDZXS1L-A8T-EgNe7iiUErliCKY-Plwx-STeRWnEMAsJavUyVz9fTO9sp_A\/s640\/TORNEO+NAVIDAD+2016.jpg\" width=\"452\" \/><\/a><\/div>\n<p>\n<span style=\"font-family: Georgia, Times New Roman, serif\"><b>La 11\u00aa edici\u00f3n del TORNEO \u00abAJEDREZ POR LA IGUALDAD\u00bb se celebrar\u00e1 el domingo 3 de enero de 2016, a partir de las 10 de la ma\u00f1ana, en la Casa de la Cultura de Villafranca de los Caballeros. Para ver toda la informaci\u00f3n publicamos el cartel y las bases del torneo.<\/b><\/span><br \/>\n<span style=\"font-family: Georgia, Times New Roman, serif\"><b>Antes, en concreto el lunes 28 de diciembre, se habr\u00e1 clausurado la VIII CONCENTRACI\u00d3N DE NAVIDAD NUESTRO AJEDREZ EN EUROPA, poniendo fin a una gran temporada en la que nuestros jugadores han estado presentes en varias competiciones nacionales individuales y por equipos, al mismo tiempo que en los distintos tipos de campeonatos regionales desde absolutos hasta por categor\u00edas con destacados resultados en todos los casos.<\/b><\/span><br \/>\n<span style=\"font-family: Georgia, Times New Roman, serif\"><b><br \/><\/b><\/span><\/p>\n<h4>\n<span style=\"color: #274e13;font-family: Georgia, Times New Roman, serif;font-size: large\"><b>\u00a1\u00a1Os emplazamos a continuar con nosotros durante 2016, un a\u00f1o muy interesante y prometedor en el que esperamos poder seguir creciendo y ofreciendo todas las posibilidades del ajedrez desde nuestro proyecto!!<\/b><\/span><\/h4>\n<div>\n<span style=\"color: #274e13;font-family: Georgia, Times New Roman, serif;font-size: large\"><b><br \/><\/b><\/span><\/div>\n<div class=\"separator\" style=\"clear: both;text-align: center\">\n<a href=\"https:\/\/www.bfv.cloud\/ajedrezeuropa\/wp-content\/uploads\/2015\/12\/BASESDELXITORNEOAJEDREZPORLAIGUALDAD2016.jpg\" style=\"margin-left: 1em;margin-right: 1em\"><img decoding=\"async\" border=\"0\" height=\"640\" src=\"https:\/\/blogger.googleusercontent.com\/img\/b\/R29vZ2xl\/AVvXsEhCp7OphUb5hRKhqwMBModYWg0Xsh9IwA6_MHBEBRaoEHGdIa-pIjroMYbt8_xINZspOLTeSVaS2zl5g4HYmyb2pQ2N5cDX7Ld3ww-q4zBGMR5rqe3BJXpPDsiCTjYIvCi2d55SNYFxOw4\/s640\/BASES+DEL+XI+TORNEO+AJEDREZ+POR+LA+IGUALDAD+2016.jpg\" width=\"452\" \/><\/a><\/div>\n<p><\/p>\n","protected":false},"excerpt":{"rendered":"<p>La 11\u00aa edici\u00f3n del TORNEO \u00abAJEDREZ POR LA IGUALDAD\u00bb se celebrar\u00e1 el domingo 3 de enero de 2016, a partir de las 10 de la ma\u00f1ana, en la Casa de la Cultura de Villafranca de los Caballeros. Para ver toda la informaci\u00f3n publicamos el cartel y las bases del torneo. Antes, en concreto el lunes [&hellip;]<\/p>\n","protected":false},"author":1,"featured_media":2354,"comment_status":"open","ping_status":"closed","sticky":false,"template":"","format":"standard","meta":{"footnotes":""},"categories":[1],"tags":[],"class_list":["post-2353","post","type-post","status-publish","format-standard","has-post-thumbnail","hentry","category-noticias"],"_links":{"self":[{"href":"https:\/\/www.bfv.cloud\/ajedrezeuropa\/wp-json\/wp\/v2\/posts\/2353","targetHints":{"allow":["GET"]}}],"collection":[{"href":"https:\/\/www.bfv.cloud\/ajedrezeuropa\/wp-json\/wp\/v2\/posts"}],"about":[{"href":"https:\/\/www.bfv.cloud\/ajedrezeuropa\/wp-json\/wp\/v2\/types\/post"}],"author":[{"embeddable":true,"href":"https:\/\/www.bfv.cloud\/ajedrezeuropa\/wp-json\/wp\/v2\/users\/1"}],"replies":[{"embeddable":true,"href":"https:\/\/www.bfv.cloud\/ajedrezeuropa\/wp-json\/wp\/v2\/comments?post=2353"}],"version-history":[{"count":1,"href":"https:\/\/www.bfv.cloud\/ajedrezeuropa\/wp-json\/wp\/v2\/posts\/2353\/revisions"}],"predecessor-version":[{"id":2356,"href":"https:\/\/www.bfv.cloud\/ajedrezeuropa\/wp-json\/wp\/v2\/posts\/2353\/revisions\/2356"}],"wp:featuredmedia":[{"embeddable":true,"href":"https:\/\/www.bfv.cloud\/ajedrezeuropa\/wp-json\/wp\/v2\/media\/2354"}],"wp:attachment":[{"href":"https:\/\/www.bfv.cloud\/ajedrezeuropa\/wp-json\/wp\/v2\/media?parent=2353"}],"wp:term":[{"taxonomy":"category","embeddable":true,"href":"https:\/\/www.bfv.cloud\/ajedrezeuropa\/wp-json\/wp\/v2\/categories?post=2353"},{"taxonomy":"post_tag","embeddable":true,"href":"https:\/\/www.bfv.cloud\/ajedrezeuropa\/wp-json\/wp\/v2\/tags?post=2353"}],"curies":[{"name":"wp","href":"https:\/\/api.w.org\/{rel}","templated":true}]}}