{"id":2357,"date":"2013-11-06T23:49:00","date_gmt":"2013-11-06T23:49:00","guid":{"rendered":"https:\/\/www.bfv.cloud\/ajedrezeuropa\/index.php\/2013\/11\/06\/preparando-el-vi-campeonato-de-espana-por-equipos-de-club-sub-16\/"},"modified":"2025-11-20T10:45:48","modified_gmt":"2025-11-20T10:45:48","slug":"preparando-el-vi-campeonato-de-espana-por-equipos-de-club-sub-16","status":"publish","type":"post","link":"https:\/\/www.bfv.cloud\/ajedrezeuropa\/preparando-el-vi-campeonato-de-espana-por-equipos-de-club-sub-16\/","title":{"rendered":"PREPARANDO EL VI CAMPEONATO DE ESPA\u00d1A POR EQUIPOS DE CLUB SUB-16"},"content":{"rendered":"<div class=\"separator\" style=\"clear: both;text-align: center\">\n<a href=\"https:\/\/www.bfv.cloud\/ajedrezeuropa\/wp-content\/uploads\/2013\/11\/CARTELCECLUBSUB-162013.jpg\" style=\"clear: right;float: right;margin-bottom: 1em;margin-left: 1em\"><img fetchpriority=\"high\" decoding=\"async\" border=\"0\" src=\"https:\/\/www.bfv.cloud\/ajedrezeuropa\/wp-content\/uploads\/2013\/11\/CARTELCECLUBSUB-162013.jpg\" height=\"400\" width=\"218\" \/><\/a><\/div>\n<h4>\n<span style=\"color: #38761d;font-family: Verdana, sans-serif\">La Federaci\u00f3n Espa\u00f1ola de Ajedrez (FEDA) ha publicado la circular en la que se convoca la sexta edici\u00f3n del CECLUB sub-16 en el lugar acostumbrado, el hotel Bali de Benidorm, y en las fechas de siempre, el puente de la Constituci\u00f3n, del 5 al 8 de diciembre. De nuevo, este campeonato y el resto de competiciones por equipos, son una prioridad para nuestro proyecto. Gracias a la financiaci\u00f3n recibida de los ayuntamientos de Alc\u00e1zar de San Juan y Villafranca de los Caballeros, haremos realidad una importante presencia en este nacional por equipos, comparti\u00e9ndolo con el objetivo de las actividades formativas espec\u00edficas de \u00abNuestro Ajedrez en Europa\u00bb. En 2 semanas podremos ofrecer toda la informaci\u00f3n relativa a nuestra participaci\u00f3n en este campeonato y en los torneos paralelos por edades, de car\u00e1cter individual, que organiza este famoso hotel.<\/span><\/h4>\n<div>\n<span style=\"color: #38761d;font-family: Verdana, sans-serif\"><br \/><\/span><\/div>\n<div style=\"text-align: center\">\n<span style=\"font-family: Verdana, sans-serif\"><b><u>11 EQUIPOS EN EL PROVINCIAL ABSOLUTO POR EQUIPOS DE 1\u00aa DIVISI\u00d3N DE TOLEDO<\/u><\/b><\/span><\/div>\n<div style=\"text-align: center\">\n<span style=\"font-family: Verdana, sans-serif\"><b><u><br \/><\/u><\/b><\/span><\/div>\n<div style=\"text-align: left\">\n<span style=\"font-family: Verdana, sans-serif\">Ser\u00e1n un total de 11 equipos los asistentes a la edici\u00f3n del Campeonato Absoluto por Clubes de Toledo valedera para 2014. La noticia m\u00e1s importante que ha dado a conocer la publicaci\u00f3n de esta informaci\u00f3n es la no presencia de 2 de las formaciones m\u00e1s antiguas y destacadas de la provincia: Oca\u00f1a y Sonseca, confirm\u00e1ndose as\u00ed el delicado momento que viven algunos clubes de ajedrez en Castilla-La Mancha. Queremos lamentar estas significativas ausencias que hacen decrecer el n\u00famero de participantes y el nivel de juego respecto a otros a\u00f1os, a pesar del esfuerzo que un proyecto como el nuestro realiza llevando un total de 36 jugadores distribuidos en los 4 equipos que representar\u00e1n a nuestros 2 clubes.<\/span><br \/>\n<span style=\"font-family: Verdana, sans-serif\"><br \/><\/span><\/div>\n<h4 style=\"text-align: center\">\n<span style=\"color: #660000;font-family: Verdana, sans-serif\"><u>COLABORANDO CON LA CULTURA<\/u><\/span><\/h4>\n<div style=\"text-align: left\">\n<span style=\"font-family: Verdana, sans-serif\">&nbsp;<\/span><img decoding=\"async\" src=\"http:\/\/www.ateneodealcazar.es\/imagenes\/nueva%20cabecera.jpg\" height=\"156\" width=\"640\" \/><\/div>\n<h4>\n<span style=\"color: #660000\">El pr\u00f3ximo mes de diciembre el Ateneo de Alc\u00e1zar de San Juan publicar\u00e1 un n\u00famero especial de su revista anual. En esta ocasi\u00f3n, hemos sido invitados a participar con un art\u00edculo que hemos orientado a destacar la evoluci\u00f3n de la inteligencia humana. A mediados de diciembre, en esta misma p\u00e1gina, publicaremos un enlace con la edici\u00f3n digital de la revista y daremos a conocer esta nueva colaboraci\u00f3n en su integridad.<\/span><\/h4>\n","protected":false},"excerpt":{"rendered":"<p>La Federaci\u00f3n Espa\u00f1ola de Ajedrez (FEDA) ha publicado la circular en la que se convoca la sexta edici\u00f3n del CECLUB sub-16 en el lugar acostumbrado, el hotel Bali de Benidorm, y en las fechas de siempre, el puente de la Constituci\u00f3n, del 5 al 8 de diciembre. De nuevo, este campeonato y el resto de [&hellip;]<\/p>\n","protected":false},"author":1,"featured_media":2358,"comment_status":"open","ping_status":"closed","sticky":false,"template":"","format":"standard","meta":{"footnotes":""},"categories":[1],"tags":[],"class_list":["post-2357","post","type-post","status-publish","format-standard","has-post-thumbnail","hentry","category-noticias"],"_links":{"self":[{"href":"https:\/\/www.bfv.cloud\/ajedrezeuropa\/wp-json\/wp\/v2\/posts\/2357","targetHints":{"allow":["GET"]}}],"collection":[{"href":"https:\/\/www.bfv.cloud\/ajedrezeuropa\/wp-json\/wp\/v2\/posts"}],"about":[{"href":"https:\/\/www.bfv.cloud\/ajedrezeuropa\/wp-json\/wp\/v2\/types\/post"}],"author":[{"embeddable":true,"href":"https:\/\/www.bfv.cloud\/ajedrezeuropa\/wp-json\/wp\/v2\/users\/1"}],"replies":[{"embeddable":true,"href":"https:\/\/www.bfv.cloud\/ajedrezeuropa\/wp-json\/wp\/v2\/comments?post=2357"}],"version-history":[{"count":1,"href":"https:\/\/www.bfv.cloud\/ajedrezeuropa\/wp-json\/wp\/v2\/posts\/2357\/revisions"}],"predecessor-version":[{"id":2359,"href":"https:\/\/www.bfv.cloud\/ajedrezeuropa\/wp-json\/wp\/v2\/posts\/2357\/revisions\/2359"}],"wp:featuredmedia":[{"embeddable":true,"href":"https:\/\/www.bfv.cloud\/ajedrezeuropa\/wp-json\/wp\/v2\/media\/2358"}],"wp:attachment":[{"href":"https:\/\/www.bfv.cloud\/ajedrezeuropa\/wp-json\/wp\/v2\/media?parent=2357"}],"wp:term":[{"taxonomy":"category","embeddable":true,"href":"https:\/\/www.bfv.cloud\/ajedrezeuropa\/wp-json\/wp\/v2\/categories?post=2357"},{"taxonomy":"post_tag","embeddable":true,"href":"https:\/\/www.bfv.cloud\/ajedrezeuropa\/wp-json\/wp\/v2\/tags?post=2357"}],"curies":[{"name":"wp","href":"https:\/\/api.w.org\/{rel}","templated":true}]}}