{"id":2360,"date":"2025-07-29T16:13:00","date_gmt":"2025-07-29T16:13:00","guid":{"rendered":"https:\/\/www.bfv.cloud\/ajedrezeuropa\/index.php\/2025\/07\/29\/video-de-mancha-centro-tv-sobre-nuestro-campus-de-ajedrez\/"},"modified":"2025-11-20T10:45:57","modified_gmt":"2025-11-20T10:45:57","slug":"video-de-mancha-centro-tv-sobre-nuestro-campus-de-ajedrez","status":"publish","type":"post","link":"https:\/\/www.bfv.cloud\/ajedrezeuropa\/video-de-mancha-centro-tv-sobre-nuestro-campus-de-ajedrez\/","title":{"rendered":"V\u00cdDEO DE MANCHA CENTRO TV SOBRE NUESTRO CAMPUS DE AJEDREZ"},"content":{"rendered":"<p>&nbsp;<\/p>\n<div class=\"separator\" style=\"clear: both;text-align: center\"><iframe allowfullscreen=\"\" class=\"BLOG_video_class\" height=\"354\" src=\"https:\/\/www.youtube.com\/embed\/TOzRUabOnrw\" width=\"426\" youtube-src-id=\"TOzRUabOnrw\"><\/iframe><\/div>\n<p><\/p>\n<p><span style=\"font-family: Open Sans;font-size: large\">Ayer comenz\u00f3 en el colegio Jes\u00fas Ruiz la 18\u00aa edici\u00f3n de nuestro campus de ajedrez. Las clases empezaron a las 10 de la ma\u00f1ana y a las 19:30 tuvo lugar la inauguraci\u00f3n oficial con la presencia de la alcaldesa de Alc\u00e1zar, Rosa Melchor, el alcalde de Villafranca, Juli\u00e1n Bola\u00f1os, as\u00ed como los concejales del ayuntamiento alcazare\u00f1o: Gonzalo Redondo y Pedro Noblejas; y el concejal de deportes de la corporaci\u00f3n villafranquera, Antonio Gal\u00e1n.&nbsp;<\/span><\/p>\n<p><span style=\"font-family: Open Sans;font-size: large\">El grupo de maestros, entrenadores y entrenadoras del campus tambi\u00e9n participaron activamente en el acto inaugural, junto a los 35 chicos y chicas participantes y numerosos familiares.<\/span><\/p>\n<p><span style=\"font-family: Open Sans;font-size: large\">Aqu\u00ed os dejamos el reportaje elaborado por Mancha Centro TV sobre nuestro campus, a\u00f1adiendo algunas fotos del desarrollo de las clases dentro de las aulas.<\/span><\/p>\n<p style=\"text-align: center\">\n<table cellpadding=\"0\" cellspacing=\"0\" class=\"tr-caption-container\" style=\"float: left\">\n<tbody>\n<tr>\n<td style=\"text-align: center\"><a href=\"https:\/\/www.bfv.cloud\/ajedrezeuropa\/wp-content\/uploads\/2025\/07\/1020MEDALLA20EN20EL20CAMPUS-1.jpg\" style=\"clear: left;margin-bottom: 1em;margin-left: auto;margin-right: auto\"><img fetchpriority=\"high\" decoding=\"async\" border=\"0\" data-original-height=\"1366\" data-original-width=\"2048\" height=\"213\" src=\"https:\/\/blogger.googleusercontent.com\/img\/b\/R29vZ2xl\/AVvXsEi2z2KbnO0V_J9a_OCBMpWdjq-A6MCwtQkIBE9fiTgiYcINLwoUmmNDRk95LElyZv01FFR4Ivt-3E68kHLMP35xaPZFqSHUS5YKa7RCDVoFyOdsGd2mWJgVLk-uR7yZaF2g-5byAmpp9wTCnc_MtiKy3N34uLSYtWqeMmCro8DcBAoCL_sPKBX0ZuXg68Y\/s320\/10%20MEDALLA%20EN%20EL%20CAMPUS.jpg\" width=\"320\" \/><\/a><\/td>\n<\/tr>\n<tr>\n<td class=\"tr-caption\" style=\"text-align: center\">La medalla de plata FIDE concedida al<br \/>proyecto del ajedrez en la escuela de Illescas,&nbsp;<br \/>junto a la nueva camiseta de competici\u00f3n<\/p>\n<\/td>\n<\/tr>\n<\/tbody>\n<\/table>\n<p><a href=\"https:\/\/www.bfv.cloud\/ajedrezeuropa\/wp-content\/uploads\/2025\/07\/1020CAMISETAS20NUEVAS20CLUB.jpg\" style=\"clear: right;margin-bottom: 1em;margin-left: 1em\"><img decoding=\"async\" border=\"0\" data-original-height=\"1366\" data-original-width=\"2048\" height=\"213\" src=\"https:\/\/blogger.googleusercontent.com\/img\/b\/R29vZ2xl\/AVvXsEhJtMpS78A5on8KW8ppzoBWAzMtCUcasYrpxvi7a1KnO3WXgIthFRB2eJIqsldAi_l1n-F3AZIwpHPYNagzw7wLQKPcIJQkcxRMF65niRinlCVoq145hLvfUEnW8-z5GY0jehcaKXH1G4cFQp8KiifltokLkCkTw8Q0daAVTxcIuTWteTP_I-FXsVkq7V8\/s320\/10%20CAMISETAS%20NUEVAS%20CLUB.jpg\" width=\"320\" \/><\/a><\/p>\n<p style=\"text-align: center\">\n<table align=\"center\" cellpadding=\"0\" cellspacing=\"0\" class=\"tr-caption-container\" style=\"margin-left: auto;margin-right: auto\">\n<tbody>\n<tr>\n<td style=\"text-align: center\"><a href=\"https:\/\/www.bfv.cloud\/ajedrezeuropa\/wp-content\/uploads\/2025\/07\/CLASE20GRUPO20F201.jpg\" style=\"margin-left: auto;margin-right: auto\"><img decoding=\"async\" border=\"0\" data-original-height=\"2048\" data-original-width=\"2048\" height=\"640\" src=\"https:\/\/blogger.googleusercontent.com\/img\/b\/R29vZ2xl\/AVvXsEgnbtzhKVVAr3MKZWILNJHmLeFlsTEcOSWMTkkl-dVJPGKu1S-SCZnAhR3g-M4iPPVNDW-v6n-MQv6fTZRwQHgw8zB2a524Y66dETH3-L033dprCS0MWoSiIlr4aV82dBPse0YQXkgn96zlEaaZNlzz2gbizg2BOiDuc1zricghh28Ex8CWPWMQLadY6yU\/w640-h640\/CLASE%20GRUPO%20F%201.jpg\" width=\"640\" \/><\/a><\/td>\n<\/tr>\n<tr>\n<td class=\"tr-caption\" style=\"text-align: center\">Un grupo de peque\u00f1as alumnas y alumnos del campus atendiendo a las explicaciones<\/td>\n<\/tr>\n<\/tbody>\n<\/table>\n<p><span style=\"font-family: Open Sans;font-size: large\"><br \/><\/span><\/p>\n<p style=\"text-align: center\">\n<table align=\"center\" cellpadding=\"0\" cellspacing=\"0\" class=\"tr-caption-container\" style=\"margin-left: auto;margin-right: auto\">\n<tbody>\n<tr>\n<td style=\"text-align: center\"><a href=\"https:\/\/www.bfv.cloud\/ajedrezeuropa\/wp-content\/uploads\/2025\/07\/CLASE20CON20UBILAVA201.jpg\" style=\"margin-left: auto;margin-right: auto\"><img loading=\"lazy\" decoding=\"async\" border=\"0\" data-original-height=\"2048\" data-original-width=\"2048\" height=\"640\" src=\"https:\/\/blogger.googleusercontent.com\/img\/b\/R29vZ2xl\/AVvXsEiE2ErywLk4MuCcgft62CAmhJTP3_lWzUccBxeybiiPXod4vPJOmLQMu1PLJuHL-Ua5hLOKzKa6ZsWXdq8ZqWjsq0uW71HDN_uW_StngAmFBN7ySeYWrTMNP9mlJgD6b5OSsUA4BarSU9jLiI73sxaysu8DRPxkZGpwqGbNziGgaB0KE-gy-Wp5Hosh0I0\/w640-h640\/CLASE%20CON%20UBILAVA%201.jpg\" width=\"640\" \/><\/a><\/td>\n<\/tr>\n<tr>\n<td class=\"tr-caption\" style=\"text-align: center\">El Gran Maestro Elizbar Ubilava observa el juego de un grupo de alumnos<\/td>\n<\/tr>\n<\/tbody>\n<\/table>\n<p><span style=\"font-family: Open Sans;font-size: large\"><br \/><\/span><\/p>\n<\/p>\n<table align=\"center\" cellpadding=\"0\" cellspacing=\"0\" class=\"tr-caption-container\" style=\"margin-left: auto;margin-right: auto\">\n<tbody>\n<tr>\n<td style=\"text-align: center\"><a href=\"https:\/\/www.bfv.cloud\/ajedrezeuropa\/wp-content\/uploads\/2025\/07\/120CLASE20GRUPO20E20EN20LICHESS.jpg\" style=\"margin-left: auto;margin-right: auto\"><img loading=\"lazy\" decoding=\"async\" border=\"0\" data-original-height=\"1397\" data-original-width=\"2020\" height=\"442\" src=\"https:\/\/blogger.googleusercontent.com\/img\/b\/R29vZ2xl\/AVvXsEi6hxIRW3hBVmrWWK5xqXT7g2JBOwY92VNpVlQEV3CdWutoONB5VpdX6e8qY5nu5sGLQZPgU_RetTQIQcWZd4j_ETgJf09qibquMK6IMea18Hr7KmZFHd96iyUzw7Iovb0czhgrYhexFHo-bAMNF1koZtxwUih3QmAW66w-vkfD1_FKzBKX5ZdsvqVZ460\/w640-h442\/1%20CLASE%20GRUPO%20E%20EN%20LICHESS.jpg\" width=\"640\" \/><\/a><\/td>\n<\/tr>\n<tr>\n<td class=\"tr-caption\" style=\"text-align: center\">Imagen durante el desarrollo de una clase<\/td>\n<\/tr>\n<\/tbody>\n<\/table>\n<p><\/p>\n<table align=\"center\" cellpadding=\"0\" cellspacing=\"0\" class=\"tr-caption-container\" style=\"margin-left: auto;margin-right: auto\">\n<tbody>\n<tr>\n<td style=\"text-align: center\"><a href=\"https:\/\/www.bfv.cloud\/ajedrezeuropa\/wp-content\/uploads\/2025\/07\/1020VISTA20SALON20DE20ACTOS20INAUGURACION.jpg\" style=\"margin-left: auto;margin-right: auto\"><img loading=\"lazy\" decoding=\"async\" border=\"0\" data-original-height=\"1366\" data-original-width=\"2048\" height=\"426\" src=\"https:\/\/blogger.googleusercontent.com\/img\/b\/R29vZ2xl\/AVvXsEgJ2Biih6fIeKhtleWg9pwmnn7aqSD7zDc0vtLb9rrRZcl9rbwDeryvqCDrz00AuartIeH111YBlza3xzlXEaOawghfI5J4_k7xHs_B_HXKsaJn49exUuaByxdUlW26s2ut4-hPfPFT36_59TqAZ1nLEcFMvfYFD-dLal4wohz5ai0Kfp-gIzOvKOs-GsM\/w640-h426\/10%20VISTA%20SALON%20DE%20ACTOS%20INAUGURACION.jpg\" width=\"640\" \/><\/a><\/td>\n<\/tr>\n<tr>\n<td class=\"tr-caption\" style=\"text-align: center\">Vista general del sal\u00f3n de actos (Foto: gabinete prensa ayuntamiento de Alc\u00e1zar)<\/p>\n<\/td>\n<\/tr>\n<\/tbody>\n<\/table>\n<p><span style=\"font-family: Open Sans;font-size: large\"><br \/><\/span><\/p>\n","protected":false},"excerpt":{"rendered":"<p>&nbsp; Ayer comenz\u00f3 en el colegio Jes\u00fas Ruiz la 18\u00aa edici\u00f3n de nuestro campus de ajedrez. Las clases empezaron a las 10 de la ma\u00f1ana y a las 19:30 tuvo lugar la inauguraci\u00f3n oficial con la presencia de la alcaldesa de Alc\u00e1zar, Rosa Melchor, el alcalde de Villafranca, Juli\u00e1n Bola\u00f1os, as\u00ed como los concejales del [&hellip;]<\/p>\n","protected":false},"author":1,"featured_media":2361,"comment_status":"open","ping_status":"closed","sticky":false,"template":"","format":"standard","meta":{"footnotes":""},"categories":[1],"tags":[],"class_list":["post-2360","post","type-post","status-publish","format-standard","has-post-thumbnail","hentry","category-noticias"],"_links":{"self":[{"href":"https:\/\/www.bfv.cloud\/ajedrezeuropa\/wp-json\/wp\/v2\/posts\/2360","targetHints":{"allow":["GET"]}}],"collection":[{"href":"https:\/\/www.bfv.cloud\/ajedrezeuropa\/wp-json\/wp\/v2\/posts"}],"about":[{"href":"https:\/\/www.bfv.cloud\/ajedrezeuropa\/wp-json\/wp\/v2\/types\/post"}],"author":[{"embeddable":true,"href":"https:\/\/www.bfv.cloud\/ajedrezeuropa\/wp-json\/wp\/v2\/users\/1"}],"replies":[{"embeddable":true,"href":"https:\/\/www.bfv.cloud\/ajedrezeuropa\/wp-json\/wp\/v2\/comments?post=2360"}],"version-history":[{"count":1,"href":"https:\/\/www.bfv.cloud\/ajedrezeuropa\/wp-json\/wp\/v2\/posts\/2360\/revisions"}],"predecessor-version":[{"id":2367,"href":"https:\/\/www.bfv.cloud\/ajedrezeuropa\/wp-json\/wp\/v2\/posts\/2360\/revisions\/2367"}],"wp:featuredmedia":[{"embeddable":true,"href":"https:\/\/www.bfv.cloud\/ajedrezeuropa\/wp-json\/wp\/v2\/media\/2361"}],"wp:attachment":[{"href":"https:\/\/www.bfv.cloud\/ajedrezeuropa\/wp-json\/wp\/v2\/media?parent=2360"}],"wp:term":[{"taxonomy":"category","embeddable":true,"href":"https:\/\/www.bfv.cloud\/ajedrezeuropa\/wp-json\/wp\/v2\/categories?post=2360"},{"taxonomy":"post_tag","embeddable":true,"href":"https:\/\/www.bfv.cloud\/ajedrezeuropa\/wp-json\/wp\/v2\/tags?post=2360"}],"curies":[{"name":"wp","href":"https:\/\/api.w.org\/{rel}","templated":true}]}}