{"id":2368,"date":"2010-08-09T16:31:00","date_gmt":"2010-08-09T16:31:00","guid":{"rendered":"https:\/\/www.bfv.cloud\/ajedrezeuropa\/index.php\/2010\/08\/09\/clausura-del-iii-campus-de-ajedrez-2010\/"},"modified":"2025-11-20T10:46:00","modified_gmt":"2025-11-20T10:46:00","slug":"clausura-del-iii-campus-de-ajedrez-2010","status":"publish","type":"post","link":"https:\/\/www.bfv.cloud\/ajedrezeuropa\/clausura-del-iii-campus-de-ajedrez-2010\/","title":{"rendered":"CLAUSURA DEL \u00abIII CAMPUS DE AJEDREZ 2010\u00bb"},"content":{"rendered":"<div class=\"separator\" style=\"clear: both;text-align: center\"><a href=\"https:\/\/www.bfv.cloud\/ajedrezeuropa\/wp-content\/uploads\/2010\/08\/LOSCHICOSENLACLAUSURA.jpg\" style=\"clear: left;float: left;margin-bottom: 1em;margin-right: 1em\"><img decoding=\"async\" border=\"0\" src=\"https:\/\/blogger.googleusercontent.com\/img\/b\/R29vZ2xl\/AVvXsEhOv1nzeAkGvGbEaNm7JMFDfA5QUQyqMwpBetKugiWWB7GYIKyFV34_WfF9tbXx86Vt5g22z3T7wEn6hYmfsxVLozX47YgSFKkmi0DbKngs5UFA80ytnAaWGkz7o7uAb1AlhbnKhgsAmiI\/s320\/LOS+CHICOS+EN+LA+CLAUSURA.jpg\" \/><\/a><\/div>\n<p>\nEl pasado s\u00e1bado se celebraba en la casa de la cultura de Villafranca de los Caballeros,&nbsp;la clausura del III Campus&nbsp;Nuestro ajedrez en Europa&nbsp; a la que asistieron&nbsp; el alcalde de Villafranca , Antonio Gal\u00e1n y la presidenta&nbsp;del IMD de Alc\u00e1zar, Ana Bel\u00e9n Tejado y por supuesto nuestro GM Herminio Herr\u00e1iz, que les mand\u00f3 a los alumnos el mensaje de seguir trabajando todo el a\u00f1o como en el campus, porque en el trabajo est\u00e1 la recompensa. <\/p>\n<div class=\"separator\" style=\"clear: both;text-align: center\"><a href=\"https:\/\/www.bfv.cloud\/ajedrezeuropa\/wp-content\/uploads\/2010\/08\/IIFOTODECLAUSURACAMPUS2010.jpg\" style=\"margin-left: 1em;margin-right: 1em\"><img decoding=\"async\" border=\"0\" src=\"https:\/\/blogger.googleusercontent.com\/img\/b\/R29vZ2xl\/AVvXsEi_fFa4ggbav1sWya5puTIY6ONeaIcXmEbFOhzp2vwlxKxKF8HLhZjGotscA-KiS-O5RqV4btXzkIRfcibXaPXjwGYlsGCJMM5MEhZsle54KM8uN-zLt4hvOV55wVQU51xaURyEabSex20\/s320\/II+FOTO+DE+CLAUSURA+CAMPUS+2010.jpg\" \/><\/a><\/div>\n<p>Las autoridades animaron a los chicos a seguir practicando este deporte,que tambien es arte, trabajando para superar cualquier objetivo que se marquen. Desde los ayuntamientos se desea que el campus se siga celebrando como hasta ahora, y se despidieron de los chicos con el deseo de verlos en la pr\u00f3xima concentraci\u00f3n de Navidad.<br \/>\nTambi\u00e9n damos las gracias a todos los padres y madres que, sin ellos, todo esto no ser\u00eda posible y&nbsp;a los alumnos que alentamos para que sigan trabajando como&nbsp;hasta&nbsp;ahora&nbsp; y esperamos&nbsp;verlos en los pr\u00f3ximos campus y concentraciones.<\/p>\n<div class=\"separator\" style=\"border-bottom: medium none;border-left: medium none;border-right: medium none;border-top: medium none;clear: both;text-align: center\">\n<\/div>\n","protected":false},"excerpt":{"rendered":"<p>El pasado s\u00e1bado se celebraba en la casa de la cultura de Villafranca de los Caballeros,&nbsp;la clausura del III Campus&nbsp;Nuestro ajedrez en Europa&nbsp; a la que asistieron&nbsp; el alcalde de Villafranca , Antonio Gal\u00e1n y la presidenta&nbsp;del IMD de Alc\u00e1zar, Ana Bel\u00e9n Tejado y por supuesto nuestro GM Herminio Herr\u00e1iz, que les mand\u00f3 a los [&hellip;]<\/p>\n","protected":false},"author":1,"featured_media":2369,"comment_status":"open","ping_status":"closed","sticky":false,"template":"","format":"standard","meta":{"footnotes":""},"categories":[1],"tags":[],"class_list":["post-2368","post","type-post","status-publish","format-standard","has-post-thumbnail","hentry","category-noticias"],"_links":{"self":[{"href":"https:\/\/www.bfv.cloud\/ajedrezeuropa\/wp-json\/wp\/v2\/posts\/2368","targetHints":{"allow":["GET"]}}],"collection":[{"href":"https:\/\/www.bfv.cloud\/ajedrezeuropa\/wp-json\/wp\/v2\/posts"}],"about":[{"href":"https:\/\/www.bfv.cloud\/ajedrezeuropa\/wp-json\/wp\/v2\/types\/post"}],"author":[{"embeddable":true,"href":"https:\/\/www.bfv.cloud\/ajedrezeuropa\/wp-json\/wp\/v2\/users\/1"}],"replies":[{"embeddable":true,"href":"https:\/\/www.bfv.cloud\/ajedrezeuropa\/wp-json\/wp\/v2\/comments?post=2368"}],"version-history":[{"count":1,"href":"https:\/\/www.bfv.cloud\/ajedrezeuropa\/wp-json\/wp\/v2\/posts\/2368\/revisions"}],"predecessor-version":[{"id":2371,"href":"https:\/\/www.bfv.cloud\/ajedrezeuropa\/wp-json\/wp\/v2\/posts\/2368\/revisions\/2371"}],"wp:featuredmedia":[{"embeddable":true,"href":"https:\/\/www.bfv.cloud\/ajedrezeuropa\/wp-json\/wp\/v2\/media\/2369"}],"wp:attachment":[{"href":"https:\/\/www.bfv.cloud\/ajedrezeuropa\/wp-json\/wp\/v2\/media?parent=2368"}],"wp:term":[{"taxonomy":"category","embeddable":true,"href":"https:\/\/www.bfv.cloud\/ajedrezeuropa\/wp-json\/wp\/v2\/categories?post=2368"},{"taxonomy":"post_tag","embeddable":true,"href":"https:\/\/www.bfv.cloud\/ajedrezeuropa\/wp-json\/wp\/v2\/tags?post=2368"}],"curies":[{"name":"wp","href":"https:\/\/api.w.org\/{rel}","templated":true}]}}