{"id":237,"date":"2018-01-21T21:06:00","date_gmt":"2018-01-21T21:06:00","guid":{"rendered":"https:\/\/www.bfv.cloud\/ajedrezeuropa\/index.php\/2018\/01\/21\/las-escuelas-de-illescas-y-villafranca-cuentan-con-17-participantes-en-el-escolar-federado-de-toledo\/"},"modified":"2025-11-20T10:15:00","modified_gmt":"2025-11-20T10:15:00","slug":"las-escuelas-de-illescas-y-villafranca-cuentan-con-17-participantes-en-el-escolar-federado-de-toledo","status":"publish","type":"post","link":"https:\/\/www.bfv.cloud\/ajedrezeuropa\/las-escuelas-de-illescas-y-villafranca-cuentan-con-17-participantes-en-el-escolar-federado-de-toledo\/","title":{"rendered":"LAS ESCUELAS DE ILLESCAS Y VILLAFRANCA CUENTAN CON 17 PARTICIPANTES EN EL ESCOLAR\/FEDERADO DE TOLEDO"},"content":{"rendered":"<table cellpadding=\"0\" cellspacing=\"0\" class=\"tr-caption-container\" style=\"float: right;margin-left: 1em;text-align: right\">\n<tbody>\n<tr>\n<td style=\"text-align: center\"><a href=\"https:\/\/www.bfv.cloud\/ajedrezeuropa\/wp-content\/uploads\/2018\/01\/IMG-20180121-WA0022.jpg\" style=\"clear: right;margin-bottom: 1em;margin-left: auto;margin-right: auto\"><img fetchpriority=\"high\" decoding=\"async\" border=\"0\" data-original-height=\"694\" data-original-width=\"1131\" height=\"243\" src=\"https:\/\/blogger.googleusercontent.com\/img\/b\/R29vZ2xl\/AVvXsEiwYst1L2s-O5YVRGAUmc7ysnggr3ALnrVApwHP02pFL5W9gx_yAcVicEY34sZ6DrpYWE_IerdVy6BZaztBeQlxMrOw9Hw27IdVi3dA5kc-zIi90F-AjApWEb9oD6Xyt_Za_IscBig43So\/s400\/IMG-20180121-WA0022.jpg\" width=\"400\" \/><\/a><\/td>\n<\/tr>\n<tr>\n<td class=\"tr-caption\" style=\"text-align: center\">Ignacio Roncero (S-10), uno de nuestros chicos en el escolar infantil<\/td>\n<\/tr>\n<\/tbody>\n<\/table>\n<p><span style=\"font-family: Trebuchet MS, sans-serif;font-size: large\"><b>El pasado s\u00e1bado comenzaba en Toledo la fase provincial del Deporte en Edad Escolar, que incluye las distintas categor\u00edas de los campeonatos por edades desde sub-8 hasta sub-18. Un total de 17 j\u00f3venes y ni\u00f1@s ajedrecistas representan a las escuelas de ajedrez de Illescas y Villafranca, adem\u00e1s de otros jugadores federados en los clubes que componen el proyecto Nuestro Ajedrez en Europa.<\/b><\/span><\/p>\n<table cellpadding=\"0\" cellspacing=\"0\" class=\"tr-caption-container\" style=\"float: left;margin-right: 1em;text-align: left\">\n<tbody>\n<tr>\n<td style=\"text-align: center\"><a href=\"https:\/\/www.bfv.cloud\/ajedrezeuropa\/wp-content\/uploads\/2018\/01\/IMG-20180121-WA0021.jpg\" style=\"clear: left;margin-bottom: 1em;margin-left: auto;margin-right: auto\"><img decoding=\"async\" border=\"0\" data-original-height=\"738\" data-original-width=\"531\" height=\"400\" src=\"https:\/\/blogger.googleusercontent.com\/img\/b\/R29vZ2xl\/AVvXsEgH70kSfTRYROwjplqNO29d_qmVs_9dm03PdejTyDYnIYe9WHmZ3nfYB-3Ud80HO97NwtJTANRxV89NEhVtO73io0KidxOScLHCZRuW5H0Kp5SXxZUbX-IL_XHv30R6imWkc7W8TSDWyZg\/s400\/IMG-20180121-WA0021.jpg\" width=\"287\" \/><\/a><\/td>\n<\/tr>\n<tr>\n<td class=\"tr-caption\" style=\"text-align: center\">Siara Ca\u00f1ada de la Escuela de Ajedrez de Illescas<\/td>\n<\/tr>\n<\/tbody>\n<\/table>\n<p><span style=\"font-family: Trebuchet MS, sans-serif;font-size: large\"><b>En esta ocasi\u00f3n, pasados varios a\u00f1os desde su desaparici\u00f3n, se ha incorporado la participaci\u00f3n de la Escuela de Ajedrez de Illescas, gracias al proyecto liderado por su ayuntamiento y que venimos desarrollando en esta ciudad toledana. No cabe duda de que la implantaci\u00f3n y alcance del proyecto educativo est\u00e1 llevando a una amplia difusi\u00f3n del ajedrez entre los escolares y las familias illescanas, y que est\u00e1 es una buena forma de potenciar una pr\u00e1ctica divertida y l\u00fadica, tambi\u00e9n en el \u00e1mbito del deporte.<\/b><\/span><\/p>\n<table cellpadding=\"0\" cellspacing=\"0\" class=\"tr-caption-container\" style=\"float: right;margin-left: 1em;text-align: right\">\n<tbody>\n<tr>\n<td style=\"text-align: center\"><a href=\"https:\/\/www.bfv.cloud\/ajedrezeuropa\/wp-content\/uploads\/2018\/01\/IMG-20180121-WA0017.jpg\" style=\"clear: right;margin-bottom: 1em;margin-left: auto;margin-right: auto\"><img decoding=\"async\" border=\"0\" data-original-height=\"835\" data-original-width=\"771\" height=\"320\" src=\"https:\/\/blogger.googleusercontent.com\/img\/b\/R29vZ2xl\/AVvXsEjH94q4n1uw7l8vUll7s18vOZI0tA1po22eJhoVPiFvmda8ymgCpPIhHP0ReQQPY5maQah4yo-XzlJhHWz1GvBAqZL6AfyKT11cYz0LwvvzPCFE9WK3gH_tcmPOkahkq2xUGSmn8qStWO0\/s320\/IMG-20180121-WA0017.jpg\" width=\"295\" \/><\/a><\/td>\n<\/tr>\n<tr>\n<td class=\"tr-caption\" style=\"text-align: center\">Aurora Corrales<\/td>\n<\/tr>\n<\/tbody>\n<\/table>\n<p>\n<span style=\"font-family: Trebuchet MS, sans-serif;font-size: large\"><b><i><u><br \/><\/u><\/i><\/b><\/span><br \/>\n<span style=\"font-family: Trebuchet MS, sans-serif;font-size: large\"><b><i><u><br \/><\/u><\/i><\/b><\/span><br \/>\n<span style=\"font-family: Trebuchet MS, sans-serif;font-size: large\"><b><i><u>Las escuelas de ajedrez de Illescas y Villafranca representadas por 17 participantes<\/u><\/i><\/b><\/span><br \/>\n<span style=\"font-family: Trebuchet MS, sans-serif;font-size: large\"><b>Los 17 j\u00f3venes ajedrecistas enrolados en el escolar y federado de Toledo de esta temporada vuelva a ser el exponente de la calidad y transversalidad de nuestro proyecto.&nbsp;<\/b><\/span><\/p>\n<table cellpadding=\"0\" cellspacing=\"0\" class=\"tr-caption-container\" style=\"float: left;margin-right: 1em;text-align: left\">\n<tbody>\n<tr>\n<td style=\"text-align: center\"><a href=\"https:\/\/www.bfv.cloud\/ajedrezeuropa\/wp-content\/uploads\/2018\/01\/IMG-20180121-WA0014.jpg\" style=\"clear: left;margin-bottom: 1em;margin-left: auto;margin-right: auto\"><img loading=\"lazy\" decoding=\"async\" border=\"0\" data-original-height=\"1021\" data-original-width=\"800\" height=\"320\" src=\"https:\/\/blogger.googleusercontent.com\/img\/b\/R29vZ2xl\/AVvXsEg0TZNEmmvWpquOOYXl-b0zvAn3ezMRY-MfcYK6NgCc9q10zzUwtI09cPiw71uJuGg-EMnAD4a9koDUY0zJ-jzKMsAARkzf-2OKQk-YNSMLhcZliuqCCV2qdZ2XguWNVibxQ8srQ4TOQ0o\/s320\/IMG-20180121-WA0014.jpg\" width=\"250\" \/><\/a><\/td>\n<\/tr>\n<tr>\n<td class=\"tr-caption\" style=\"text-align: center\">Gabriel Amador<\/td>\n<\/tr>\n<\/tbody>\n<\/table>\n<p><span style=\"font-family: Trebuchet MS, sans-serif;font-size: large\"><b><\/b><\/span><br \/>\n<span style=\"font-family: Trebuchet MS, sans-serif;font-size: large\"><b><span style=\"font-family: Trebuchet MS, sans-serif;font-size: large\"><b><br \/><\/b><\/span><\/b><\/span><br \/>\n<span style=\"font-family: Trebuchet MS, sans-serif;font-size: large\"><b><span style=\"font-family: Trebuchet MS, sans-serif;font-size: large\"><b><br \/><\/b><\/span><\/b><\/span><br \/>\n<span style=\"font-family: Trebuchet MS, sans-serif;font-size: large\"><b>Dentro de las dos categor\u00edas del escolar son 15 los chicos y chicas participantes: 2 chicos y 2 chicas en la categor\u00eda cadete; 9 chicos y 2 chicas en categor\u00eda infantil.&nbsp;<\/b><\/span><br \/>\n<span style=\"font-family: Trebuchet MS, sans-serif;font-size: large\"><b>Si nos referimos a los distintos grupos de edad tenemos:<\/b><\/span><br \/>\n<span style=\"font-family: Trebuchet MS, sans-serif;font-size: large\"><b>&#8211; Sub-18: Irene Sim\u00f3n y Roberto L\u00f3pez<\/b><\/span><br \/>\n<span style=\"font-family: Trebuchet MS, sans-serif;font-size: large\"><b>&#8211; Sub-16: Mar\u00eda Oliver, M\u00f3nica Monreal, Alfredo Amador y Luis Villarrubia.<\/b><\/span><br \/>\n<span style=\"font-family: Trebuchet MS, sans-serif;font-size: large\"><b>&#8211; Sub-14: Aurora Corrales.<\/b><\/span><br \/>\n<span style=\"font-family: Trebuchet MS, sans-serif;font-size: large\"><b>&#8211; Sub-12: Siara Ca\u00f1ada (Illescas), Alonso L\u00f3pez, Carlos P\u00e9rez, Gabriel Amador y Nicol\u00e1s Corrales.<\/b><\/span><br \/>\n<span style=\"font-family: Trebuchet MS, sans-serif;font-size: large\"><b>&#8211; Sub-10: \u00c1ngel Javier Pozos, Julio Oliver, Crist\u00f3bal Corrales, Roberto Fern\u00e1ndez-Mazarambroz e Ignacio Roncero.<\/b><\/span><\/p>\n<table cellpadding=\"0\" cellspacing=\"0\" class=\"tr-caption-container\" style=\"float: right;margin-left: 1em;text-align: right\">\n<tbody>\n<tr>\n<td style=\"text-align: center\"><a href=\"https:\/\/www.bfv.cloud\/ajedrezeuropa\/wp-content\/uploads\/2018\/01\/IMG-20180121-WA0027.jpg\" style=\"clear: left;margin-bottom: 1em;margin-left: auto;margin-right: auto\"><img loading=\"lazy\" decoding=\"async\" border=\"0\" data-original-height=\"992\" data-original-width=\"1006\" height=\"315\" src=\"https:\/\/blogger.googleusercontent.com\/img\/b\/R29vZ2xl\/AVvXsEg0IuK8kK4VYcJdzn4hqOiXrmTJHqcuU52_2aKefuNuteIpRotNvMLaj94vQePPIhIv2vNf4tvitCFZRvF7JqB8z0iQRYVTBfJMvGViT-v9mGus8nWQL4yWVsneGy01z1WwO3F1uYiFQHI\/s320\/IMG-20180121-WA0027.jpg\" width=\"320\" \/><\/a><\/td>\n<\/tr>\n<tr>\n<td class=\"tr-caption\" style=\"text-align: center\">Mar\u00eda Oliver<\/td>\n<\/tr>\n<\/tbody>\n<\/table>\n<p><span style=\"font-family: Trebuchet MS, sans-serif;font-size: large\"><b>Este s\u00e1bado se jugaba una sola ronda en el juvenil y en el cadete y dos en el infantil.&nbsp;<\/b><\/span><br \/>\n<span style=\"font-family: Trebuchet MS, sans-serif;font-size: large\"><b>Las posibilidades de clasificaci\u00f3n de varios de nuestros chicos y chicas para la fase regional del Deporte en Edad Escolar en ambas categor\u00edas son muy destacables, al igual que el dominio en la categor\u00eda sub-18 y sub-16, tanto en el apartado femenino como masculino. En sub-14, sub-12 y sub-10, se parte de una situaci\u00f3n muy igualada y ser\u00e1 el juego y la suerte en los emparejamientos del suizo la que decida.<\/b><\/span><\/p>\n","protected":false},"excerpt":{"rendered":"<p>Ignacio Roncero (S-10), uno de nuestros chicos en el escolar infantil El pasado s\u00e1bado comenzaba en Toledo la fase provincial del Deporte en Edad Escolar, que incluye las distintas categor\u00edas de los campeonatos por edades desde sub-8 hasta sub-18. Un total de 17 j\u00f3venes y ni\u00f1@s ajedrecistas representan a las escuelas de ajedrez de Illescas [&hellip;]<\/p>\n","protected":false},"author":1,"featured_media":238,"comment_status":"open","ping_status":"closed","sticky":false,"template":"","format":"standard","meta":{"footnotes":""},"categories":[1],"tags":[],"class_list":["post-237","post","type-post","status-publish","format-standard","has-post-thumbnail","hentry","category-noticias"],"_links":{"self":[{"href":"https:\/\/www.bfv.cloud\/ajedrezeuropa\/wp-json\/wp\/v2\/posts\/237","targetHints":{"allow":["GET"]}}],"collection":[{"href":"https:\/\/www.bfv.cloud\/ajedrezeuropa\/wp-json\/wp\/v2\/posts"}],"about":[{"href":"https:\/\/www.bfv.cloud\/ajedrezeuropa\/wp-json\/wp\/v2\/types\/post"}],"author":[{"embeddable":true,"href":"https:\/\/www.bfv.cloud\/ajedrezeuropa\/wp-json\/wp\/v2\/users\/1"}],"replies":[{"embeddable":true,"href":"https:\/\/www.bfv.cloud\/ajedrezeuropa\/wp-json\/wp\/v2\/comments?post=237"}],"version-history":[{"count":1,"href":"https:\/\/www.bfv.cloud\/ajedrezeuropa\/wp-json\/wp\/v2\/posts\/237\/revisions"}],"predecessor-version":[{"id":243,"href":"https:\/\/www.bfv.cloud\/ajedrezeuropa\/wp-json\/wp\/v2\/posts\/237\/revisions\/243"}],"wp:featuredmedia":[{"embeddable":true,"href":"https:\/\/www.bfv.cloud\/ajedrezeuropa\/wp-json\/wp\/v2\/media\/238"}],"wp:attachment":[{"href":"https:\/\/www.bfv.cloud\/ajedrezeuropa\/wp-json\/wp\/v2\/media?parent=237"}],"wp:term":[{"taxonomy":"category","embeddable":true,"href":"https:\/\/www.bfv.cloud\/ajedrezeuropa\/wp-json\/wp\/v2\/categories?post=237"},{"taxonomy":"post_tag","embeddable":true,"href":"https:\/\/www.bfv.cloud\/ajedrezeuropa\/wp-json\/wp\/v2\/tags?post=237"}],"curies":[{"name":"wp","href":"https:\/\/api.w.org\/{rel}","templated":true}]}}