{"id":2382,"date":"2016-04-20T20:30:00","date_gmt":"2016-04-20T20:30:00","guid":{"rendered":"https:\/\/www.bfv.cloud\/ajedrezeuropa\/index.php\/2016\/04\/20\/actualizacion-del-calendario-de-torneos-y-actividades-mayo-junio-julio\/"},"modified":"2025-11-20T10:46:13","modified_gmt":"2025-11-20T10:46:13","slug":"actualizacion-del-calendario-de-torneos-y-actividades-mayo-junio-julio","status":"publish","type":"post","link":"https:\/\/www.bfv.cloud\/ajedrezeuropa\/actualizacion-del-calendario-de-torneos-y-actividades-mayo-junio-julio\/","title":{"rendered":"ACTUALIZACI\u00d3N DEL CALENDARIO DE TORNEOS Y ACTIVIDADES MAYO-JUNIO-JULIO"},"content":{"rendered":"<div class=\"separator\" style=\"clear: both;text-align: center\">\n<\/div>\n<h3 style=\"clear: both;text-align: center\">\n<span style=\"color: #cc0000;font-family: Verdana, sans-serif\">Hoy mi\u00e9rcoles se han dado a conocer las fechas del CAMPEONATO REGIONAL DEL DEPORTE EN EDAD ESCOLAR donde est\u00e1n clasificados 9 de nuestros jugadores. Finalmente ser\u00e1 del 28 al 31 de mayo en el Albergue Alonso Quijano de las Lagunas de Ruidera.<\/span><a href=\"https:\/\/www.bfv.cloud\/ajedrezeuropa\/wp-content\/uploads\/2016\/04\/MAYO252CJUNIOYJULIO.jpg\" style=\"margin-left: 1em;margin-right: 1em\"><img fetchpriority=\"high\" decoding=\"async\" border=\"0\" height=\"340\" src=\"https:\/\/blogger.googleusercontent.com\/img\/b\/R29vZ2xl\/AVvXsEhNs732IHeNOsKgszpHQ_cIK5goEswjcgruGCpnUCSJlC8EebllAlxbpldBuYDuViKqaHdHz7kk6DI4d_vXHVrmJisMLgFJ-St0kCd6UuUYiT81oMmDy2LFXufPw7NjcfYgWYy5KbU0TeU\/s640\/MAYO%252C+JUNIO+Y+JULIO.jpg\" width=\"640\" \/><\/a><\/h3>\n<p><span style=\", sans-serif\"><b>Publicamos la previsi\u00f3n del calendario de torneos y actividades para los meses de mayo, junio y julio de 2016.&nbsp;<\/b><\/span><br \/>\n<span style=\", sans-serif\"><b><br \/><\/b><\/span><br \/>\n<span style=\"color: blue;, sans-serif\"><b>Los campeonatos se\u00f1alados son aquellos donde est\u00e1 prevista la participaci\u00f3n de nuestros clubes y jugadores:<\/b><\/span><br \/>\n<span style=\"color: blue;, sans-serif\"><b>&#8211; CAMPEONATO PROVINCIAL DE TOLEDO CLUBES S-16 (7 y 8 de mayo).<\/b><\/span><br \/>\n<span style=\"color: blue;, sans-serif\"><b>&#8211; CAMPEONATO REGIONAL EN EDAD ESCOLAR (28,29,30 Y 31 de mayo en el albergue Alonso Quijano en Las lagunas de Ruidera)<\/b><\/span><br \/>\n<span style=\"color: blue;, sans-serif\"><b>&#8211; CAMPEONATO REGIONAL POR EQUIPOS ABSOLUTO (Del 12 al 15 de mayo en el hotel Beatriz de Albacete).<\/b><\/span><br \/>\n<span style=\"color: #274e13;, sans-serif\"><b><br \/><\/b><\/span><br \/>\n<span style=\"color: #274e13;, sans-serif\"><b>En lo que se refiere a la 9\u00aa edici\u00f3n del Campus de Verano, est\u00e1n son las fechas a tener en cuenta:<\/b><\/span><br \/>\n<span style=\"color: #274e13;, sans-serif\"><b><u>El 4 de junio se celebrar\u00e1n las reuniones informativas para los padres de alumnos, seg\u00fan el siguiente horario:<\/u><\/b><\/span><br \/>\n<span style=\"color: #274e13;, sans-serif\"><b>&#8211; <u>ALC\u00c1ZAR, A LAS 13,30 HORAS EN LA COVADONGA.<\/u><\/b><\/span><br \/>\n<span style=\"color: #274e13;, sans-serif\"><b>&#8211; <u>VILLAFRANCA, A LAS 20,30 HORAS EN LA CASA DE LA CULTURA.<\/u><\/b><\/span><br \/>\n<span style=\"color: #274e13;, sans-serif\"><b><u><br \/><\/u><\/b><\/span><br \/>\n<\/p>\n<h3 style=\"text-align: center\">\n<span style=\"color: #274e13;, sans-serif\"><u>IX CAMPUS DE VERANO&nbsp;<\/u><\/span><\/h3>\n<h3 style=\"text-align: center\">\n<span style=\"color: #274e13;, sans-serif\"><u>\u00abNUESTRO AJEDREZ EN EUROPA\u00bb<\/u><\/span><\/h3>\n<div style=\"text-align: center\">\n<span style=\"color: #274e13;, sans-serif\"><u><b>Del 25 al 30 de julio de 2016<\/b><\/u><\/span><\/div>\n<p><span style=\", sans-serif\"><b><u><br \/><\/u><\/b><\/span><br \/>\n<span style=\", sans-serif\"><b><u><br \/><\/u><\/b><\/span><br \/>\n<span style=\"color: #660000;, sans-serif\"><b>Ante la pr\u00f3xima finalizaci\u00f3n de la temporada 2015\/2016 en las escuelas deportivas de ajedrez de Alc\u00e1zar de San Juan y Villafranca de los Caballeros, tambi\u00e9n anunciamos que el 18 de junio concluir\u00e1n las clases en Alc\u00e1zar y el 25 de junio en Villafranca.<\/b><\/span><\/p>\n","protected":false},"excerpt":{"rendered":"<p>Hoy mi\u00e9rcoles se han dado a conocer las fechas del CAMPEONATO REGIONAL DEL DEPORTE EN EDAD ESCOLAR donde est\u00e1n clasificados 9 de nuestros jugadores. Finalmente ser\u00e1 del 28 al 31 de mayo en el Albergue Alonso Quijano de las Lagunas de Ruidera. Publicamos la previsi\u00f3n del calendario de torneos y actividades para los meses de [&hellip;]<\/p>\n","protected":false},"author":1,"featured_media":2383,"comment_status":"open","ping_status":"closed","sticky":false,"template":"","format":"standard","meta":{"footnotes":""},"categories":[1],"tags":[],"class_list":["post-2382","post","type-post","status-publish","format-standard","has-post-thumbnail","hentry","category-noticias"],"_links":{"self":[{"href":"https:\/\/www.bfv.cloud\/ajedrezeuropa\/wp-json\/wp\/v2\/posts\/2382","targetHints":{"allow":["GET"]}}],"collection":[{"href":"https:\/\/www.bfv.cloud\/ajedrezeuropa\/wp-json\/wp\/v2\/posts"}],"about":[{"href":"https:\/\/www.bfv.cloud\/ajedrezeuropa\/wp-json\/wp\/v2\/types\/post"}],"author":[{"embeddable":true,"href":"https:\/\/www.bfv.cloud\/ajedrezeuropa\/wp-json\/wp\/v2\/users\/1"}],"replies":[{"embeddable":true,"href":"https:\/\/www.bfv.cloud\/ajedrezeuropa\/wp-json\/wp\/v2\/comments?post=2382"}],"version-history":[{"count":1,"href":"https:\/\/www.bfv.cloud\/ajedrezeuropa\/wp-json\/wp\/v2\/posts\/2382\/revisions"}],"predecessor-version":[{"id":2384,"href":"https:\/\/www.bfv.cloud\/ajedrezeuropa\/wp-json\/wp\/v2\/posts\/2382\/revisions\/2384"}],"wp:featuredmedia":[{"embeddable":true,"href":"https:\/\/www.bfv.cloud\/ajedrezeuropa\/wp-json\/wp\/v2\/media\/2383"}],"wp:attachment":[{"href":"https:\/\/www.bfv.cloud\/ajedrezeuropa\/wp-json\/wp\/v2\/media?parent=2382"}],"wp:term":[{"taxonomy":"category","embeddable":true,"href":"https:\/\/www.bfv.cloud\/ajedrezeuropa\/wp-json\/wp\/v2\/categories?post=2382"},{"taxonomy":"post_tag","embeddable":true,"href":"https:\/\/www.bfv.cloud\/ajedrezeuropa\/wp-json\/wp\/v2\/tags?post=2382"}],"curies":[{"name":"wp","href":"https:\/\/api.w.org\/{rel}","templated":true}]}}