{"id":2385,"date":"2016-10-12T10:05:00","date_gmt":"2016-10-12T10:05:00","guid":{"rendered":"https:\/\/www.bfv.cloud\/ajedrezeuropa\/index.php\/2016\/10\/12\/nuestros-jugadores-en-el-27o-torneo-san-viator\/"},"modified":"2025-11-20T10:46:20","modified_gmt":"2025-11-20T10:46:20","slug":"nuestros-jugadores-en-el-27o-torneo-san-viator","status":"publish","type":"post","link":"https:\/\/www.bfv.cloud\/ajedrezeuropa\/nuestros-jugadores-en-el-27o-torneo-san-viator\/","title":{"rendered":"NUESTROS JUGADORES EN EL 27\u00ba TORNEO SAN VIATOR"},"content":{"rendered":"<table cellpadding=\"0\" cellspacing=\"0\" class=\"tr-caption-container\" style=\"float: right;margin-left: 1em;text-align: right\">\n<tbody>\n<tr>\n<td style=\"text-align: center\"><a href=\"https:\/\/www.bfv.cloud\/ajedrezeuropa\/wp-content\/uploads\/2016\/10\/IMG-20161009-WA000.jpg\" style=\"clear: right;margin-bottom: 1em;margin-left: auto;margin-right: auto\"><img fetchpriority=\"high\" decoding=\"async\" border=\"0\" height=\"168\" src=\"https:\/\/blogger.googleusercontent.com\/img\/b\/R29vZ2xl\/AVvXsEh1YU6xq6Tjtj2-eeRCML2TjMb2AwcMKvLlNT6ZwGkYSKhzsDlVVj81q6maUO-8dZ36T-7kihx8047ATb5bPOCkgXfs6nx-iX0CMvSI1KK0JUWVzHKBUd16GyzbLVwgZwXqNENJ7hh5e3s\/s320\/IMG-20161009-WA000.jpg\" width=\"320\" \/><\/a><\/td>\n<\/tr>\n<tr>\n<td class=\"tr-caption\" style=\"text-align: center\">Roberto L\u00f3pez en el grupo A del torneo<\/td>\n<\/tr>\n<\/tbody>\n<\/table>\n<p>&nbsp;<span style=\"font-size: x-large\">El \u00faltimo trimestre de la temporada presenta un gran n\u00famero de torneos donde poder seguir practicando y mejorando el juego de&nbsp;<\/span><\/p>\n<table cellpadding=\"0\" cellspacing=\"0\" class=\"tr-caption-container\" style=\"float: left;text-align: left\">\n<tbody>\n<tr>\n<td style=\"text-align: center\"><a href=\"https:\/\/www.bfv.cloud\/ajedrezeuropa\/wp-content\/uploads\/2016\/10\/IMG-20161009-WA005.jpg\" style=\"clear: left;margin-bottom: 1em;margin-left: auto;margin-right: auto\"><img decoding=\"async\" border=\"0\" height=\"158\" src=\"https:\/\/blogger.googleusercontent.com\/img\/b\/R29vZ2xl\/AVvXsEin4fq0sMGQ4mB-GjUGJJVhmcCt4ad0A5OTFIhHdnHcb06uWEJKXPpl8AYR40v4s3mKYOPl-2z4ScMJ5IumtQvfvI7_hVW2tryKjANTdPrXqNXPZnMojrQguVw8NBy_vz5XFyBe9OQ3iU0\/s320\/IMG-20161009-WA005.jpg\" width=\"320\" \/><\/a><\/td>\n<\/tr>\n<tr>\n<td class=\"tr-caption\" style=\"text-align: center\">Irene Sim\u00f3n mantiene su esp\u00edritu de lucha y sigue<br \/>\nmejorando el nivel de juego<\/td>\n<\/tr>\n<\/tbody>\n<\/table>\n<table cellpadding=\"0\" cellspacing=\"0\" class=\"tr-caption-container\" style=\"float: right;text-align: right\">\n<tbody>\n<tr>\n<td style=\"text-align: center\"><a href=\"https:\/\/www.bfv.cloud\/ajedrezeuropa\/wp-content\/uploads\/2016\/10\/IMG-20161009-WA004.jpg\" style=\"clear: right;margin-bottom: 1em;margin-left: auto;margin-right: auto\"><img decoding=\"async\" border=\"0\" height=\"241\" src=\"https:\/\/blogger.googleusercontent.com\/img\/b\/R29vZ2xl\/AVvXsEg-7FnCWmTryJ3-uSYMMw-SNKcuIbOynZ-s8nZe0Xsf8l3XY8kB7Cs7vP4SK7E5hMhyphenhypheniasP2DVJErmKlTRmPCsl9ScohOW0tgFxtyjCEqebZHOLVH5m08BPQQHjMtvE25HObUgxcdciebk\/s320\/IMG-20161009-WA004.jpg\" width=\"320\" \/><\/a><\/td>\n<\/tr>\n<tr>\n<td class=\"tr-caption\" style=\"text-align: center\">Nuria Lozano en 2016 mantiene una gran progresi\u00f3n<\/td>\n<\/tr>\n<\/tbody>\n<\/table>\n<p><span style=\"font-size: x-large\">nuestros j\u00f3venes ajedrecistas. La 27\u00aa edici\u00f3n del reconocido torneo madrile\u00f1o de San Viator vuelve a ser un buen lugar de reuni\u00f3n&nbsp;<\/span><br \/>\n<span style=\"font-size: x-large\">para ni\u00f1os, j\u00f3venes y adultos.&nbsp;<\/span><br \/>\n<span style=\"font-size: x-large\">8 de los jugadores sub-16 de los clubes de Nuestro Ajedrez en Europa disputan desde hace 3 fines de semana este cl\u00e1sico de los torneos de la capital de Espa\u00f1a.<\/span><\/p>\n<table align=\"center\" cellpadding=\"0\" cellspacing=\"0\" class=\"tr-caption-container\" style=\"margin-left: auto;margin-right: auto;text-align: center\">\n<tbody>\n<tr>\n<td style=\"text-align: center\"><a href=\"https:\/\/www.bfv.cloud\/ajedrezeuropa\/wp-content\/uploads\/2016\/10\/IMG-20161009-WA001.jpg\" style=\"margin-left: auto;margin-right: auto\"><img loading=\"lazy\" decoding=\"async\" border=\"0\" height=\"209\" src=\"https:\/\/blogger.googleusercontent.com\/img\/b\/R29vZ2xl\/AVvXsEgdPaesk02YGZeeEcfFmdqy8biwroNF_3LJ1D_IKc5pwPAOxGdvSvZ07LR8rsE-ZEfGahi47IqzACgZK_dnuwBF7N7GFyBJmIFIThdB42BVL5TA7nt_T8yCDk48h8tXobBt9z23Z8yLLG4\/s320\/IMG-20161009-WA001.jpg\" width=\"320\" \/><\/a><\/td>\n<\/tr>\n<tr>\n<td class=\"tr-caption\" style=\"text-align: center\">Una de las nuevas incorporaciones a este tipo de torneos<br \/>\nes Arsenio L\u00f3pez de la Escuela de Ajedrez de Alc\u00e1zar<\/td>\n<\/tr>\n<\/tbody>\n<\/table>\n<p><\/p>\n<table cellpadding=\"0\" cellspacing=\"0\" class=\"tr-caption-container\" style=\"float: left;margin-right: 1em;text-align: left\">\n<tbody>\n<tr>\n<td style=\"text-align: center\"><a href=\"https:\/\/www.bfv.cloud\/ajedrezeuropa\/wp-content\/uploads\/2016\/10\/IMG-20161009-WA002.jpg\" style=\"clear: left;margin-bottom: 1em;margin-left: auto;margin-right: auto\"><img loading=\"lazy\" decoding=\"async\" border=\"0\" height=\"247\" src=\"https:\/\/blogger.googleusercontent.com\/img\/b\/R29vZ2xl\/AVvXsEiw_QE3NYNot_5HDn9AdYFWxcysV9SobLcc5EhwT3KKzz6kFA3bmtYmaotlSiLPwaD7vpGKuo32ecZqOAs0smneAEYXtGk64vk850HwjP_IHnsLdn1fGX0rHwHRZxtyKkgV1ZEKcoN2f1I\/s320\/IMG-20161009-WA002.jpg\" width=\"320\" \/><\/a><\/td>\n<\/tr>\n<tr>\n<td class=\"tr-caption\" style=\"text-align: center\">En este momento ya se puede considerar que una de las<br \/>\n&nbsp;revelaciones de la<br \/>\nsegunda parte de la temporada ser\u00e1 el alcazare\u00f1o<br \/>\nDaniel Climent<\/td>\n<\/tr>\n<\/tbody>\n<\/table>\n<p>&nbsp;<span style=\"font-size: x-large\">En el torneo \u00abA\u00bb, para jugadores con un ELO FIDE superior a 1750, encontramos a Roberto L\u00f3pez en su primera ocasi\u00f3n dentro de la competici\u00f3n para un mayor rango de valoraci\u00f3n internacional. Antes de comenzar la ronda de hoy 12 de octubre, Roberto, suma 2,5 puntos de los 3 posibles, lo que le lleva a jugar en la mesa 3.<\/span><\/p>\n<table cellpadding=\"0\" cellspacing=\"0\" class=\"tr-caption-container\" style=\"float: right;text-align: right\">\n<tbody>\n<tr>\n<td style=\"text-align: center\"><a href=\"https:\/\/www.bfv.cloud\/ajedrezeuropa\/wp-content\/uploads\/2016\/10\/IMG-20161009-WA003.jpg\" style=\"clear: right;margin-bottom: 1em;margin-left: auto;margin-right: auto\"><img loading=\"lazy\" decoding=\"async\" border=\"0\" height=\"181\" src=\"https:\/\/blogger.googleusercontent.com\/img\/b\/R29vZ2xl\/AVvXsEivgy_np9HdzUDYznYGa2WTKMQH5j_KITWg50u5pABUIHZT8omtOhbHcB9Z0jMRo9IqD5l8lfmw3o1N7msON0R1UnP9ye5T3QEidXtj5dUZSemc2-OyMhEG0Pnoq8-rEyYbvryrLhbp1I8\/s320\/IMG-20161009-WA003.jpg\" width=\"320\" \/><\/a><\/td>\n<\/tr>\n<tr>\n<td class=\"tr-caption\" style=\"text-align: center\">Alonso L\u00f3pez afronta cualquier reto y, muy pronto,<br \/>\ntendr\u00e1 algunos importantes<\/td>\n<\/tr>\n<\/tbody>\n<\/table>\n<p><span style=\"font-size: x-large\">Por su parte, el torneo \u00abB\u00bb, &nbsp;cuenta con 108 ajedrecistas de los cuales 7 pertenecen a las escuelas de Alc\u00e1zar y Villafranca. Hasta ahora, Irene, suma 2,5 puntos; Alonso y Daniel tienen 1,5 puntos, con 1 est\u00e1 Nuria y con 1\/2 punto est\u00e1n los hermanos Alfredo y Gabriel Amador, despu\u00e9s de no haber podido jugar varias rondas de las disputadas.<\/span><br \/>\n<span style=\"font-size: x-large\">\u00a1\u00a1Feliz torneo a todos!!<\/span><\/p>\n","protected":false},"excerpt":{"rendered":"<p>Roberto L\u00f3pez en el grupo A del torneo &nbsp;El \u00faltimo trimestre de la temporada presenta un gran n\u00famero de torneos donde poder seguir practicando y mejorando el juego de&nbsp; Irene Sim\u00f3n mantiene su esp\u00edritu de lucha y sigue mejorando el nivel de juego Nuria Lozano en 2016 mantiene una gran progresi\u00f3n nuestros j\u00f3venes ajedrecistas. La [&hellip;]<\/p>\n","protected":false},"author":1,"featured_media":2386,"comment_status":"open","ping_status":"closed","sticky":false,"template":"","format":"standard","meta":{"footnotes":""},"categories":[1],"tags":[],"class_list":["post-2385","post","type-post","status-publish","format-standard","has-post-thumbnail","hentry","category-noticias"],"_links":{"self":[{"href":"https:\/\/www.bfv.cloud\/ajedrezeuropa\/wp-json\/wp\/v2\/posts\/2385","targetHints":{"allow":["GET"]}}],"collection":[{"href":"https:\/\/www.bfv.cloud\/ajedrezeuropa\/wp-json\/wp\/v2\/posts"}],"about":[{"href":"https:\/\/www.bfv.cloud\/ajedrezeuropa\/wp-json\/wp\/v2\/types\/post"}],"author":[{"embeddable":true,"href":"https:\/\/www.bfv.cloud\/ajedrezeuropa\/wp-json\/wp\/v2\/users\/1"}],"replies":[{"embeddable":true,"href":"https:\/\/www.bfv.cloud\/ajedrezeuropa\/wp-json\/wp\/v2\/comments?post=2385"}],"version-history":[{"count":1,"href":"https:\/\/www.bfv.cloud\/ajedrezeuropa\/wp-json\/wp\/v2\/posts\/2385\/revisions"}],"predecessor-version":[{"id":2392,"href":"https:\/\/www.bfv.cloud\/ajedrezeuropa\/wp-json\/wp\/v2\/posts\/2385\/revisions\/2392"}],"wp:featuredmedia":[{"embeddable":true,"href":"https:\/\/www.bfv.cloud\/ajedrezeuropa\/wp-json\/wp\/v2\/media\/2386"}],"wp:attachment":[{"href":"https:\/\/www.bfv.cloud\/ajedrezeuropa\/wp-json\/wp\/v2\/media?parent=2385"}],"wp:term":[{"taxonomy":"category","embeddable":true,"href":"https:\/\/www.bfv.cloud\/ajedrezeuropa\/wp-json\/wp\/v2\/categories?post=2385"},{"taxonomy":"post_tag","embeddable":true,"href":"https:\/\/www.bfv.cloud\/ajedrezeuropa\/wp-json\/wp\/v2\/tags?post=2385"}],"curies":[{"name":"wp","href":"https:\/\/api.w.org\/{rel}","templated":true}]}}