{"id":2393,"date":"2017-01-16T21:21:00","date_gmt":"2017-01-16T21:21:00","guid":{"rendered":"https:\/\/www.bfv.cloud\/ajedrezeuropa\/index.php\/2017\/01\/16\/en-juego-el-escolar-de-ciudad-real\/"},"modified":"2025-11-20T10:46:29","modified_gmt":"2025-11-20T10:46:29","slug":"en-juego-el-escolar-de-ciudad-real","status":"publish","type":"post","link":"https:\/\/www.bfv.cloud\/ajedrezeuropa\/en-juego-el-escolar-de-ciudad-real\/","title":{"rendered":"EN JUEGO EL ESCOLAR DE CIUDAD REAL"},"content":{"rendered":"<table cellpadding=\"0\" cellspacing=\"0\" class=\"tr-caption-container\" style=\"float: right;margin-left: 1em;text-align: right\">\n<tbody>\n<tr>\n<td style=\"text-align: center\"><a href=\"https:\/\/www.bfv.cloud\/ajedrezeuropa\/wp-content\/uploads\/2017\/01\/IMG_20170115_101446.jpg\" style=\"clear: right;margin-bottom: 1em;margin-left: auto;margin-right: auto\"><img fetchpriority=\"high\" decoding=\"async\" border=\"0\" height=\"277\" src=\"https:\/\/blogger.googleusercontent.com\/img\/b\/R29vZ2xl\/AVvXsEhRrDagw5hM_2jOKmuplJT-FdKQXuptmNUJIALYwP3zQ-nT-tpy29zl2ujjCiyb07fJDcd5nKPBmESSyhVbZUhl_3gx4xHy5-rLA-2N5hLbNe2Mqspio0j8_F0AOqLijOzCMm3YvZfts_A\/s400\/IMG_20170115_101446.jpg\" width=\"400\" \/><\/a><\/td>\n<\/tr>\n<tr>\n<td class=\"tr-caption\" style=\"text-align: center\">Arsenio y Adri\u00e1n emparejados en la 1\u00aa ronda<\/td>\n<\/tr>\n<\/tbody>\n<\/table>\n<p><span style=\"font-family: Georgia, Times New Roman, serif;font-size: large\">Como cada a\u00f1o, dan comienzo las competiciones deportivas de ajedrez con las fases provinciales escolares que otorgan las clasificaciones para el Campeonato Regional (CRDEE).<\/span><br \/>\n<span style=\"font-family: Georgia, Times New Roman, serif;font-size: large\">En esta ocasi\u00f3n ha sido Ciudad Real la primera en arrancar con la celebraci\u00f3n de la 1\u00aa jornada en el CERE de Miguelturra.<\/span><\/p>\n<table cellpadding=\"0\" cellspacing=\"0\" class=\"tr-caption-container\" style=\"float: right;margin-left: 1em;text-align: right\">\n<tbody>\n<tr>\n<td style=\"text-align: center\"><a href=\"https:\/\/www.bfv.cloud\/ajedrezeuropa\/wp-content\/uploads\/2017\/01\/IMG_20170115_101653.jpg\" style=\"clear: right;margin-bottom: 1em;margin-left: auto;margin-right: auto\"><img decoding=\"async\" border=\"0\" height=\"225\" src=\"https:\/\/blogger.googleusercontent.com\/img\/b\/R29vZ2xl\/AVvXsEjq7kL0B2qSGXHnVZNETo3tWP3BD8cQ-jaLix3izgceWv349kefbZPoldxmGpiTSlXkfsNC0KE8SWge1BpF9_PyHEuTmqZZWLraXcABv0QGw7XjwJwIssLKGSexGQ_k-v0QRA0HoN0J9aQ\/s400\/IMG_20170115_101653.jpg\" width=\"400\" \/><\/a><\/td>\n<\/tr>\n<tr>\n<td class=\"tr-caption\" style=\"text-align: center\">La participaci\u00f3n ha aumentado ligeramente respecto a ediciones anteriores<br \/>Daniel Climent en primer plano<\/td>\n<\/tr>\n<\/tbody>\n<\/table>\n<table align=\"center\" cellpadding=\"0\" cellspacing=\"0\" class=\"tr-caption-container\" style=\"float: left;margin-right: 1em;text-align: left\">\n<tbody>\n<tr>\n<td style=\"text-align: center\"><a href=\"https:\/\/www.bfv.cloud\/ajedrezeuropa\/wp-content\/uploads\/2017\/01\/IMG_20170115_101341.jpg\" style=\"clear: left;margin-bottom: 1em;margin-left: auto;margin-right: auto\"><img decoding=\"async\" border=\"0\" height=\"225\" src=\"https:\/\/blogger.googleusercontent.com\/img\/b\/R29vZ2xl\/AVvXsEjOvZ06mwmI_oHFAhQotH82uuV2tDjOxQ0xjGMFbpAhAYPeA1cwGyr-Jp2lWC4FbZ3LSzObzJhYPQouWc04zMGQjqUtowd-WykQ1MNy4rAJZSlyb54XOsagX_lVvAoi4L-s69bQCOqCvgE\/s400\/IMG_20170115_101341.jpg\" width=\"400\" \/><\/a><\/td>\n<\/tr>\n<tr>\n<td class=\"tr-caption\" style=\"text-align: center\">Daniel \u00dabeda juega su primer Escolar<\/td>\n<\/tr>\n<\/tbody>\n<\/table>\n<p><span style=\"font-family: Georgia, Times New Roman, serif;font-size: large\">La escuela de ajedrez de Alc\u00e1zar de San Juan llega a esta fase provincial representada por 14 chicos y chicas, 10 en la categor\u00eda infantil y 4 en cadete. Los 6 mejores clasificados de cada una de estas categor\u00edas, 3 en la masculina e igual n\u00famero en la femenina, podr\u00e1n disputar el regional escolar que se celebrar\u00e1 en el Castillo de San Servando de Toledo, como opci\u00f3n m\u00e1s probable.<\/span><\/p>\n<table align=\"center\" cellpadding=\"0\" cellspacing=\"0\" class=\"tr-caption-container\" style=\"margin-left: auto;margin-right: auto;text-align: center\">\n<tbody>\n<tr>\n<td style=\"text-align: center\"><a href=\"https:\/\/www.bfv.cloud\/ajedrezeuropa\/wp-content\/uploads\/2017\/01\/IMG_20170115_101517.jpg\" style=\"margin-left: auto;margin-right: auto\"><img loading=\"lazy\" decoding=\"async\" border=\"0\" height=\"462\" src=\"https:\/\/blogger.googleusercontent.com\/img\/b\/R29vZ2xl\/AVvXsEgPviVSz3OcVTT30SAw9cCV0UVZnvIHWSTsFMsyZZGbRDBfnf-OdJSxkaH4EIFyoA69sfV0kwlcyBB2gR9-BKilaxXhgZzxqQJUmLsvPVTnr6gz1d6WxKKyVQkhbQ7KmQaszYVtJSIWF4M\/s640\/IMG_20170115_101517.jpg\" width=\"640\" \/><\/a><\/td>\n<\/tr>\n<tr>\n<td class=\"tr-caption\" style=\"text-align: center\">La categor\u00eda cadete cuenta con 3 chicos y una chica de la EDM de ajedrez de Alc\u00e1zar<\/td>\n<\/tr>\n<\/tbody>\n<\/table>\n<p><\/p>\n<table cellpadding=\"0\" cellspacing=\"0\" class=\"tr-caption-container\" style=\"float: left;margin-right: 1em;text-align: left\">\n<tbody>\n<tr>\n<td style=\"text-align: center\"><a href=\"https:\/\/www.bfv.cloud\/ajedrezeuropa\/wp-content\/uploads\/2017\/01\/IMG_20170115_101312-1.jpg\" style=\"clear: left;margin-bottom: 1em;margin-left: auto;margin-right: auto\"><img loading=\"lazy\" decoding=\"async\" border=\"0\" height=\"179\" src=\"https:\/\/blogger.googleusercontent.com\/img\/b\/R29vZ2xl\/AVvXsEhY86S7tzMkrcn2QiEp4YZLpalmtGHAWU4IMMXopUm4knvsJ91pWQbc9fqJYKVTr8O5b7X9uJZ8T5ds_W3EYRGeLCD6yZlgmv58DGhTvtRWA_ySw42Ztwih9uUFwmVSBfKCbyFR7wWzkNE\/s320\/IMG_20170115_101312.jpg\" width=\"320\" \/><\/a><\/td>\n<\/tr>\n<tr>\n<td class=\"tr-caption\" style=\"text-align: center\">Clara Vela<\/td>\n<\/tr>\n<\/tbody>\n<\/table>\n<p><b>&nbsp;<span style=\"font-family: Georgia, Times New Roman, serif;font-size: large\"><u>En el cadete, 3 chicos y una chica<\/u><\/span><\/b><br \/>\n<span style=\"font-family: Georgia, Times New Roman, serif;font-size: large\">Julio M\u00e9rida, Enrique Velasco, Isabel Marcos-Alberca y Pablo Vela, han puntuado en esta 1\u00aa jornada dentro del cadete. Otros 12 jugadores acompa\u00f1an a los nuestros en esta competici\u00f3n. El pr\u00f3ximo domingo se jugar\u00e1 la 3\u00aa ronda.<\/span><\/p>\n<table cellpadding=\"0\" cellspacing=\"0\" class=\"tr-caption-container\" style=\"float: right;margin-left: 1em;text-align: right\">\n<tbody>\n<tr>\n<td style=\"text-align: center\"><a href=\"https:\/\/www.bfv.cloud\/ajedrezeuropa\/wp-content\/uploads\/2017\/01\/IMG_20170115_101457.jpg\" style=\"clear: right;margin-bottom: 1em;margin-left: auto;margin-right: auto\"><img loading=\"lazy\" decoding=\"async\" border=\"0\" height=\"171\" src=\"https:\/\/blogger.googleusercontent.com\/img\/b\/R29vZ2xl\/AVvXsEjHrFiU4Gwxhyphenhyphen4LNvzDyYTO0MKQN8G0-8AivhvinBY2YqOlxhAyyehaOlYft2QinUzeL8q3pgp4RpB-BSt9Ox0GrOA4BAB1wjFhCxqkj3m5avnpeo90gwDPu62VlslbCminYsJDxV9lm0A\/s320\/IMG_20170115_101457.jpg\" width=\"320\" \/><\/a><\/td>\n<\/tr>\n<tr>\n<td class=\"tr-caption\" style=\"text-align: center\">Nuria Lozano<\/td>\n<\/tr>\n<\/tbody>\n<\/table>\n<p><b>&nbsp;<span style=\"font-family: Georgia, Times New Roman, serif;font-size: large\"><u>7 chicos y 3 chicas en el infantil<\/u><\/span><\/b><br \/>\n<span style=\"font-family: Georgia, Times New Roman, serif;font-size: large\">Con una participaci\u00f3n cercana al centenar, los 10 ajedrecistas alcazare\u00f1os son: Nuria Lozano, Clara Vela, Daniel Climent, Adri\u00e1n Alhambra, Roberto Yeghiazaryan, Arsenio L\u00f3pez, Marta Vela, los hermanos Rafael y \u00c1ngel Carrasco, y Daniel \u00dabeda.<\/span><br \/>\n<span style=\"font-family: Georgia, Times New Roman, serif;font-size: large\"><br \/><\/span><\/p>\n<table cellpadding=\"0\" cellspacing=\"0\" class=\"tr-caption-container\" style=\"clear: left;float: right;margin-bottom: 1em;text-align: left\">\n<tbody>\n<tr>\n<td style=\"text-align: center\"><a href=\"https:\/\/www.bfv.cloud\/ajedrezeuropa\/wp-content\/uploads\/2017\/01\/IMG_20170115_101424.jpg\" style=\"clear: left;margin-bottom: 1em;margin-left: auto;margin-right: auto\"><img loading=\"lazy\" decoding=\"async\" border=\"0\" height=\"360\" src=\"https:\/\/blogger.googleusercontent.com\/img\/b\/R29vZ2xl\/AVvXsEjjPWVG_Iy7TEAxPvncVHH-ox0jpv4SoeW9RAoYPwOXAf4zcniYfW9ZI89UQe-JbsnWQfEIHF2nOYtkaK_pN_eMHN7tOX1Kb5tRavARSSJoNuPQ8WwkoC8_2a9-8Nh2XKQ9Ca99eybY_T8\/s640\/IMG_20170115_101424.jpg\" width=\"640\" \/><\/a><\/td>\n<\/tr>\n<tr>\n<td class=\"tr-caption\" style=\"text-align: center\">Julio M\u00e9rida suma 1,5 puntos en la 2 primeras rondas<\/td>\n<\/tr>\n<\/tbody>\n<\/table>\n<p><span style=\"color: #274e13;font-family: Georgia, Times New Roman, serif;font-size: large\"><u><br \/><\/u><\/span><br \/>\n<span style=\"color: #274e13;font-family: Georgia, Times New Roman, serif;font-size: large\"><u><br \/><\/u><\/span><br \/>\n<span style=\"color: #274e13;font-family: Georgia, Times New Roman, serif;font-size: large\"><u><br \/><\/u><\/span><br \/>\n<span style=\"color: #274e13;font-family: Georgia, Times New Roman, serif;font-size: large\"><u><br \/><\/u><\/span><br \/>\n<span style=\"color: #274e13;font-family: Georgia, Times New Roman, serif;font-size: large\"><u><br \/><\/u><\/span><br \/>\n<span style=\"color: #274e13;font-family: Georgia, Times New Roman, serif;font-size: large\"><u><br \/><\/u><\/span><br \/>\n<span style=\"color: #274e13;font-family: Georgia, Times New Roman, serif;font-size: large\"><u><br \/><\/u><\/span><br \/>\n<span style=\"color: #274e13;font-family: Georgia, Times New Roman, serif;font-size: large\"><u><br \/><\/u><\/span><br \/>\n<span style=\"color: #274e13;font-family: Georgia, Times New Roman, serif;font-size: large\"><u><br \/><\/u><\/span><br \/>\n<span style=\"color: #274e13;font-family: Georgia, Times New Roman, serif;font-size: large\"><u><br \/><\/u><\/span><br \/>\n<span style=\"color: #274e13;font-family: Georgia, Times New Roman, serif;font-size: large\"><u><br \/><\/u><\/span><br \/>\n<span style=\"color: #274e13;font-family: Georgia, Times New Roman, serif;font-size: large\"><u><br \/><\/u><\/span><br \/>\n<span style=\"color: #274e13;font-family: Georgia, Times New Roman, serif;font-size: large\"><u><br \/><\/u><\/span><br \/>\n<span style=\"color: #274e13;font-family: Georgia, Times New Roman, serif;font-size: large\"><u><br \/><\/u><\/span><br \/>\n<span style=\"color: #274e13;font-family: Georgia, Times New Roman, serif;font-size: large\"><u><br \/><\/u><\/span><br \/>\n<span style=\"color: #274e13;font-family: Georgia, Times New Roman, serif;font-size: large\"><u><br \/><\/u><\/span><br \/>\n<span style=\"color: #274e13;font-family: Georgia, Times New Roman, serif;font-size: large\"><u><b><br \/><\/b><\/u><\/span><br \/>\n<u style=\"color: #274e13;, serif;font-size: x-large\"><b>En Toledo comienza el Escolar este s\u00e1bado<\/b><\/u><br \/>\n<span style=\"color: #274e13;font-family: Georgia, Times New Roman, serif;font-size: large\">El pr\u00f3ximo s\u00e1bado regresa la competici\u00f3n provincial de ajedrez al CEI de Toledo, despu\u00e9s de varios a\u00f1os alejada de este centro de ense\u00f1anza. Est\u00e1 previsto que sean 12 los chic@s que participar\u00e1n esta temporada.&nbsp;<\/span><br \/>\n<span style=\"color: #274e13;font-family: Georgia, Times New Roman, serif;font-size: large\"><br \/><\/span><br \/>\n<span style=\"color: #274e13;font-family: Georgia, Times New Roman, serif;font-size: large\">Este fin de semana daremos m\u00e1s informaci\u00f3n de ambos campeonatos.<\/span><br \/>\n<span style=\"color: #274e13;font-family: Georgia, Times New Roman, serif;font-size: large\"><u><\/u><\/span><br \/><span style=\"color: #274e13;font-family: Georgia, Times New Roman, serif;font-size: large\"><u><\/u><\/span><br \/>\n<span style=\"font-family: Georgia, Times New Roman, serif;font-size: large\"><\/span><br \/><span style=\"font-family: Georgia, Times New Roman, serif;font-size: large\"><\/span><\/p>\n<div class=\"separator\" style=\"clear: both;text-align: center\">\n<\/div>\n","protected":false},"excerpt":{"rendered":"<p>Arsenio y Adri\u00e1n emparejados en la 1\u00aa ronda Como cada a\u00f1o, dan comienzo las competiciones deportivas de ajedrez con las fases provinciales escolares que otorgan las clasificaciones para el Campeonato Regional (CRDEE). En esta ocasi\u00f3n ha sido Ciudad Real la primera en arrancar con la celebraci\u00f3n de la 1\u00aa jornada en el CERE de Miguelturra. [&hellip;]<\/p>\n","protected":false},"author":1,"featured_media":2394,"comment_status":"open","ping_status":"closed","sticky":false,"template":"","format":"standard","meta":{"footnotes":""},"categories":[1],"tags":[],"class_list":["post-2393","post","type-post","status-publish","format-standard","has-post-thumbnail","hentry","category-noticias"],"_links":{"self":[{"href":"https:\/\/www.bfv.cloud\/ajedrezeuropa\/wp-json\/wp\/v2\/posts\/2393","targetHints":{"allow":["GET"]}}],"collection":[{"href":"https:\/\/www.bfv.cloud\/ajedrezeuropa\/wp-json\/wp\/v2\/posts"}],"about":[{"href":"https:\/\/www.bfv.cloud\/ajedrezeuropa\/wp-json\/wp\/v2\/types\/post"}],"author":[{"embeddable":true,"href":"https:\/\/www.bfv.cloud\/ajedrezeuropa\/wp-json\/wp\/v2\/users\/1"}],"replies":[{"embeddable":true,"href":"https:\/\/www.bfv.cloud\/ajedrezeuropa\/wp-json\/wp\/v2\/comments?post=2393"}],"version-history":[{"count":1,"href":"https:\/\/www.bfv.cloud\/ajedrezeuropa\/wp-json\/wp\/v2\/posts\/2393\/revisions"}],"predecessor-version":[{"id":2401,"href":"https:\/\/www.bfv.cloud\/ajedrezeuropa\/wp-json\/wp\/v2\/posts\/2393\/revisions\/2401"}],"wp:featuredmedia":[{"embeddable":true,"href":"https:\/\/www.bfv.cloud\/ajedrezeuropa\/wp-json\/wp\/v2\/media\/2394"}],"wp:attachment":[{"href":"https:\/\/www.bfv.cloud\/ajedrezeuropa\/wp-json\/wp\/v2\/media?parent=2393"}],"wp:term":[{"taxonomy":"category","embeddable":true,"href":"https:\/\/www.bfv.cloud\/ajedrezeuropa\/wp-json\/wp\/v2\/categories?post=2393"},{"taxonomy":"post_tag","embeddable":true,"href":"https:\/\/www.bfv.cloud\/ajedrezeuropa\/wp-json\/wp\/v2\/tags?post=2393"}],"curies":[{"name":"wp","href":"https:\/\/api.w.org\/{rel}","templated":true}]}}