{"id":2402,"date":"2010-05-20T13:54:00","date_gmt":"2010-05-20T13:54:00","guid":{"rendered":"https:\/\/www.bfv.cloud\/ajedrezeuropa\/index.php\/2010\/05\/20\/campeonato-deporte-edad-escolar-fase-regional\/"},"modified":"2025-11-20T10:46:32","modified_gmt":"2025-11-20T10:46:32","slug":"campeonato-deporte-edad-escolar-fase-regional","status":"publish","type":"post","link":"https:\/\/www.bfv.cloud\/ajedrezeuropa\/campeonato-deporte-edad-escolar-fase-regional\/","title":{"rendered":"CAMPEONATO DEPORTE EDAD ESCOLAR (FASE REGIONAL)"},"content":{"rendered":"<div class=\"separator\" style=\"clear: both;text-align: center\"><a href=\"https:\/\/www.bfv.cloud\/ajedrezeuropa\/wp-content\/uploads\/2010\/05\/DANIELYANTONIOCAMPEONATOCASTILLA-LAMANCHAEDADES2009004.jpg\" style=\"margin-left: 1em;margin-right: 1em\"><img decoding=\"async\" border=\"0\" src=\"https:\/\/blogger.googleusercontent.com\/img\/b\/R29vZ2xl\/AVvXsEgempojix0ve3Bcog-8WfZEJ3bVpjH2VVTlRou6UWeJgd-eQbzLJfklrtKxnHN8JY5j93ISP2_wmlK0KTrwHwT4nTx2EnMZ5X7ZGnh5mgoW_A96t-UlYUEzxgvyhyphenhyphen8zggj2Ljfzw0Q09Uc\/s320\/DANIEL+Y+ANTONIO+CAMPEONATO+CASTILLA-LA+MANCHA+EDADES+2009+004.jpg\" \/><\/a><\/div>\n<p><\/p>\n<div class=\"separator\" style=\"clear: both;text-align: center\"><a href=\"https:\/\/www.bfv.cloud\/ajedrezeuropa\/wp-content\/uploads\/2010\/05\/CLASIFICADOSGUADALAJARACOLOR.jpg\" style=\"margin-left: 1em;margin-right: 1em\"><img decoding=\"async\" border=\"0\" src=\"https:\/\/blogger.googleusercontent.com\/img\/b\/R29vZ2xl\/AVvXsEgQReYCmxPxSc_zzvEO9kM-Z7KH0VQqEBD0uKShqbHRx71G203jVL1Vs5AwPmkqc_5_sd_eou8svqdxllFru75A5NJ__b_7u0LOibqJFncI72piTMDj_pLYOTJvcgDCjoeWeibvjzQzi4s\/s320\/CLASIFICADOS+GUADALAJARA+COLOR.jpg\" \/><\/a><\/div>\n<div class=\"separator\" style=\"clear: both;text-align: center\"><span style=\"background-color: yellow\">Del 28 al 31 de marzo se va a celebrar en el Hotel Alcarria de Guadalajara la fase auton\u00f3mica del Campeonato del Deporte en Edad Escolar, contando con 4 jugadores y 1 jugadora clasificados de nuestras escuelas. En la categor\u00eda cadete, el proyecto \u00abNuestro Ajedrez en Europa\u00bb, estar\u00e1 representado por:<\/span><\/div>\n<div class=\"separator\" style=\"clear: both;text-align: center\"><span style=\"background-color: yellow;, sans-serif\"><strong>Daniel Salas Lloret<\/strong><\/span><\/div>\n<div class=\"separator\" style=\"clear: both;text-align: center\"><span style=\"background-color: yellow;, sans-serif\"><strong>Jorge Sim\u00f3n Escalona<\/strong><\/span><\/div>\n<div class=\"separator\" style=\"clear: both;text-align: center\"><span style=\"background-color: yellow;, sans-serif\"><strong>Santiago Talavera Garc\u00eda<\/strong><\/span><\/div>\n<div class=\"separator\" style=\"clear: both;text-align: center\"><span style=\"background-color: yellow;, sans-serif\"><strong>Blanca Y\u00e9benes Toribio<\/strong><\/span><\/div>\n<div class=\"separator\" style=\"clear: both;text-align: center\"><span style=\"background-color: yellow;font-family: inherit\">Mientras que en la categor\u00eda infantil estaremos presentes gracias a la clasificaci\u00f3n de:<\/span><\/div>\n<div class=\"separator\" style=\"clear: both;text-align: center\"><span style=\"background-color: yellow;, sans-serif\"><strong>Jes\u00fas Mar\u00eda Bricio Garc\u00eda de la Torre<\/strong><\/span><\/div>\n<div class=\"separator\" style=\"clear: both;text-align: center\"><span style=\"background-color: yellow;font-family: inherit\">Por primera vez, ambas categor\u00edas, disputar\u00e1n dos campeonatos diferenciados, uno masculino y otro femenino, aunque el n\u00famero de clasificados sigue siendo de 3 chicos y 3 chicas tanto para el cadete como para el infantil. Esperamos que todos ellos disfruten de sus d\u00edas de competici\u00f3n y consigan el mejor rendimiento de su juego. Queremos desearles mucho \u00e1nimo a todos ellos.<\/span><\/div>\n<div class=\"separator\" style=\"clear: both;text-align: center\">\n<\/div>\n<div class=\"separator\" style=\"clear: both;text-align: center\">\n<\/div>\n","protected":false},"excerpt":{"rendered":"<p>Del 28 al 31 de marzo se va a celebrar en el Hotel Alcarria de Guadalajara la fase auton\u00f3mica del Campeonato del Deporte en Edad Escolar, contando con 4 jugadores y 1 jugadora clasificados de nuestras escuelas. En la categor\u00eda cadete, el proyecto \u00abNuestro Ajedrez en Europa\u00bb, estar\u00e1 representado por: Daniel Salas Lloret Jorge Sim\u00f3n [&hellip;]<\/p>\n","protected":false},"author":1,"featured_media":2403,"comment_status":"open","ping_status":"closed","sticky":false,"template":"","format":"standard","meta":{"footnotes":""},"categories":[1],"tags":[],"class_list":["post-2402","post","type-post","status-publish","format-standard","has-post-thumbnail","hentry","category-noticias"],"_links":{"self":[{"href":"https:\/\/www.bfv.cloud\/ajedrezeuropa\/wp-json\/wp\/v2\/posts\/2402","targetHints":{"allow":["GET"]}}],"collection":[{"href":"https:\/\/www.bfv.cloud\/ajedrezeuropa\/wp-json\/wp\/v2\/posts"}],"about":[{"href":"https:\/\/www.bfv.cloud\/ajedrezeuropa\/wp-json\/wp\/v2\/types\/post"}],"author":[{"embeddable":true,"href":"https:\/\/www.bfv.cloud\/ajedrezeuropa\/wp-json\/wp\/v2\/users\/1"}],"replies":[{"embeddable":true,"href":"https:\/\/www.bfv.cloud\/ajedrezeuropa\/wp-json\/wp\/v2\/comments?post=2402"}],"version-history":[{"count":1,"href":"https:\/\/www.bfv.cloud\/ajedrezeuropa\/wp-json\/wp\/v2\/posts\/2402\/revisions"}],"predecessor-version":[{"id":2405,"href":"https:\/\/www.bfv.cloud\/ajedrezeuropa\/wp-json\/wp\/v2\/posts\/2402\/revisions\/2405"}],"wp:featuredmedia":[{"embeddable":true,"href":"https:\/\/www.bfv.cloud\/ajedrezeuropa\/wp-json\/wp\/v2\/media\/2403"}],"wp:attachment":[{"href":"https:\/\/www.bfv.cloud\/ajedrezeuropa\/wp-json\/wp\/v2\/media?parent=2402"}],"wp:term":[{"taxonomy":"category","embeddable":true,"href":"https:\/\/www.bfv.cloud\/ajedrezeuropa\/wp-json\/wp\/v2\/categories?post=2402"},{"taxonomy":"post_tag","embeddable":true,"href":"https:\/\/www.bfv.cloud\/ajedrezeuropa\/wp-json\/wp\/v2\/tags?post=2402"}],"curies":[{"name":"wp","href":"https:\/\/api.w.org\/{rel}","templated":true}]}}