{"id":2406,"date":"2016-03-14T08:09:00","date_gmt":"2016-03-14T08:09:00","guid":{"rendered":"https:\/\/www.bfv.cloud\/ajedrezeuropa\/index.php\/2016\/03\/14\/nuestra-colaboracion-con-la-semana-de-la-mujer-de-villafranca\/"},"modified":"2025-11-20T10:46:36","modified_gmt":"2025-11-20T10:46:36","slug":"nuestra-colaboracion-con-la-semana-de-la-mujer-de-villafranca","status":"publish","type":"post","link":"https:\/\/www.bfv.cloud\/ajedrezeuropa\/nuestra-colaboracion-con-la-semana-de-la-mujer-de-villafranca\/","title":{"rendered":"NUESTRA COLABORACI\u00d3N CON LA SEMANA DE LA MUJER DE VILLAFRANCA"},"content":{"rendered":"<div style=\"margin-bottom: .0001pt;margin: 0cm;text-align: justify\">\n<table cellpadding=\"0\" cellspacing=\"0\" class=\"tr-caption-container\" style=\"float: right;margin-left: 1em;text-align: right\">\n<tbody>\n<tr>\n<td style=\"text-align: center\"><a href=\"https:\/\/www.bfv.cloud\/ajedrezeuropa\/wp-content\/uploads\/2016\/03\/SAM_2785.jpg\" style=\"clear: right;margin-bottom: 1em;margin-left: auto;margin-right: auto\"><img fetchpriority=\"high\" decoding=\"async\" border=\"0\" height=\"280\" src=\"https:\/\/blogger.googleusercontent.com\/img\/b\/R29vZ2xl\/AVvXsEjCoQaGlBelY2s9XgPACDIfMt81S6Y9smqweWiNI9_77dvUHa15viREGaAlpjKuBu7pBqMVtEKpGEbJys6XmeupOub_hfsVTh7991Tt5NikZ2DxirhGj3LnR2URLG2vxeo_Tw4E9yO0zc4\/s400\/SAM_2785.JPG\" width=\"400\" \/><\/a><\/td>\n<\/tr>\n<tr>\n<td class=\"tr-caption\" style=\"text-align: center\">Im\u00e1genes de nuestras jugadoras expuestas en la<br \/>casa de la cultura de Villafranca<\/td>\n<\/tr>\n<\/tbody>\n<\/table>\n<p><\/p>\n<table cellpadding=\"0\" cellspacing=\"0\" class=\"tr-caption-container\" style=\"float: right;margin-left: 1em;text-align: right\">\n<tbody>\n<tr>\n<td style=\"text-align: center\"><a href=\"https:\/\/www.bfv.cloud\/ajedrezeuropa\/wp-content\/uploads\/2016\/03\/SAM_2786.jpg\" style=\"clear: right;margin-bottom: 1em;margin-left: auto;margin-right: auto\"><img decoding=\"async\" border=\"0\" height=\"235\" src=\"https:\/\/blogger.googleusercontent.com\/img\/b\/R29vZ2xl\/AVvXsEitdB7LcyyLEV7qE38YeG9M8doemD42NesCA8rdIsGP181jlLdQrNXCQ_aOf0LpkRpWBXPs03MX53PQ4DH2vParHtkkRirbc3ciZNJiHGon13QjN9iDA4RE_SIq3Qi4ipOw3a8EkvtkwJA\/s400\/SAM_2786.JPG\" width=\"400\" \/><\/a><\/td>\n<\/tr>\n<tr>\n<td class=\"tr-caption\" style=\"text-align: center\">Exposici\u00f3n de la Mujer en el Deporte<\/td>\n<\/tr>\n<\/tbody>\n<\/table>\n<p><span style=\", sans-serif;font-size: 14pt\">Durante los dos \u00faltimos s\u00e1bados, la escuela de ajedrez de<br \/>\nVillafranca ha recibido a 15 mujeres dentro del programa \u201cSiente el Deporte\u201d<br \/>\norganizado desde la Concejal\u00eda de Sanidad, Bienestar Social e Igualdad, con<br \/>\nmotivo del D\u00eda Internacional de la Mujer. La intenci\u00f3n de este programa es el<br \/>\nde acercar la actividad deportiva a todas las mujeres, al margen de su edad y<br \/>\npr\u00e1ctica anterior.<\/span><\/div>\n<div style=\"margin-bottom: .0001pt;margin: 0cm;text-align: justify\">\n<span style=\", sans-serif;font-size: 14pt\">Este peque\u00f1o curso de iniciaci\u00f3n al ajedrez ha contado con la<br \/>\nparticipaci\u00f3n de un grupo numeroso de mujeres que han mostrado su inquietud por<br \/>\nconocer las partes m\u00e1s esenciales del juego, su historia y su diversidad de<br \/>\naplicaciones.<\/span><\/div>\n<div style=\"margin-bottom: .0001pt;margin: 0cm;text-align: justify\">\n<span style=\", sans-serif;font-size: 14pt\">La demanda por este tipo de iniciativas ha estado presente en<br \/>\nVillafranca a lo largo de a\u00f1os y \u00faltimamente se est\u00e1 haciendo extensiva a<br \/>\nmuchos pueblos y ciudades de la regi\u00f3n.<\/span><\/div>\n<div style=\"margin-bottom: .0001pt;margin: 0cm;text-align: justify\">\n<span style=\", sans-serif;font-size: 14pt\">Esperamos que todas hayan disfrutado de las clases y de su<br \/>\naproximaci\u00f3n al \u201cdeporte de la mente\u201d. Creemos que es muy positivo propiciar la<br \/>\npr\u00e1ctica del ajedrez desde las instituciones p\u00fablicas, y entendemos que es<br \/>\nnecesario establecer un programa de cursos que sirvan para su conocimiento<br \/>\ngeneralizado entre la poblaci\u00f3n adulta y los mayores.<\/span><\/div>\n","protected":false},"excerpt":{"rendered":"<p>Im\u00e1genes de nuestras jugadoras expuestas en lacasa de la cultura de Villafranca Exposici\u00f3n de la Mujer en el Deporte Durante los dos \u00faltimos s\u00e1bados, la escuela de ajedrez de Villafranca ha recibido a 15 mujeres dentro del programa \u201cSiente el Deporte\u201d organizado desde la Concejal\u00eda de Sanidad, Bienestar Social e Igualdad, con motivo del D\u00eda [&hellip;]<\/p>\n","protected":false},"author":1,"featured_media":2407,"comment_status":"open","ping_status":"closed","sticky":false,"template":"","format":"standard","meta":{"footnotes":""},"categories":[1],"tags":[],"class_list":["post-2406","post","type-post","status-publish","format-standard","has-post-thumbnail","hentry","category-noticias"],"_links":{"self":[{"href":"https:\/\/www.bfv.cloud\/ajedrezeuropa\/wp-json\/wp\/v2\/posts\/2406","targetHints":{"allow":["GET"]}}],"collection":[{"href":"https:\/\/www.bfv.cloud\/ajedrezeuropa\/wp-json\/wp\/v2\/posts"}],"about":[{"href":"https:\/\/www.bfv.cloud\/ajedrezeuropa\/wp-json\/wp\/v2\/types\/post"}],"author":[{"embeddable":true,"href":"https:\/\/www.bfv.cloud\/ajedrezeuropa\/wp-json\/wp\/v2\/users\/1"}],"replies":[{"embeddable":true,"href":"https:\/\/www.bfv.cloud\/ajedrezeuropa\/wp-json\/wp\/v2\/comments?post=2406"}],"version-history":[{"count":1,"href":"https:\/\/www.bfv.cloud\/ajedrezeuropa\/wp-json\/wp\/v2\/posts\/2406\/revisions"}],"predecessor-version":[{"id":2409,"href":"https:\/\/www.bfv.cloud\/ajedrezeuropa\/wp-json\/wp\/v2\/posts\/2406\/revisions\/2409"}],"wp:featuredmedia":[{"embeddable":true,"href":"https:\/\/www.bfv.cloud\/ajedrezeuropa\/wp-json\/wp\/v2\/media\/2407"}],"wp:attachment":[{"href":"https:\/\/www.bfv.cloud\/ajedrezeuropa\/wp-json\/wp\/v2\/media?parent=2406"}],"wp:term":[{"taxonomy":"category","embeddable":true,"href":"https:\/\/www.bfv.cloud\/ajedrezeuropa\/wp-json\/wp\/v2\/categories?post=2406"},{"taxonomy":"post_tag","embeddable":true,"href":"https:\/\/www.bfv.cloud\/ajedrezeuropa\/wp-json\/wp\/v2\/tags?post=2406"}],"curies":[{"name":"wp","href":"https:\/\/api.w.org\/{rel}","templated":true}]}}