{"id":2410,"date":"2017-12-28T16:14:00","date_gmt":"2017-12-28T16:14:00","guid":{"rendered":"https:\/\/www.bfv.cloud\/ajedrezeuropa\/index.php\/2017\/12\/28\/calendario-de-competiciones-enero-febrero-y-marzo-2018\/"},"modified":"2025-11-20T10:46:37","modified_gmt":"2025-11-20T10:46:37","slug":"calendario-de-competiciones-enero-febrero-y-marzo-2018","status":"publish","type":"post","link":"https:\/\/www.bfv.cloud\/ajedrezeuropa\/calendario-de-competiciones-enero-febrero-y-marzo-2018\/","title":{"rendered":"CALENDARIO DE COMPETICIONES ENERO, FEBRERO Y MARZO 2018"},"content":{"rendered":"<div class=\"separator\" style=\"clear: both;text-align: center\">\n<a href=\"https:\/\/www.bfv.cloud\/ajedrezeuropa\/wp-content\/uploads\/2017\/12\/CALENDARIODECOMPETICIONES2018_001.jpg\" style=\"margin-left: 1em;margin-right: 1em\"><img fetchpriority=\"high\" decoding=\"async\" border=\"0\" data-original-height=\"491\" data-original-width=\"666\" height=\"470\" src=\"https:\/\/blogger.googleusercontent.com\/img\/b\/R29vZ2xl\/AVvXsEgp-9xcnyz3AcbkBNYrOrFyQOSf3u3T8vYR76gZD1xJSIGcnGSObpKQspl-OsJf9tRo6SKkwNzv4ywDORGQaNvcRLMgnCBcvMqnjD_-X4LbZ_a_uprKfuM0bjlPOkWzggovEAbvLH4cJ7g\/s640\/CALENDARIO+DE+COMPETICIONES+2018_001.jpg\" width=\"640\" \/><\/a><\/div>\n<p><span style=\"font-family: Georgia, Times New Roman, serif;font-size: large\"><b>Finalizando el a\u00f1o publicamos el calendario de competiciones previsto para los pr\u00f3ximos meses de enero, febrero y marzo de 2018 en las provincias de Ciudad Real y Toledo. Las fechas se\u00f1aladas para el CRDEE de Ciudad Real (Campeonato Deporte en Edad Escolar Fase Provincial) afecta a los alumn@s de nuestras escuelas en Alc\u00e1zar de San Juan y Herencia, as\u00ed como las indicadas para el federado por edades que se disputar\u00e1 en Valdepe\u00f1as.&nbsp;<\/b><\/span><br \/>\n<span style=\"font-family: Georgia, Times New Roman, serif;font-size: large\"><b>A la escuela de Villafranca de los Caballeros y a los chicos y chicas que competir\u00e1n de Illescas les corresponden los d\u00edas marcados para el CRDEE de Toledo (Deporte en Edad Escolar Fase Provincial) que se celebrar\u00e1 en el CEI de Toledo.<\/b><\/span><br \/>\n<span style=\"font-family: Georgia, Times New Roman, serif;font-size: large\"><b>Tambi\u00e9n dejamos indicadas las fechas previstas para el Campeonato Regional por Edades, aunque todav\u00eda no hay sede determinada.<\/b><\/span><\/p>\n","protected":false},"excerpt":{"rendered":"<p>Finalizando el a\u00f1o publicamos el calendario de competiciones previsto para los pr\u00f3ximos meses de enero, febrero y marzo de 2018 en las provincias de Ciudad Real y Toledo. Las fechas se\u00f1aladas para el CRDEE de Ciudad Real (Campeonato Deporte en Edad Escolar Fase Provincial) afecta a los alumn@s de nuestras escuelas en Alc\u00e1zar de San [&hellip;]<\/p>\n","protected":false},"author":1,"featured_media":2411,"comment_status":"open","ping_status":"closed","sticky":false,"template":"","format":"standard","meta":{"footnotes":""},"categories":[1],"tags":[],"class_list":["post-2410","post","type-post","status-publish","format-standard","has-post-thumbnail","hentry","category-noticias"],"_links":{"self":[{"href":"https:\/\/www.bfv.cloud\/ajedrezeuropa\/wp-json\/wp\/v2\/posts\/2410","targetHints":{"allow":["GET"]}}],"collection":[{"href":"https:\/\/www.bfv.cloud\/ajedrezeuropa\/wp-json\/wp\/v2\/posts"}],"about":[{"href":"https:\/\/www.bfv.cloud\/ajedrezeuropa\/wp-json\/wp\/v2\/types\/post"}],"author":[{"embeddable":true,"href":"https:\/\/www.bfv.cloud\/ajedrezeuropa\/wp-json\/wp\/v2\/users\/1"}],"replies":[{"embeddable":true,"href":"https:\/\/www.bfv.cloud\/ajedrezeuropa\/wp-json\/wp\/v2\/comments?post=2410"}],"version-history":[{"count":1,"href":"https:\/\/www.bfv.cloud\/ajedrezeuropa\/wp-json\/wp\/v2\/posts\/2410\/revisions"}],"predecessor-version":[{"id":2412,"href":"https:\/\/www.bfv.cloud\/ajedrezeuropa\/wp-json\/wp\/v2\/posts\/2410\/revisions\/2412"}],"wp:featuredmedia":[{"embeddable":true,"href":"https:\/\/www.bfv.cloud\/ajedrezeuropa\/wp-json\/wp\/v2\/media\/2411"}],"wp:attachment":[{"href":"https:\/\/www.bfv.cloud\/ajedrezeuropa\/wp-json\/wp\/v2\/media?parent=2410"}],"wp:term":[{"taxonomy":"category","embeddable":true,"href":"https:\/\/www.bfv.cloud\/ajedrezeuropa\/wp-json\/wp\/v2\/categories?post=2410"},{"taxonomy":"post_tag","embeddable":true,"href":"https:\/\/www.bfv.cloud\/ajedrezeuropa\/wp-json\/wp\/v2\/tags?post=2410"}],"curies":[{"name":"wp","href":"https:\/\/api.w.org\/{rel}","templated":true}]}}