{"id":2413,"date":"2018-01-05T19:10:00","date_gmt":"2018-01-05T19:10:00","guid":{"rendered":"https:\/\/www.bfv.cloud\/ajedrezeuropa\/index.php\/2018\/01\/05\/cambios-en-las-fechas-del-federado-por-edades-de-ciudad-real\/"},"modified":"2025-11-20T10:46:38","modified_gmt":"2025-11-20T10:46:38","slug":"cambios-en-las-fechas-del-federado-por-edades-de-ciudad-real","status":"publish","type":"post","link":"https:\/\/www.bfv.cloud\/ajedrezeuropa\/cambios-en-las-fechas-del-federado-por-edades-de-ciudad-real\/","title":{"rendered":"CAMBIOS EN LAS FECHAS DEL FEDERADO POR EDADES DE CIUDAD REAL"},"content":{"rendered":"<table align=\"center\" cellpadding=\"0\" cellspacing=\"0\" class=\"tr-caption-container\" style=\"margin-left: auto;margin-right: auto;text-align: center\">\n<tbody>\n<tr>\n<td style=\"text-align: center\"><a href=\"https:\/\/www.bfv.cloud\/ajedrezeuropa\/wp-content\/uploads\/2018\/01\/CALENDARIODECOMPETICIONES2018_001.jpg\" style=\"margin-left: auto;margin-right: auto\"><img fetchpriority=\"high\" decoding=\"async\" border=\"0\" data-original-height=\"492\" data-original-width=\"689\" height=\"452\" src=\"https:\/\/blogger.googleusercontent.com\/img\/b\/R29vZ2xl\/AVvXsEijYmOrRwfkfjMXHarziQnOCJbR5uIRGyraejFC7WNFb1aBnJBqPojNlf69VQ9LGqDdvnU10rX-1Y_-yi4KfyI-cM4u1vM-_P2z-m1ti02zMjc7-IlNBI_bk4d2cDTEiuEW2mDV67iTIHc\/s640\/CALENDARIO+DE+COMPETICIONES+2018_001.jpg\" width=\"640\" \/><\/a><\/td>\n<\/tr>\n<tr>\n<td class=\"tr-caption\" style=\"text-align: center\">NUEVO CALENDARIO DESPU\u00c9S DE LOS CAMBIOS EN EL FEDERADO POR EDADES DE CIUDAD REAL<\/td>\n<\/tr>\n<\/tbody>\n<\/table>\n<p><b style=\"font-family: Verdana, sans-serif;font-size: x-large\">La delegaci\u00f3n provincial de ajedrez de Ciudad Real comunicaba ayer cambios en las fechas del Campeonato Provincial por Edades que se celebrar\u00e1 en las instalaciones de la UNED en Valdepe\u00f1as. El calendario para esta competici\u00f3n queda establecido para los d\u00edas 18, 24 y 25 de febrero. Las categor\u00edas masculinas y femeninas del sub-8, sub-10, sub-12, sub-14, sub-16 y sub-18 disputar\u00e1n sendos torneos, estando previstas 8 rondas en las categor\u00edas de peque\u00f1os (sub-8 y sub-10) y 6 rondas para el resto. Ninguna de las categor\u00edas ser\u00e1n evaluadas para ELO.&nbsp;<\/b><br \/>\n<b style=\"font-family: Verdana, sans-serif;font-size: x-large\">Pr\u00f3ximamente informaremos sobre las inscripciones de nuestras escuelas de Alc\u00e1zar, Illescas, Herencia y Villafranca a las fases provinciales de Toledo y Ciudad Real del Deporte en Edad Escolar.<\/b><\/p>\n","protected":false},"excerpt":{"rendered":"<p>NUEVO CALENDARIO DESPU\u00c9S DE LOS CAMBIOS EN EL FEDERADO POR EDADES DE CIUDAD REAL La delegaci\u00f3n provincial de ajedrez de Ciudad Real comunicaba ayer cambios en las fechas del Campeonato Provincial por Edades que se celebrar\u00e1 en las instalaciones de la UNED en Valdepe\u00f1as. El calendario para esta competici\u00f3n queda establecido para los d\u00edas 18, [&hellip;]<\/p>\n","protected":false},"author":1,"featured_media":2414,"comment_status":"open","ping_status":"closed","sticky":false,"template":"","format":"standard","meta":{"footnotes":""},"categories":[1],"tags":[],"class_list":["post-2413","post","type-post","status-publish","format-standard","has-post-thumbnail","hentry","category-noticias"],"_links":{"self":[{"href":"https:\/\/www.bfv.cloud\/ajedrezeuropa\/wp-json\/wp\/v2\/posts\/2413","targetHints":{"allow":["GET"]}}],"collection":[{"href":"https:\/\/www.bfv.cloud\/ajedrezeuropa\/wp-json\/wp\/v2\/posts"}],"about":[{"href":"https:\/\/www.bfv.cloud\/ajedrezeuropa\/wp-json\/wp\/v2\/types\/post"}],"author":[{"embeddable":true,"href":"https:\/\/www.bfv.cloud\/ajedrezeuropa\/wp-json\/wp\/v2\/users\/1"}],"replies":[{"embeddable":true,"href":"https:\/\/www.bfv.cloud\/ajedrezeuropa\/wp-json\/wp\/v2\/comments?post=2413"}],"version-history":[{"count":1,"href":"https:\/\/www.bfv.cloud\/ajedrezeuropa\/wp-json\/wp\/v2\/posts\/2413\/revisions"}],"predecessor-version":[{"id":2415,"href":"https:\/\/www.bfv.cloud\/ajedrezeuropa\/wp-json\/wp\/v2\/posts\/2413\/revisions\/2415"}],"wp:featuredmedia":[{"embeddable":true,"href":"https:\/\/www.bfv.cloud\/ajedrezeuropa\/wp-json\/wp\/v2\/media\/2414"}],"wp:attachment":[{"href":"https:\/\/www.bfv.cloud\/ajedrezeuropa\/wp-json\/wp\/v2\/media?parent=2413"}],"wp:term":[{"taxonomy":"category","embeddable":true,"href":"https:\/\/www.bfv.cloud\/ajedrezeuropa\/wp-json\/wp\/v2\/categories?post=2413"},{"taxonomy":"post_tag","embeddable":true,"href":"https:\/\/www.bfv.cloud\/ajedrezeuropa\/wp-json\/wp\/v2\/tags?post=2413"}],"curies":[{"name":"wp","href":"https:\/\/api.w.org\/{rel}","templated":true}]}}