{"id":2416,"date":"2012-11-08T00:52:00","date_gmt":"2012-11-08T00:52:00","guid":{"rendered":"https:\/\/www.bfv.cloud\/ajedrezeuropa\/index.php\/2012\/11\/08\/un-total-de-5-equipos-de-nuestros-clubes-y-escuelas-disputaran-las-2-divisiones-de-la-categoria-absoluta-del-ajedrez-toledano\/"},"modified":"2025-11-20T10:46:39","modified_gmt":"2025-11-20T10:46:39","slug":"un-total-de-5-equipos-de-nuestros-clubes-y-escuelas-disputaran-las-2-divisiones-de-la-categoria-absoluta-del-ajedrez-toledano","status":"publish","type":"post","link":"https:\/\/www.bfv.cloud\/ajedrezeuropa\/un-total-de-5-equipos-de-nuestros-clubes-y-escuelas-disputaran-las-2-divisiones-de-la-categoria-absoluta-del-ajedrez-toledano\/","title":{"rendered":"UN TOTAL DE 5 EQUIPOS DE NUESTROS CLUBES Y ESCUELAS DISPUTAR\u00c1N LAS 2 DIVISIONES DE LA CATEGOR\u00cdA ABSOLUTA DEL AJEDREZ TOLEDANO"},"content":{"rendered":"<div class=\"separator\" style=\"clear: both;text-align: center\">\n<a href=\"https:\/\/www.bfv.cloud\/ajedrezeuropa\/wp-content\/uploads\/2012\/11\/FOTORESULTADOSEQUIPOSPARABLOG.jpg\" style=\"clear: left;float: left;margin-bottom: 1em;margin-right: 1em\"><img fetchpriority=\"high\" decoding=\"async\" border=\"0\" height=\"300\" src=\"https:\/\/blogger.googleusercontent.com\/img\/b\/R29vZ2xl\/AVvXsEhvWrLwlA5_LMfFyOSJ2QSy2LnE4FBSnqGPnXuC0yoJBymY8ZT_-YbiCnWFQlLaEwLGiAD7EeuvlQHpA3UR1V7pAGbpe_j0uO2FY0L12a8pEY8gTUWCTWsj4O1siSr9HdkxiTBQ_Vgz1Yk\/s400\/FOTO+RESULTADOS+EQUIPOS+PARA+BLOG.jpg\" width=\"400\" \/><\/a><\/div>\n<p><span style=\"color: blue;font-family: Verdana, sans-serif\"><strong><u>5&nbsp;EQUIPOS ENTRE&nbsp;LA 1\u00aa DIVISI\u00d3N &#8230;<\/u><\/strong><\/span><\/p>\n<p><span style=\"color: blue;font-family: Verdana, sans-serif\"><strong>&nbsp;Ya se ha publicado el orden de fuerza de los 12 equipos que este a\u00f1o, aunque valedero para la temporada 2013, van a participar en el Campeonato Provincial por Equipos Absoluto de 1\u00aa divisi\u00f3n. Como sab\u00e9is, 3 de ellos pertenecen a nuestros clubes, ostentando as\u00ed un a\u00f1o m\u00e1s la mayor participaci\u00f3n de Toledo. Siempre queremos resaltar este hecho por lo que supone de esfuerzo a\u00f1adido para todos nuestros ajedrecistas y sus familias. No en vano, de entre todos los clubes participantes, volveremos a ser los que m\u00e1s alejados nos encontramos de la \u00abeterna\u00bb sede del pol\u00edgono y los que mayor n\u00famero de jugadores y jugadoras desplazaremos.<\/strong><\/span><br \/>\n<span style=\"color: blue;font-family: Verdana, sans-serif\"><strong><\/strong><\/span><br \/>\n<span style=\"font-family: Verdana, sans-serif\"><br \/><strong><span style=\"color: blue\"><\/span><\/strong><\/span><br \/>\n<span style=\"color: blue;font-family: Verdana, sans-serif\"><strong>Algunas de las novedades m\u00e1s interesantes se dan en las formaciones que han presentado varios clubes de gran tradici\u00f3n en nuestra provincia. La&nbsp;m\u00e1s importante, es la incorporaci\u00f3n del maestro internacional almagre\u00f1o, \u00c1ngel Espinosa, al Club de Ajedrez Talavera. Aunque la marcada superioridad de este equipo en pasadas temporadas no hac\u00eda necesaria la participaci\u00f3n de un jugador de mayor nivel en este provincial, sabemos que s\u00ed promete ser decisiva para el cumplimiento de&nbsp;los nuevos objetivos de este equipo&nbsp;en las competiciones de \u00e1mbito regional y nacional. De cualquier forma, promete ser muy interesante para nuestros j\u00f3venes jugadores seguir aprendiendo y disputando partidas con el propio \u00c1ngel, con Carlos Garc\u00eda o con Alberto Mena, es decir, poder disfrutar de jugar con los mejores porque de ellos siempre sacar\u00e1n algo positivo.<\/strong><\/span><\/p>\n<p><strong><u><span style=\"color: blue;font-family: Verdana\">&#8230; Y LA 2\u00aa DIVISI\u00d3N<\/span><\/u><\/strong><\/p>\n<p><strong><span style=\"color: blue;font-family: Verdana\">En estos d\u00edas hemos recibido la buena noticia&nbsp;de la celebraci\u00f3n de la 2\u00aa divisi\u00f3n por equipos provincial en un formato que favorecer\u00e1 la presencia de ni\u00f1os y ni\u00f1as en pleno periodo de formaci\u00f3n. De esta forma, por primera vez, nuestro proyecto estar\u00e1 representado por un total de 5 equipos en la suma de las 2 divisiones toledanas. Hablaremos de ello con m\u00e1s detalle en los pr\u00f3ximos d\u00edas. De momento, queremos insistir en nuestro decidido apoyo a los chicos y chicas de las escuelas de Alc\u00e1zar y Villafranca. Todos ellos son nuestro principal objetivo sin&nbsp;necesidad de&nbsp;cambiar criterios ni tomar atajos que nos puedan conducir a buenos resultados deportivos hoy,&nbsp;emprendiendo un camino de&nbsp;falsas victorias basadas en jugadores y jugadoras que no han sido formados en nuestras escuelas y que no mantienen pr\u00e1cticamente ninguna vinculaci\u00f3n con el proyecto que estamos llevando a cabo.&nbsp;<\/span><\/strong><br \/>\n<span style=\"font-family: Verdana, sans-serif\"><br \/><strong><\/strong><\/span><br \/>\n<span style=\"font-family: Verdana, sans-serif\"><strong>Para evitar que nadie pueda enfadarse o molestarse por este comentario, vamos a ensalzar y alabar el esfuerzo caritativo y desinteresado de dos almas gemelas del ajedrez provincial.&nbsp;Desde hace a\u00f1os sabemos de la \u201csofisticada\u201d y \u00absecreta\u00bb alianza del delegado de Toledo con otro destacado club y escuela&nbsp;de la provincia&nbsp;y, aunque debemos decir que nos alegramos de tan fruct\u00edfera relaci\u00f3n, no podemos obviar sus contundentes resultados, incluyendo sus&nbsp;oportunas rentabilidades para ambos y para el ajedrez universal. Una de estas \u00abnotables\u00bb rentabilidades es esa preciosa transferencia de jugadores, sean ni\u00f1os o adultos, que se produce&nbsp;de un club a otro al inicio de cada temporada, seguramente que en merecida recompensa&nbsp;por el trabajo estrat\u00e9gico de estas dos agudas y preclaras mentes humanas. \u00a1\u00a1Qu\u00e9 desperdicio de inteligencia!!, seguro que cualquiera de estos dos genios acabar\u00eda con la crisis econ\u00f3mica en un par de d\u00edas.&nbsp;Aunque despu\u00e9s de tanta colaboraci\u00f3n y tan sesudas planificaciones, no ser\u00eda de extra\u00f1ar que alg\u00fan a\u00f1o de estos conseguieran el rotundo \u00e9xito de imponerse a nuestro equipo sub-16 en un regional de clubes, por ejemplo.<\/strong><\/span><\/p>\n","protected":false},"excerpt":{"rendered":"<p>5&nbsp;EQUIPOS ENTRE&nbsp;LA 1\u00aa DIVISI\u00d3N &#8230; &nbsp;Ya se ha publicado el orden de fuerza de los 12 equipos que este a\u00f1o, aunque valedero para la temporada 2013, van a participar en el Campeonato Provincial por Equipos Absoluto de 1\u00aa divisi\u00f3n. Como sab\u00e9is, 3 de ellos pertenecen a nuestros clubes, ostentando as\u00ed un a\u00f1o m\u00e1s la mayor [&hellip;]<\/p>\n","protected":false},"author":1,"featured_media":2417,"comment_status":"open","ping_status":"closed","sticky":false,"template":"","format":"standard","meta":{"footnotes":""},"categories":[1],"tags":[],"class_list":["post-2416","post","type-post","status-publish","format-standard","has-post-thumbnail","hentry","category-noticias"],"_links":{"self":[{"href":"https:\/\/www.bfv.cloud\/ajedrezeuropa\/wp-json\/wp\/v2\/posts\/2416","targetHints":{"allow":["GET"]}}],"collection":[{"href":"https:\/\/www.bfv.cloud\/ajedrezeuropa\/wp-json\/wp\/v2\/posts"}],"about":[{"href":"https:\/\/www.bfv.cloud\/ajedrezeuropa\/wp-json\/wp\/v2\/types\/post"}],"author":[{"embeddable":true,"href":"https:\/\/www.bfv.cloud\/ajedrezeuropa\/wp-json\/wp\/v2\/users\/1"}],"replies":[{"embeddable":true,"href":"https:\/\/www.bfv.cloud\/ajedrezeuropa\/wp-json\/wp\/v2\/comments?post=2416"}],"version-history":[{"count":1,"href":"https:\/\/www.bfv.cloud\/ajedrezeuropa\/wp-json\/wp\/v2\/posts\/2416\/revisions"}],"predecessor-version":[{"id":2418,"href":"https:\/\/www.bfv.cloud\/ajedrezeuropa\/wp-json\/wp\/v2\/posts\/2416\/revisions\/2418"}],"wp:featuredmedia":[{"embeddable":true,"href":"https:\/\/www.bfv.cloud\/ajedrezeuropa\/wp-json\/wp\/v2\/media\/2417"}],"wp:attachment":[{"href":"https:\/\/www.bfv.cloud\/ajedrezeuropa\/wp-json\/wp\/v2\/media?parent=2416"}],"wp:term":[{"taxonomy":"category","embeddable":true,"href":"https:\/\/www.bfv.cloud\/ajedrezeuropa\/wp-json\/wp\/v2\/categories?post=2416"},{"taxonomy":"post_tag","embeddable":true,"href":"https:\/\/www.bfv.cloud\/ajedrezeuropa\/wp-json\/wp\/v2\/tags?post=2416"}],"curies":[{"name":"wp","href":"https:\/\/api.w.org\/{rel}","templated":true}]}}