{"id":2419,"date":"2015-05-07T21:43:00","date_gmt":"2015-05-07T21:43:00","guid":{"rendered":"https:\/\/www.bfv.cloud\/ajedrezeuropa\/index.php\/2015\/05\/07\/crecemos-en-el-numero-de-ajedrecistas-con-elo-internacional\/"},"modified":"2025-11-20T10:46:41","modified_gmt":"2025-11-20T10:46:41","slug":"crecemos-en-el-numero-de-ajedrecistas-con-elo-internacional","status":"publish","type":"post","link":"https:\/\/www.bfv.cloud\/ajedrezeuropa\/crecemos-en-el-numero-de-ajedrecistas-con-elo-internacional\/","title":{"rendered":"CRECEMOS EN EL N\u00daMERO DE AJEDRECISTAS CON ELO INTERNACIONAL"},"content":{"rendered":"<div class=\"separator\" style=\"clear: both;text-align: center\">\n<a href=\"https:\/\/www.bfv.cloud\/ajedrezeuropa\/wp-content\/uploads\/2015\/05\/LOGONUESTROAJEDREZENEUROPA.jpg\" style=\"clear: left;float: left;margin-bottom: 1em;margin-right: 1em\"><img fetchpriority=\"high\" decoding=\"async\" border=\"0\" height=\"300\" src=\"https:\/\/blogger.googleusercontent.com\/img\/b\/R29vZ2xl\/AVvXsEig-sk_Mxj1FttAzNkIeYYgjt-1NCJctokokqLa8BXy32JWKosZ7Ix6thuG1FV97-a2q0Y0z6c7ovZxR7aiR04dtYE0tiVoejE8eTUUQeYFjItvKcJpleimc2WEnWWumWM02LFj_L4YRgw\/s400\/LOGO+NUESTRO+AJEDREZ+EN+EUROPA.jpg\" width=\"400\" \/><\/a><\/div>\n<div align=\"left\" class=\"MsoTitle\">\n<span style=\"font-size: 12pt\"><span style=\"font-family: Trebuchet MS, sans-serif\">La lista de ELO de la FIDE del<br \/>\nmes de mayo incluye a 4 j\u00f3venes ajedrecistas de nuestras escuelas como<br \/>\nincorporaciones m\u00e1s novedosas, llegando a un total de 30 jugadores federados<br \/>\ncon valoraci\u00f3n internacional entre los dos clubes que integran el proyecto.<br \/>\nAlfredo Amador And\u00fajar, Marta Espinosa Gil, Enrique Velasco Aragon\u00e9s y Julia<br \/>\nMeza Osorio, alcanzan por primera vez las condiciones necesarias para formar<br \/>\nparte del ranking oficial de la Federaci\u00f3n Internacional de Ajedrez.&nbsp;<\/span><\/span><span style=\"font-family: 'Trebuchet MS', sans-serif;font-size: 12pt\">\u00a1\u00a1Enhorabuena a los cuatro!!<\/span><\/div>\n<div align=\"left\" class=\"MsoTitle\">\n<b><span style=\"font-size: 12pt\"><span style=\"font-family: Trebuchet MS, sans-serif\"><u>Algunos cambios sustanciales en otros jugadores<\/u><\/span><\/span><\/b><\/div>\n<div class=\"MsoTitle\" style=\"text-align: left\">\n<span style=\"font-size: 12pt\"><span style=\"font-family: Trebuchet MS, sans-serif\">En el listado de mayo tambi\u00e9n<br \/>\nse producen otras variaciones de algunos de los jugadores anteriormente<br \/>\nvalorados, tras ponderar los torneos en los que han participado desde finales<br \/>\nde marzo a los \u00faltimos d\u00edas de abril.<\/span><\/span><\/div>\n<div class=\"MsoTitle\" style=\"text-align: left\">\n<span style=\"font-size: 12pt\"><span style=\"font-family: Trebuchet MS, sans-serif\">La relaci\u00f3n completa, a fecha<br \/>\n1 de mayo, de los 30 integrantes de nuestros equipos ordenados por ranking FIDE<br \/>\nes:<\/span><\/span><\/div>\n<div align=\"left\" class=\"MsoTitle\">\n<span style=\"font-family: Trebuchet MS, sans-serif\"><span style=\"color: maroon;font-size: 12pt\">(Destacadas en<br \/>\nrojo figuran las 4 incorporaciones y las mayores subidas de puntuaci\u00f3n)<\/span><span style=\"font-size: 12pt\"> <\/span><\/span><\/div>\n<p><\/p>\n<div style=\"text-align: center\">\n<span style=\"color: blue;font-family: 'Trebuchet MS', sans-serif\"><b>Fernando Visier<\/b><\/span><span style=\"font-family: 'Trebuchet MS', sans-serif\"> <b>(FM)<\/b><\/span><span style=\"font-family: 'Trebuchet MS', sans-serif\"><b>&nbsp;<\/b>&nbsp; <\/span><span style=\"font-family: 'Trebuchet MS', sans-serif\"><b>2.233<\/b><\/span><\/div>\n<div style=\"text-align: center\">\n<b style=\"font-family: 'Trebuchet MS', sans-serif\"><span style=\"color: blue\">Santiago Talavera<\/span><\/b><b style=\"font-family: 'Trebuchet MS', sans-serif\">&nbsp;&nbsp; 2.023<\/b><\/div>\n<p><span style=\"font-family: Trebuchet MS, sans-serif\"><\/p>\n<div style=\"text-align: center\">\n<span style=\"color: #660000\"><b>Carlos \u00c1lvarez&nbsp;&nbsp; 2.014<\/b><\/span><\/div>\n<p><\/span><span style=\"font-family: Trebuchet MS, sans-serif\"><\/p>\n<div style=\"text-align: center\">\n<b><span lang=\"EN-GB\" style=\"color: blue\">Isaac Lozano&nbsp; <\/span><\/b><span lang=\"EN-GB\">(S18)<b><span style=\"color: blue\">&nbsp;&nbsp;<br \/>\n<\/span>1.987<\/b><\/span><\/div>\n<div style=\"text-align: center\">\n<b><span style=\"color: blue\">Daniel P\u00edriz<\/span><\/b><b>&nbsp;&nbsp; 1.945<\/b><\/div>\n<div style=\"text-align: center\">\n<b><span style=\"color: blue\">Jorge Sim\u00f3n<\/span><\/b><b>&nbsp;&nbsp; 1.894<\/b><\/div>\n<div style=\"text-align: center\">\n<b><span style=\"color: blue\">Jos\u00e9 Mar\u00eda<br \/>\nRedondo&nbsp;&nbsp;&nbsp; <\/span><\/b><b>1.855<\/b><\/div>\n<div style=\"text-align: center\">\n<b><span style=\"color: blue\">Luis Miguel<br \/>\nMonreal<\/span><\/b><b>&nbsp;&nbsp; 1.852<\/b><\/div>\n<div style=\"text-align: center\">\n<b><span style=\"color: blue\">Javier<br \/>\nValdepe\u00f1as <\/span><\/b>(S16)&nbsp; <b>1.810<\/b><\/div>\n<div style=\"text-align: center\">\n<b><span style=\"color: blue\">Jos\u00e9 \u00c1ngel Vela<\/span>&nbsp;&nbsp;<\/b>&nbsp;<b>1.714<\/b><\/div>\n<div style=\"text-align: center\">\n<b><span style=\"color: blue\">Cosimo<br \/>\nLeonardo de Giorgi&nbsp; <\/span><\/b>(S18)&nbsp; <b>1.707<\/b><\/div>\n<div style=\"text-align: center\">\n<b><span style=\"color: blue\">Antonio Albo<\/span><\/b><b>&nbsp;&nbsp; 1.696<\/b><\/div>\n<div style=\"text-align: center\">\n<b><span style=\"color: blue\">Sergio<br \/>\nValencia<\/span><\/b><b>&nbsp;&nbsp; 1.689<\/b><\/div>\n<div style=\"text-align: center\">\n<b><span style=\"color: blue\">Jose M\u00aa<br \/>\nPastrana<\/span><\/b><b>&nbsp;&nbsp; 1.666<\/b><\/div>\n<div style=\"text-align: center\">\n<b><span style=\"color: blue\">Carlos Romo<\/span><\/b><b>&nbsp;&nbsp; 1.621<\/b><\/div>\n<div style=\"text-align: center\">\n<b><span style=\"color: blue\">Daniel Salas<\/span><\/b><b>&nbsp;&nbsp; 1.585<\/b><\/div>\n<div style=\"text-align: center\">\n<b><span style=\"color: blue\">Jes\u00fas M\u00aa<br \/>\nBricio<\/span><\/b><b>&nbsp; 1.540<\/b><\/div>\n<div style=\"text-align: center\">\n<b><span lang=\"EN-GB\" style=\"color: blue\">Irene Sim\u00f3n<\/span><\/b><b><span lang=\"EN-GB\">&nbsp; (<\/span><\/b><span lang=\"EN-GB\">S16F)&nbsp;&nbsp;&nbsp; <b>1.515<\/b><\/span><\/div>\n<div style=\"text-align: center\">\n<b><span style=\"color: maroon\">Alfredo<br \/>\nAmador&nbsp; <\/span><\/b><span style=\"color: maroon\">(S12)&nbsp;&nbsp; <b>1.463<\/b><\/span><\/div>\n<div style=\"text-align: center\">\n<b><span style=\"color: maroon\">Silvia Toribio<br \/>\n<\/span><\/b><span style=\"color: maroon\">(S18F)&nbsp;&nbsp;&nbsp; <b>1.425<\/b><\/span><\/div>\n<div style=\"text-align: center\">\n<b><span style=\"color: maroon\">Roberto<br \/>\nL\u00f3pez&nbsp; <\/span><\/b><span style=\"color: maroon\">(S14)&nbsp; <b>1.365<\/b><\/span><\/div>\n<div style=\"text-align: center\">\n<b><span style=\"color: blue\">Arturo<br \/>\nMate&nbsp; <\/span><\/b>(S14)&nbsp;<br \/>\n<b>1.338<\/b><\/div>\n<div style=\"text-align: center\">\n<b><span style=\"color: blue\">Julio M\u00e9rida<\/span><\/b><b>&nbsp; <\/b>(S14)&nbsp;&nbsp; <b>1.326<\/b><\/div>\n<div style=\"text-align: center\">\n<b><span style=\"color: maroon\">Marta<br \/>\nEspinosa&nbsp; <\/span><\/b><span style=\"color: maroon\">(S16F)&nbsp; <b>1.310<\/b><\/span><\/div>\n<div style=\"text-align: center\">\n<b><span lang=\"EN-GB\" style=\"color: blue\">Alonso L\u00f3pez<\/span><span lang=\"EN-GB\">&nbsp;&nbsp;<\/span><\/b><span lang=\"EN-GB\">(S10)&nbsp;&nbsp;<\/span><span lang=\"EN-GB\"><b>1.290<\/b><\/span><\/div>\n<div style=\"text-align: center\">\n<b><span style=\"color: blue\">Alba P\u00edriz<\/span><\/b><b>&nbsp; <\/b>(S16F)&nbsp;&nbsp; <b>1.289<\/b><\/div>\n<div style=\"text-align: center\">\n<b><span style=\"color: maroon\">Enrique<br \/>\nVelasco&nbsp; <\/span><\/b><span style=\"color: maroon\">(S14)&nbsp; <b>1.250<\/b><\/span><\/div>\n<div style=\"text-align: center\">\n<b><span style=\"color: maroon\">Julia<br \/>\nMeza&nbsp; <\/span><\/b><span style=\"color: maroon\">(S14F)&nbsp; <b>1.094<\/b><\/span><\/div>\n<div style=\"text-align: center\">\n<b><span style=\"color: blue\">Isabel Marcos-Alberca<\/span>&nbsp;<\/b>(S14F)&nbsp;&nbsp;&nbsp;<b>1.040<\/b><\/div>\n<div style=\"text-align: center\">\n<span style=\"font-family: Trebuchet MS, sans-serif\"><b><span style=\"color: blue\">Nuria<br \/>\nLozano&nbsp; <\/span><\/b>(S10F)&nbsp; <\/span><b><span style=\"font-family: Trebuchet MS, sans-serif\">1.022<\/span><\/b><\/div>\n<p><\/span><\/p>\n","protected":false},"excerpt":{"rendered":"<p>La lista de ELO de la FIDE del mes de mayo incluye a 4 j\u00f3venes ajedrecistas de nuestras escuelas como incorporaciones m\u00e1s novedosas, llegando a un total de 30 jugadores federados con valoraci\u00f3n internacional entre los dos clubes que integran el proyecto. Alfredo Amador And\u00fajar, Marta Espinosa Gil, Enrique Velasco Aragon\u00e9s y Julia Meza Osorio, [&hellip;]<\/p>\n","protected":false},"author":1,"featured_media":2420,"comment_status":"open","ping_status":"closed","sticky":false,"template":"","format":"standard","meta":{"footnotes":""},"categories":[1],"tags":[],"class_list":["post-2419","post","type-post","status-publish","format-standard","has-post-thumbnail","hentry","category-noticias"],"_links":{"self":[{"href":"https:\/\/www.bfv.cloud\/ajedrezeuropa\/wp-json\/wp\/v2\/posts\/2419","targetHints":{"allow":["GET"]}}],"collection":[{"href":"https:\/\/www.bfv.cloud\/ajedrezeuropa\/wp-json\/wp\/v2\/posts"}],"about":[{"href":"https:\/\/www.bfv.cloud\/ajedrezeuropa\/wp-json\/wp\/v2\/types\/post"}],"author":[{"embeddable":true,"href":"https:\/\/www.bfv.cloud\/ajedrezeuropa\/wp-json\/wp\/v2\/users\/1"}],"replies":[{"embeddable":true,"href":"https:\/\/www.bfv.cloud\/ajedrezeuropa\/wp-json\/wp\/v2\/comments?post=2419"}],"version-history":[{"count":1,"href":"https:\/\/www.bfv.cloud\/ajedrezeuropa\/wp-json\/wp\/v2\/posts\/2419\/revisions"}],"predecessor-version":[{"id":2421,"href":"https:\/\/www.bfv.cloud\/ajedrezeuropa\/wp-json\/wp\/v2\/posts\/2419\/revisions\/2421"}],"wp:featuredmedia":[{"embeddable":true,"href":"https:\/\/www.bfv.cloud\/ajedrezeuropa\/wp-json\/wp\/v2\/media\/2420"}],"wp:attachment":[{"href":"https:\/\/www.bfv.cloud\/ajedrezeuropa\/wp-json\/wp\/v2\/media?parent=2419"}],"wp:term":[{"taxonomy":"category","embeddable":true,"href":"https:\/\/www.bfv.cloud\/ajedrezeuropa\/wp-json\/wp\/v2\/categories?post=2419"},{"taxonomy":"post_tag","embeddable":true,"href":"https:\/\/www.bfv.cloud\/ajedrezeuropa\/wp-json\/wp\/v2\/tags?post=2419"}],"curies":[{"name":"wp","href":"https:\/\/api.w.org\/{rel}","templated":true}]}}