{"id":2422,"date":"2017-02-08T20:30:00","date_gmt":"2017-02-08T20:30:00","guid":{"rendered":"https:\/\/www.bfv.cloud\/ajedrezeuropa\/index.php\/2017\/02\/08\/la-escuela-de-ajedrez-de-alcazar-logra-5-trofeos-en-el-escolar-de-ciudad-real\/"},"modified":"2025-11-20T10:46:46","modified_gmt":"2025-11-20T10:46:46","slug":"la-escuela-de-ajedrez-de-alcazar-logra-5-trofeos-en-el-escolar-de-ciudad-real","status":"publish","type":"post","link":"https:\/\/www.bfv.cloud\/ajedrezeuropa\/la-escuela-de-ajedrez-de-alcazar-logra-5-trofeos-en-el-escolar-de-ciudad-real\/","title":{"rendered":"\u00a1\u00a1LA ESCUELA DE AJEDREZ DE ALC\u00c1ZAR LOGRA 5 TROFEOS EN EL ESCOLAR DE CIUDAD REAL!!"},"content":{"rendered":"<table cellpadding=\"0\" cellspacing=\"0\" class=\"tr-caption-container\" style=\"float: left;margin-right: 1em;text-align: left\">\n<tbody>\n<tr>\n<td style=\"text-align: center\"><a href=\"https:\/\/www.bfv.cloud\/ajedrezeuropa\/wp-content\/uploads\/2017\/02\/IMG_20170205_141302.jpg\" style=\"clear: left;margin-bottom: 1em;margin-left: auto;margin-right: auto\"><img fetchpriority=\"high\" decoding=\"async\" border=\"0\" height=\"263\" src=\"https:\/\/blogger.googleusercontent.com\/img\/b\/R29vZ2xl\/AVvXsEi14WFvSG3TauF6gXLiUMVeEVzeb8NWsaF5Hi5aKzloJAL9Vg5QeyCHlX1GEq7eHVN2zqNeBGLbRQZUxU26MhTfrbdBc89cZ6AUWopqZmF4CX1n4CmuBjVIouiTDeKM-55uAQ4z1Ad7sfY\/s400\/IMG_20170205_141302.jpg\" width=\"400\" \/><\/a><\/td>\n<\/tr>\n<tr>\n<td class=\"tr-caption\" style=\"text-align: center\">Los 14 ajedrecistas de la escuela alcazare\u00f1a con los 5 trofeos conseguidos<\/td>\n<\/tr>\n<\/tbody>\n<\/table>\n<p>&nbsp;<span style=\"font-family: Helvetica Neue, Arial, Helvetica, sans-serif;font-size: large\"><b>La Escuela de Ajedrez de Alc\u00e1zar de San Juan volvi\u00f3 a destacar en la fase provincial del Deporte en Edad Escolar de Ciudad Real tras lograr 5 trofeos y clasificar a 3 chicas para la final regional.&nbsp;<\/b><\/span><br \/>\n<span style=\"font-family: Helvetica Neue, Arial, Helvetica, sans-serif;font-size: large\"><b>Este campeonato, finalizado el pasado fin de semana en Miguelturra despu\u00e9s de 4 jornadas, ofreci\u00f3 la oportunidad de participar a 10 chicos y 4 chicas de la escuela alcazare\u00f1a, destacando el t\u00edtulo de campeona infantil conseguido por nuestra jugadora Nuria Lozano Serrano, que en todo momento estuvo luchando en las primeras mesas en dura competencia con los chicos mejor clasificados. Dentro de esta categor\u00eda, Clara Vela Adri\u00e1n, obtuvo la medalla de bronce, quedando ambas clasificadas para la fase regional.<\/b><\/span><\/p>\n<table align=\"center\" cellpadding=\"0\" cellspacing=\"0\" class=\"tr-caption-container\" style=\"margin-left: auto;margin-right: auto;text-align: center\">\n<tbody>\n<tr>\n<td style=\"text-align: center\"><a href=\"https:\/\/www.bfv.cloud\/ajedrezeuropa\/wp-content\/uploads\/2017\/02\/IMG_20170205_140517.jpg\" style=\"margin-left: auto;margin-right: auto\"><img decoding=\"async\" border=\"0\" height=\"444\" src=\"https:\/\/blogger.googleusercontent.com\/img\/b\/R29vZ2xl\/AVvXsEjbWZ_6uLFxvgDYgahLLseewSqZqgElceprVe4ZKfopumiD0gr8H31I2zfVn3dW76xA1fjDwMTvZom2QzZy4hStffppXHNxXIjSwPqUg2ebFr1uOui_ZMQS2wrzZkQC6IYdHp-sMdoeXrA\/s640\/IMG_20170205_140517.jpg\" width=\"640\" \/><\/a><\/td>\n<\/tr>\n<tr>\n<td class=\"tr-caption\" style=\"text-align: center\">La categor\u00eda INFANTIL FEMENINA del CRDEE de Ciudad Real fue dominada por la alcazare\u00f1a Nuria Lozano, quedando<br \/>su compa\u00f1era Clara Vela en 3\u00aa posici\u00f3n<\/td>\n<\/tr>\n<\/tbody>\n<\/table>\n<table cellpadding=\"0\" cellspacing=\"0\" class=\"tr-caption-container\" style=\"float: right;text-align: right\">\n<tbody>\n<tr>\n<td style=\"text-align: center\"><a href=\"https:\/\/www.bfv.cloud\/ajedrezeuropa\/wp-content\/uploads\/2017\/02\/IMG_20170205_135939.jpg\" style=\"clear: right;margin-bottom: 1em;margin-left: auto;margin-right: auto\"><img decoding=\"async\" border=\"0\" height=\"385\" src=\"https:\/\/blogger.googleusercontent.com\/img\/b\/R29vZ2xl\/AVvXsEjyEr-E5Y8-Uzv1TGFcJymfVppDXvXDY41SK02HTndgmjo2yJuldPTGoUwFO8UzPp5USJyLeKkqq5kDgjMVniRAIvSllKbGPtOClu5fLIH16YdAQuctLOYXb97JzLh1Y08qy-Pca7BFfFQ\/s400\/IMG_20170205_135939.jpg\" width=\"400\" \/><\/a><\/td>\n<\/tr>\n<tr>\n<td class=\"tr-caption\" style=\"text-align: center\">La ESCUELA DE AJEDREZ DE ALC\u00c1ZAR qued\u00f3 en 3\u00aa posici\u00f3n de<br \/>la clasificaci\u00f3n por equipos del INFANTIL<\/td>\n<\/tr>\n<\/tbody>\n<\/table>\n<p>&nbsp;<span style=\"font-family: Helvetica Neue, Arial, Helvetica, sans-serif;font-size: large\"><b>Los otros 8 ajedrecistas que formaron el equipo infantil alcazare\u00f1o tambi\u00e9n obtuvieron resultados dentro de sus objetivos, ocupando las siguientes posiciones:<\/b><\/span><br \/>\n<span style=\"font-family: Helvetica Neue, Arial, Helvetica, sans-serif;font-size: large\"><b>Daniel Climent (11\u00ba), Roberto Yeghiazaryan (15\u00ba), Arsenio L\u00f3pez (35\u00ba),<\/b><\/span><br \/>\n<span style=\"font-family: Helvetica Neue, Arial, Helvetica, sans-serif;font-size: large\"><b>Adri\u00e1n Alhambra (39\u00ba), Rafael Carrasco (42\u00ba), Marta Vela (11\u00aa femenina), \u00c1ngel Carrasco (77\u00ba) y Daniel \u00dabeda (94\u00ba).<\/b><\/span><\/p>\n<table cellpadding=\"0\" cellspacing=\"0\" class=\"tr-caption-container\" style=\"float: left;text-align: left\">\n<tbody>\n<tr>\n<td style=\"text-align: center\"><a href=\"https:\/\/www.bfv.cloud\/ajedrezeuropa\/wp-content\/uploads\/2017\/02\/IMG_20170205_140119.jpg\" style=\"clear: left;margin-bottom: 1em;margin-left: auto;margin-right: auto\"><img loading=\"lazy\" decoding=\"async\" border=\"0\" height=\"400\" src=\"https:\/\/blogger.googleusercontent.com\/img\/b\/R29vZ2xl\/AVvXsEgpy4URnc_8aznNEkBulWeaV-iJBLQDHOjAuB3XdCVOMiLepn5V4kVt93Ca2r7_2POvEH-mfLghYL7BiYImrDFqRvIz4NOZ4wQQEvXIJvqZH0o6JFqhklSHscs6Va9hE97JM3H-m4iltHc\/s400\/IMG_20170205_140119.jpg\" width=\"273\" \/><\/a><\/td>\n<\/tr>\n<tr>\n<td class=\"tr-caption\" style=\"text-align: center\">BRONCE de los cadetes de la ESCUELA<br \/>DE ALC\u00c1ZAR en la clasificaci\u00f3n<br \/>por equipos<\/td>\n<\/tr>\n<\/tbody>\n<\/table>\n<p><span style=\"font-family: Helvetica Neue, Arial, Helvetica, sans-serif;font-size: large\"><b>En la categor\u00eda cadete, Isabel Marcos-Alberca, se clasificaba para el regional y lograba la 2\u00aa plaza del femenino, mientras los chicos se situaban: (8\u00ba) Julio M\u00e9rida, (9\u00ba) Enrique Velasco, (14\u00ba) Pablo Vela.<\/b><\/span><\/p>\n<p><span style=\"color: #351c75;font-family: Helvetica Neue, Arial, Helvetica, sans-serif;font-size: large\"><i><u>2 BRONCES EN LAS CLASIFICACIONES POR EQUIPOS<\/u><\/i><\/span><br \/>\n<span style=\"color: #351c75;font-family: Helvetica Neue, Arial, Helvetica, sans-serif;font-size: large\"><b>La actuaci\u00f3n de los equipos cadete e infantil de la Escuela de Ajedrez de Alc\u00e1zar tambi\u00e9n mereci\u00f3 sendas medallas de bronce para sus componentes, ofreciendo para el conjunto de nuestros ajedrecistas un balance positivo esta nueva edici\u00f3n del escolar ciudarreale\u00f1o.<\/b><\/span><br \/>\n<span style=\"font-family: Helvetica Neue, Arial, Helvetica, sans-serif;font-size: large\"><i><u><br \/><\/u><\/i><\/span><\/p>\n","protected":false},"excerpt":{"rendered":"<p>Los 14 ajedrecistas de la escuela alcazare\u00f1a con los 5 trofeos conseguidos &nbsp;La Escuela de Ajedrez de Alc\u00e1zar de San Juan volvi\u00f3 a destacar en la fase provincial del Deporte en Edad Escolar de Ciudad Real tras lograr 5 trofeos y clasificar a 3 chicas para la final regional.&nbsp; Este campeonato, finalizado el pasado fin [&hellip;]<\/p>\n","protected":false},"author":1,"featured_media":2423,"comment_status":"open","ping_status":"closed","sticky":false,"template":"","format":"standard","meta":{"footnotes":""},"categories":[1],"tags":[],"class_list":["post-2422","post","type-post","status-publish","format-standard","has-post-thumbnail","hentry","category-noticias"],"_links":{"self":[{"href":"https:\/\/www.bfv.cloud\/ajedrezeuropa\/wp-json\/wp\/v2\/posts\/2422","targetHints":{"allow":["GET"]}}],"collection":[{"href":"https:\/\/www.bfv.cloud\/ajedrezeuropa\/wp-json\/wp\/v2\/posts"}],"about":[{"href":"https:\/\/www.bfv.cloud\/ajedrezeuropa\/wp-json\/wp\/v2\/types\/post"}],"author":[{"embeddable":true,"href":"https:\/\/www.bfv.cloud\/ajedrezeuropa\/wp-json\/wp\/v2\/users\/1"}],"replies":[{"embeddable":true,"href":"https:\/\/www.bfv.cloud\/ajedrezeuropa\/wp-json\/wp\/v2\/comments?post=2422"}],"version-history":[{"count":1,"href":"https:\/\/www.bfv.cloud\/ajedrezeuropa\/wp-json\/wp\/v2\/posts\/2422\/revisions"}],"predecessor-version":[{"id":2427,"href":"https:\/\/www.bfv.cloud\/ajedrezeuropa\/wp-json\/wp\/v2\/posts\/2422\/revisions\/2427"}],"wp:featuredmedia":[{"embeddable":true,"href":"https:\/\/www.bfv.cloud\/ajedrezeuropa\/wp-json\/wp\/v2\/media\/2423"}],"wp:attachment":[{"href":"https:\/\/www.bfv.cloud\/ajedrezeuropa\/wp-json\/wp\/v2\/media?parent=2422"}],"wp:term":[{"taxonomy":"category","embeddable":true,"href":"https:\/\/www.bfv.cloud\/ajedrezeuropa\/wp-json\/wp\/v2\/categories?post=2422"},{"taxonomy":"post_tag","embeddable":true,"href":"https:\/\/www.bfv.cloud\/ajedrezeuropa\/wp-json\/wp\/v2\/tags?post=2422"}],"curies":[{"name":"wp","href":"https:\/\/api.w.org\/{rel}","templated":true}]}}