{"id":2428,"date":"2015-12-10T00:48:00","date_gmt":"2015-12-10T00:48:00","guid":{"rendered":"https:\/\/www.bfv.cloud\/ajedrezeuropa\/index.php\/2015\/12\/10\/nuestro-ajedrez-en-europa-regresa-del-campeonato-de-espana-por-equipos-sub-16-con-la-13a-plaza\/"},"modified":"2025-11-20T10:46:55","modified_gmt":"2025-11-20T10:46:55","slug":"nuestro-ajedrez-en-europa-regresa-del-campeonato-de-espana-por-equipos-sub-16-con-la-13a-plaza","status":"publish","type":"post","link":"https:\/\/www.bfv.cloud\/ajedrezeuropa\/nuestro-ajedrez-en-europa-regresa-del-campeonato-de-espana-por-equipos-sub-16-con-la-13a-plaza\/","title":{"rendered":"\u201cNUESTRO AJEDREZ EN EUROPA\u201d REGRESA DEL CAMPEONATO DE ESPA\u00d1A POR EQUIPOS SUB-16 CON LA 13\u00aa PLAZA"},"content":{"rendered":"<table cellpadding=\"0\" cellspacing=\"0\" class=\"tr-caption-container\" style=\"float: right;margin-left: 1em;text-align: right\">\n<tbody>\n<tr>\n<td style=\"text-align: center\"><a href=\"https:\/\/www.bfv.cloud\/ajedrezeuropa\/wp-content\/uploads\/2015\/12\/SAM_2296.jpg\" style=\"clear: right;margin-bottom: 1em;margin-left: auto;margin-right: auto\"><img fetchpriority=\"high\" decoding=\"async\" border=\"0\" height=\"457\" src=\"https:\/\/blogger.googleusercontent.com\/img\/b\/R29vZ2xl\/AVvXsEhllL64FRIyXxuGVlTYUKzhFkfcFStBc3dj7FhIKX4RAXDwLbYud_VFa7GivncMuBw2QZetT4OQi0uOh_nEGbFCLXnvb1rT9nRzxd9iFNTFaRyjezWrWlRtlosRZWa1Os_3__zkK4cBFoY\/s640\/SAM_2296.JPG\" width=\"640\" \/><\/a><\/td>\n<\/tr>\n<tr>\n<td class=\"tr-caption\" style=\"text-align: center\">Todos nuestros jugadores en la entrada principal el hotel Bali<\/td>\n<\/tr>\n<\/tbody>\n<\/table>\n<p><span style=\"color: #274e13;font-family: Trebuchet MS, sans-serif\"><b>&nbsp;<\/b><u>\u201cNUESTRO AJEDREZ EN EUROPA\u201d MEJORA 3 POSICIONES SU<br \/>\nRANKING INICIAL<\/u><\/span><\/p>\n<div class=\"MsoBodyText3\">\n<b><span style=\"color: #274e13;font-family: Trebuchet MS, sans-serif\"><\/span><\/b><\/div>\n<div class=\"MsoBodyText2\">\n<b><span style=\"color: #274e13;font-family: Trebuchet MS, sans-serif\">El VIII Campeonato de Espa\u00f1a por Equipos de la categor\u00eda<br \/>\nSub-16 se clausuraba el pasado 8 de diciembre en el Hotel Bali de Benidorm,<br \/>\ndespu\u00e9s de 5 d\u00edas de intensa competici\u00f3n que ha contado con la participaci\u00f3n de<br \/>\n25 clubes de la mayor parte del territorio nacional.<\/span><\/b><\/div>\n<table cellpadding=\"0\" cellspacing=\"0\" class=\"tr-caption-container\" style=\"float: right;margin-left: 1em;text-align: right\">\n<tbody>\n<tr>\n<td style=\"text-align: center\"><a href=\"https:\/\/www.bfv.cloud\/ajedrezeuropa\/wp-content\/uploads\/2015\/12\/SAM_2301.jpg\" style=\"clear: left;margin-bottom: 1em;margin-left: auto;margin-right: auto\"><b><span style=\"font-family: Trebuchet MS, sans-serif\"><img decoding=\"async\" border=\"0\" height=\"242\" src=\"https:\/\/blogger.googleusercontent.com\/img\/b\/R29vZ2xl\/AVvXsEhFk07yy4aulXmgr2Ja2hs3a58ASWu1RVC4JUDoRxzISrBiTewH2bawU3VHNEqoMPCPJljE5OeSUFI0nMSjyK0n1vswfonr3y2-DbPLZa3YN_T3m_wCq6hx05E_mhh6HHy01Wmap1x4Vjo\/s400\/SAM_2301.JPG\" width=\"400\" \/><\/span><\/b><\/a><\/td>\n<\/tr>\n<tr>\n<td class=\"tr-caption\" style=\"text-align: center\"><b><span style=\"font-family: Trebuchet MS, sans-serif\">EUROPA ante el tablero<\/span><\/b><\/td>\n<\/tr>\n<\/tbody>\n<\/table>\n<div class=\"MsoBodyText2\">\n<b><span style=\"color: #274e13;font-family: Trebuchet MS, sans-serif\">El CD NUESTRO AJEDREZ EN EUROPA ha tomado parte en<br \/>\nla m\u00e1s alta competici\u00f3n por equipos sub-16 por 7\u00ba a\u00f1o consecutivo, demostrando<br \/>\nuna vez m\u00e1s que todo el trabajo de preparaci\u00f3n y entrenamiento que se planifica<br \/>\na lo largo de la temporada desde las escuelas municipales de Alc\u00e1zar y<br \/>\nVillafranca, as\u00ed como desde el proyecto que ambas comparten, tiene su<br \/>\nrecompensa. Al igual que en las ediciones precedentes, el resultado final<br \/>\nocupando la 13\u00aa plaza, mejora la fuerza te\u00f3rica inicial del equipo desde la que<br \/>\npart\u00eda (16\u00ba). La evoluci\u00f3n positiva de las distintas composiciones que ha<br \/>\npresentado el club desde 2009 hasta hoy vuelven a demostrar la vigencia e<br \/>\nimportancia del trabajo desarrollado durante m\u00e1s de 8 a\u00f1os, aprovechando<br \/>\nsiempre todas las actividades formativas consolidadas por el proyecto \u201cNuestro<br \/>\nAjedrez en Europa\u201d.<\/span><\/b><\/div>\n<div class=\"MsoBodyText2\">\n<b><span style=\"color: #274e13;font-family: Trebuchet MS, sans-serif\">El equipo de 2015 ha estado compuesto por: Javier<br \/>\nValdepe\u00f1as Octavio (ha sumado 5 puntos en 7 partidas); Irene Sim\u00f3n<br \/>\nEscalona (con 2 sobre 5); Roberto L\u00f3pez N\u00fa\u00f1ez (2,5 de 6); Alfredo<br \/>\nAmador And\u00fajar (1,5 de 4); Julio M\u00e9rida Ortiz (2 de 3); Arturo<br \/>\nMate Mart\u00edn (1,5 de 2); Marta Espinosa Gil (0 de 1)<\/span><\/b><\/div>\n<div class=\"MsoBodyText2\">\n<\/div>\n<div class=\"MsoBodyText2\">\n<i><u><span style=\"font-family: Trebuchet MS, sans-serif\"><span style=\"color: #274e13\">\u201cNUESTRO AJEDREZ POR LA IGUALDAD\u201d OCUPA LA 25\u00aa<br \/>\nPLAZA <\/span><b><\/b><\/span><\/u><\/i><\/div>\n<table align=\"center\" cellpadding=\"0\" cellspacing=\"0\" class=\"tr-caption-container\" style=\"float: right;margin-left: 1em;text-align: right\">\n<tbody>\n<tr>\n<td style=\"text-align: center\"><a href=\"https:\/\/www.bfv.cloud\/ajedrezeuropa\/wp-content\/uploads\/2015\/12\/SAM_2305.jpg\" style=\"clear: left;margin-bottom: 1em;margin-left: auto;margin-right: auto\"><img decoding=\"async\" border=\"0\" height=\"193\" src=\"https:\/\/blogger.googleusercontent.com\/img\/b\/R29vZ2xl\/AVvXsEixHWp0kn-Yax6AznJFkI3z1N9dr_dwDQQfkbJ3LVpIi4yfqEpJKfApHm7kuKupv5p5usesXri2g5nKK20MXaH9_MBHtRXKw6LimfhyphenhyphenTZiPvVPru-RXCzMDvY4D7Uvt8Xc_2iDfovBUlgE\/s400\/SAM_2305.JPG\" width=\"400\" \/><\/a><\/td>\n<\/tr>\n<tr>\n<td class=\"tr-caption\" style=\"text-align: center\">LA IGUALDAD, un equipo con todo el futuro por<br \/>delante y una media de edad de 11 a\u00f1os<\/td>\n<\/tr>\n<\/tbody>\n<\/table>\n<table cellpadding=\"0\" cellspacing=\"0\" class=\"tr-caption-container\" style=\"float: right;text-align: right\">\n<tbody>\n<tr>\n<td style=\"text-align: center\"><a href=\"https:\/\/www.bfv.cloud\/ajedrezeuropa\/wp-content\/uploads\/2015\/12\/20151207_162714.jpg\" style=\"clear: right;margin-bottom: 1em;margin-left: auto;margin-right: auto\"><img loading=\"lazy\" decoding=\"async\" border=\"0\" height=\"177\" src=\"https:\/\/blogger.googleusercontent.com\/img\/b\/R29vZ2xl\/AVvXsEi7fgZ4zPQ_l_MIsbabwg2UVOeOiBmfZZzNNQAeHFSt3cK7khfmfwdBzwOC8G2A4w8XRk74YLrwdgw5xwT1ERrMQvGXt05lF8RJ9Kb7ntoJrZ92MzOLyL8bdU3XakwFc6mkYX1BlzYuX3s\/s320\/20151207_162714.jpg\" width=\"320\" \/><\/a><\/td>\n<\/tr>\n<tr>\n<td class=\"tr-caption\" style=\"text-align: center\">Gabriel Amador en su segunda participaci\u00f3n en el<br \/>torneo sub-10 del Bali<\/td>\n<\/tr>\n<\/tbody>\n<\/table>\n<div class=\"MsoBodyText2\">\n<b><span style=\"color: #274e13;font-family: Trebuchet MS, sans-serif\">El segundo club del proyecto, \u201cNUESTRO AJEDREZ POR LA<br \/>\nIGUALDAD\u201d, ha sumado su 5\u00aa participaci\u00f3n en esta fase final del CECLUB<br \/>\nS-16. Aunque siempre ha sido el equipo de iniciaci\u00f3n en la competici\u00f3n nacional<br \/>\npara los alumnos de las escuelas de ajedrez de Alc\u00e1zar y Villafranca, este a\u00f1o,<br \/>\nm\u00e1s que nunca, decidimos apostar por los m\u00e1s j\u00f3venes, dando entrada a 4<br \/>\npromesas del ajedrez de entre 9 y 13 a\u00f1os de edad. Con este planteamiento de largo<br \/>\nalcance, lo realmente importante era verlos crecer en su juego y darles la<br \/>\noportunidad de ir adquiriendo la experiencia necesaria para poder afrontar<br \/>\ngrandes retos y competiciones en un futuro pr\u00f3ximo. A este equipo, uno de los<br \/>\ndos con menor media de edad de todo el campeonato, le ha correspondido<br \/>\nenfrentarse con clubes tan consolidados y experimentados como Lorca,<br \/>\nmedalla de bronce 2015, o sus compa\u00f1eros de Europa, aumentando en estos<br \/>\nenfrentamientos su capacidad de entrega&nbsp;<br \/>\ny de lucha. <\/span><\/b><\/div>\n<table cellpadding=\"0\" cellspacing=\"0\" class=\"tr-caption-container\" style=\"float: right;text-align: right\">\n<tbody>\n<tr>\n<td style=\"text-align: center\"><a href=\"https:\/\/www.bfv.cloud\/ajedrezeuropa\/wp-content\/uploads\/2015\/12\/20151207_162637.jpg\" style=\"clear: right;margin-bottom: 1em;margin-left: auto;margin-right: auto\"><span style=\"color: #274e13\"><img loading=\"lazy\" decoding=\"async\" border=\"0\" height=\"272\" src=\"https:\/\/blogger.googleusercontent.com\/img\/b\/R29vZ2xl\/AVvXsEiqRWPu-3hMuDoKPwOOV2gDbPvspMznVf8GNHy5xmvqy01tuxz-K7tVj_FEVYpPe-5t1lXwDo1ov8G_WTncHpuKuM9HOepKVjDuGFzmavyD4c5nvCy4avlsDHcZpnLrdpCtTAcZYNtI8a0\/s320\/20151207_162637.jpg\" width=\"320\" \/><\/span><\/a><\/td>\n<\/tr>\n<tr>\n<td class=\"tr-caption\" style=\"text-align: center\"><span style=\"color: #274e13\">\u00c1lvaro Alberca y su hermano Manuel al inicio de<br \/>una ronda del torneo sub-10<\/span><\/td>\n<\/tr>\n<\/tbody>\n<\/table>\n<div class=\"MsoBodyText2\">\n<b><span style=\"color: #274e13;font-family: Trebuchet MS, sans-serif\">Otro de los valores que destaca en \u201cLa Igualdad\u201d es la<br \/>\npresencia mayoritariamente femenina en su formaci\u00f3n. Con 4 chicas y 2 chicos,<br \/>\nha sido el club con mayor n\u00famero de ni\u00f1as, cuando la mayor parte de los equipos<br \/>\ns\u00f3lo contaban con una o ninguna entre sus jugadores.<\/span><\/b><\/div>\n<div class=\"MsoBodyText2\">\n<b><span style=\"color: #274e13;font-family: Trebuchet MS, sans-serif\">La composici\u00f3n, seg\u00fan el orden de fuerza, ha sido: Alonso<br \/>\nL\u00f3pez N\u00fa\u00f1ez de 9 a\u00f1os, Enrique Velasco Aragon\u00e9s de 13 a\u00f1os, Julia Meza Osorio de 13 a\u00f1os, M\u00aa Isabel Marcos-Alberca Lizcano de 13<br \/>\na\u00f1os, Nuria Lozano Serrano de 10<br \/>\na\u00f1os y Mar\u00eda Oliver Ropero de 12.&nbsp;<\/span><\/b><\/div>\n<div class=\"separator\" style=\"clear: both;text-align: center\">\n<table align=\"center\" cellpadding=\"0\" cellspacing=\"0\" class=\"tr-caption-container\" style=\"margin-left: auto;margin-right: auto;text-align: center\">\n<tbody>\n<tr>\n<td style=\"text-align: center\"><a href=\"https:\/\/www.bfv.cloud\/ajedrezeuropa\/wp-content\/uploads\/2015\/12\/SAM_2316.jpg\" style=\"margin-left: auto;margin-right: auto\"><img loading=\"lazy\" decoding=\"async\" border=\"0\" height=\"348\" src=\"https:\/\/blogger.googleusercontent.com\/img\/b\/R29vZ2xl\/AVvXsEhGYWJKKSLc0XHwDPx-TaAl8myTuMkTSXmOjZJTsk0vl2qQSBsbqOeEksnmd1jsDjYeEk0eIdFoIkUlemvtv23WF6ibBY8PDTPiJTUI9ScCaeYln9PiPHU4t3vRQsIHAPWDqlUmsq7En0c\/s640\/SAM_2316.JPG\" width=\"640\" \/><\/a><\/td>\n<\/tr>\n<tr>\n<td class=\"tr-caption\" style=\"text-align: center\">Una visi\u00f3n de la playa de poniente de Benidorm al amanecer<\/td>\n<\/tr>\n<\/tbody>\n<\/table>\n<\/div>\n<div class=\"MsoBodyText2\">\n<i><u><span style=\"color: #660000\">&nbsp;<span style=\"font-family: Trebuchet MS, sans-serif\">LOS TORNEOS<br \/>\nINDIVIDUALES DEL HOTEL BALI<b><\/b><\/span><\/span><\/u><\/i><\/div>\n<div class=\"MsoBodyText2\">\n<b><span style=\"color: #660000;font-family: Trebuchet MS, sans-serif\">Como complemento<br \/>\na la participaci\u00f3n de los equipos en el nacional, otros 4 ajedrecistas de las<br \/>\nescuelas de Alc\u00e1zar y Villafranca han competido en los diferentes torneos de<br \/>\nNuevas Generaciones patrocinados por el Hotel Bali, dos de ellos<br \/>\ncompatibilizando el torneo individual con el de clubes. Los resultados de todos<br \/>\nellos han sido muy destacables:<\/span><\/b><\/div>\n<div align=\"center\" class=\"MsoBodyText2\" style=\"text-align: center\">\n<i><u><b><span style=\"color: #660000;font-family: Trebuchet MS, sans-serif\">Torneo sub-10<\/span><\/b><\/u><\/i><\/div>\n<div align=\"center\" class=\"MsoBodyText2\" style=\"text-align: center\">\n<b><span style=\"color: #660000;font-family: Trebuchet MS, sans-serif\">\u00c1lvaro Alberca, 47\u00ba clasificado con 2,5<br \/>\npuntos<\/span><\/b><\/div>\n<div align=\"center\" class=\"MsoBodyText2\" style=\"text-align: center\">\n<b><span style=\"color: #660000;font-family: Trebuchet MS, sans-serif\">Gabriel Amador, 49\u00ba<br \/>\nclasificado con 2 puntos.<\/span><\/b><\/div>\n<div align=\"center\" class=\"MsoBodyText2\" style=\"text-align: center\">\n<i><u><b><span style=\"color: #660000;font-family: Trebuchet MS, sans-serif\">Torneo sub-14<\/span><\/b><\/u><\/i><\/div>\n<div align=\"center\" class=\"MsoBodyText2\" style=\"text-align: center\">\n<b><span style=\"color: #660000;font-family: Trebuchet MS, sans-serif\">Arturo Mate, 13\u00ba<br \/>\nclasificado con 4 puntos.<\/span><\/b><\/div>\n<div align=\"center\" class=\"MsoBodyText2\" style=\"text-align: center\">\n<i><u><b><span style=\"color: #660000;font-family: Trebuchet MS, sans-serif\">Torneo sub-16<br \/>\ny sub-18<\/span><\/b><\/u><\/i><\/div>\n<div align=\"center\" class=\"MsoBodyText2\" style=\"text-align: center\">\n<b><span style=\"color: #660000;font-family: Trebuchet MS, sans-serif\">Marta Espinosa, 21\u00aa<br \/>\nclasificada con 2,5 puntos.<\/span><\/b><\/div>\n<div class=\"MsoBodyText2\">\n<\/div>\n<div class=\"MsoBodyText2\">\n<i><u><span style=\"color: #741b47;font-family: Trebuchet MS, sans-serif\">TODA LA INFORMACI\u00d3N A TRAV\u00c9S DE LAS REDES SOCIALES<b><\/b><\/span><\/u><\/i><\/div>\n<table align=\"center\" cellpadding=\"0\" cellspacing=\"0\" class=\"tr-caption-container\" style=\"float: right;margin-left: 1em;text-align: right\">\n<tbody>\n<tr>\n<td style=\"text-align: center\"><a href=\"https:\/\/www.bfv.cloud\/ajedrezeuropa\/wp-content\/uploads\/2015\/12\/SAM_2300.jpg\" style=\"clear: left;margin-bottom: 1em;margin-left: auto;margin-right: auto\"><img loading=\"lazy\" decoding=\"async\" border=\"0\" height=\"275\" src=\"https:\/\/blogger.googleusercontent.com\/img\/b\/R29vZ2xl\/AVvXsEhIa2ntJuQryNSwrDPg1VVos6ZHueKJ1oRQSSUYC4rVpXligd4tSzhHBtWNurBHoU0q5FC0CDd9aiL6slFw8CBlP5niPFmx6Y_xcM_3IQWvH12Yz8hRmqcXYkzw-xyahGn28xQv_60xZD4\/s400\/SAM_2300.JPG\" width=\"400\" \/><\/a><\/td>\n<\/tr>\n<tr>\n<td class=\"tr-caption\" style=\"text-align: center\">LA IGUALDAD se enfrenta al CA Lorca<\/p>\n<\/td>\n<\/tr>\n<\/tbody>\n<\/table>\n<div class=\"MsoBodyText2\">\n<b><span style=\"color: #741b47;font-family: Trebuchet MS, sans-serif\">Este a\u00f1o las im\u00e1genes de cada ronda se han ido subiendo a<br \/>\nlas redes sociales para complementar la informaci\u00f3n facilitada desde la<br \/>\nplataforma de resultados de torneos Chess-Results. A diario Facebook y Twiter<br \/>\nhan compartido distintos momentos de los jugadores de NUESTRO AJEDREZ EN EUROPA<br \/>\nen Benidorm, con la atenci\u00f3n inmediata de cientos de seguidores.<\/span><\/b><\/div>\n<div class=\"separator\" style=\"clear: both;text-align: center\">\n<\/div>\n","protected":false},"excerpt":{"rendered":"<p>Todos nuestros jugadores en la entrada principal el hotel Bali &nbsp;\u201cNUESTRO AJEDREZ EN EUROPA\u201d MEJORA 3 POSICIONES SU RANKING INICIAL El VIII Campeonato de Espa\u00f1a por Equipos de la categor\u00eda Sub-16 se clausuraba el pasado 8 de diciembre en el Hotel Bali de Benidorm, despu\u00e9s de 5 d\u00edas de intensa competici\u00f3n que ha contado con [&hellip;]<\/p>\n","protected":false},"author":1,"featured_media":2429,"comment_status":"open","ping_status":"closed","sticky":false,"template":"","format":"standard","meta":{"footnotes":""},"categories":[1],"tags":[],"class_list":["post-2428","post","type-post","status-publish","format-standard","has-post-thumbnail","hentry","category-noticias"],"_links":{"self":[{"href":"https:\/\/www.bfv.cloud\/ajedrezeuropa\/wp-json\/wp\/v2\/posts\/2428","targetHints":{"allow":["GET"]}}],"collection":[{"href":"https:\/\/www.bfv.cloud\/ajedrezeuropa\/wp-json\/wp\/v2\/posts"}],"about":[{"href":"https:\/\/www.bfv.cloud\/ajedrezeuropa\/wp-json\/wp\/v2\/types\/post"}],"author":[{"embeddable":true,"href":"https:\/\/www.bfv.cloud\/ajedrezeuropa\/wp-json\/wp\/v2\/users\/1"}],"replies":[{"embeddable":true,"href":"https:\/\/www.bfv.cloud\/ajedrezeuropa\/wp-json\/wp\/v2\/comments?post=2428"}],"version-history":[{"count":1,"href":"https:\/\/www.bfv.cloud\/ajedrezeuropa\/wp-json\/wp\/v2\/posts\/2428\/revisions"}],"predecessor-version":[{"id":2436,"href":"https:\/\/www.bfv.cloud\/ajedrezeuropa\/wp-json\/wp\/v2\/posts\/2428\/revisions\/2436"}],"wp:featuredmedia":[{"embeddable":true,"href":"https:\/\/www.bfv.cloud\/ajedrezeuropa\/wp-json\/wp\/v2\/media\/2429"}],"wp:attachment":[{"href":"https:\/\/www.bfv.cloud\/ajedrezeuropa\/wp-json\/wp\/v2\/media?parent=2428"}],"wp:term":[{"taxonomy":"category","embeddable":true,"href":"https:\/\/www.bfv.cloud\/ajedrezeuropa\/wp-json\/wp\/v2\/categories?post=2428"},{"taxonomy":"post_tag","embeddable":true,"href":"https:\/\/www.bfv.cloud\/ajedrezeuropa\/wp-json\/wp\/v2\/tags?post=2428"}],"curies":[{"name":"wp","href":"https:\/\/api.w.org\/{rel}","templated":true}]}}