{"id":2437,"date":"2015-08-15T19:00:00","date_gmt":"2015-08-15T19:00:00","guid":{"rendered":"https:\/\/www.bfv.cloud\/ajedrezeuropa\/index.php\/2015\/08\/15\/xiii-torneo-de-feria-de-alcazar-con-el-viii-torneo-sub-16-y-el-ii-torneo-sub-20\/"},"modified":"2025-11-20T10:46:57","modified_gmt":"2025-11-20T10:46:57","slug":"xiii-torneo-de-feria-de-alcazar-con-el-viii-torneo-sub-16-y-el-ii-torneo-sub-20","status":"publish","type":"post","link":"https:\/\/www.bfv.cloud\/ajedrezeuropa\/xiii-torneo-de-feria-de-alcazar-con-el-viii-torneo-sub-16-y-el-ii-torneo-sub-20\/","title":{"rendered":"XIII TORNEO DE FERIA DE ALC\u00c1ZAR CON EL VIII TORNEO SUB-16 Y EL II TORNEO SUB-20"},"content":{"rendered":"<div class=\"separator\" style=\"clear: both;text-align: center\">\n<a href=\"https:\/\/www.bfv.cloud\/ajedrezeuropa\/wp-content\/uploads\/2015\/08\/carteltorneodealc25C325A1zar20151.jpg\" style=\"clear: left;float: left;margin-bottom: 1em;margin-right: 1em\"><img fetchpriority=\"high\" decoding=\"async\" border=\"0\" height=\"640\" src=\"https:\/\/blogger.googleusercontent.com\/img\/b\/R29vZ2xl\/AVvXsEj_y3lTdMGsXVZiRskCsIFvht1OxeOXd69wEhoitKUl8By4dy2IA58x3pz4Aq5gNRAaosynGpbOoQT0P_f8bHRuuiFAKop6a4xvj-SA6IcAbUCtAZhq2_pfcDzmnshSu8uso60Hsav7M5o\/s640\/cartel+torneo+de+alc%25C3%25A1zar+2015+1.jpg\" width=\"454\" \/><\/a><\/div>\n<p><span style=\"font-family: Georgia, Times New Roman, serif\"><b style=\"background-color: #fff2cc\">El s\u00e1bado 29 de agosto se celebrar\u00e1 la 13\u00aa edici\u00f3n del Torneo de Feria de Alc\u00e1zar, repitiendo el mismo formato que el a\u00f1o pasado. Por un lado, el tradicional torneo para jugadores sub-16, y por otro, el torneo para j\u00f3venes sub-20. La dotaci\u00f3n de premios econ\u00f3micos destinados \u00edntegramente a los clubes participantes, vuelve a ser de&nbsp;<\/b><\/span><br \/>\n<span style=\"font-family: Georgia, Times New Roman, serif\"><b style=\"background-color: #fff2cc\">1.500 \u20ac.<\/b><\/span><br \/>\n<span style=\"font-family: Georgia, Times New Roman, serif\"><b style=\"background-color: #fff2cc\">Las inscripciones pueden hacerse a trav\u00e9s de los tel\u00e9fonos del IMD o en el correo electr\u00f3nico que se detalla en el cartel oficial y en las bases. El plazo para solicitar la participaci\u00f3n es desde ma\u00f1ana, d\u00eda 16 de agosto, hasta el mi\u00e9rcoles 26 de agosto. Adem\u00e1s de los chicos y chicas integrantes de los equipos se permite la participaci\u00f3n, a t\u00edtulo individual, de aquellos que se animen a pasar una jornada festiva con el ajedrez como principal aliciente. El torneo regresa al s\u00e1bado para facilitar la presencia de los clubes que est\u00e1n a m\u00e1s distancia de Alc\u00e1zar.&nbsp;<\/b><\/span><br \/>\n<span style=\"font-family: Georgia, Times New Roman, serif\"><b style=\"background-color: #fff2cc\">\u00a1\u00a1OS ESPERAMOS!!<\/b><\/span><br \/>\n<b style=\"background-color: #fff2cc;font-family: Georgia, 'Times New Roman', serif;text-align: center\">&nbsp; &nbsp; &nbsp; &nbsp; &nbsp; &nbsp; &nbsp; &nbsp; &nbsp; &nbsp; &nbsp; &nbsp; &nbsp; &nbsp; &nbsp; &nbsp; &nbsp; &nbsp; &nbsp; &nbsp; <span style=\"color: #660000\">&nbsp; &nbsp; &nbsp;<a href=\"https:\/\/docs.google.com\/document\/d\/1KGKwPpL4hm3pG8RCcgjg5GEq8ssYSrnkJ5ZuHcxF1NQ\/edit?usp=sharing\"><span style=\"font-size: large\">BASES TORNEO SUB 16<\/span><\/a><\/span><\/b><br \/>\n<b style=\"background-color: #fff2cc;font-family: Georgia, 'Times New Roman', serif;text-align: center\"><span style=\"font-size: large\">&nbsp; &nbsp; &nbsp; &nbsp; &nbsp; &nbsp; &nbsp; &nbsp; &nbsp; &nbsp; &nbsp; &nbsp; &nbsp; &nbsp; &nbsp; &nbsp; &nbsp; &nbsp; &nbsp; &nbsp; &nbsp; &nbsp; &nbsp; &nbsp;<span style=\"color: #b45f06\">&nbsp;<a href=\"https:\/\/docs.google.com\/document\/d\/17wpTQI2M5XunB-pMQhrkMuoXWAjKB1GApS4_m8rcwqw\/edit?usp=sharing\">BASES TORNEO SUB 20<\/a><\/span><\/span><\/b><br \/>\n<span style=\"font-family: Georgia, Times New Roman, serif;font-size: large\"><b style=\"background-color: #fff2cc\">&nbsp; &nbsp; &nbsp; &nbsp; &nbsp; &nbsp; &nbsp; &nbsp; &nbsp; &nbsp; &nbsp; &nbsp; &nbsp; &nbsp; &nbsp; &nbsp; &nbsp; &nbsp; &nbsp; &nbsp; &nbsp; &nbsp; &nbsp; &nbsp; &nbsp;<\/b><\/span><\/p>\n","protected":false},"excerpt":{"rendered":"<p>El s\u00e1bado 29 de agosto se celebrar\u00e1 la 13\u00aa edici\u00f3n del Torneo de Feria de Alc\u00e1zar, repitiendo el mismo formato que el a\u00f1o pasado. Por un lado, el tradicional torneo para jugadores sub-16, y por otro, el torneo para j\u00f3venes sub-20. La dotaci\u00f3n de premios econ\u00f3micos destinados \u00edntegramente a los clubes participantes, vuelve a ser [&hellip;]<\/p>\n","protected":false},"author":1,"featured_media":2438,"comment_status":"open","ping_status":"closed","sticky":false,"template":"","format":"standard","meta":{"footnotes":""},"categories":[1],"tags":[],"class_list":["post-2437","post","type-post","status-publish","format-standard","has-post-thumbnail","hentry","category-noticias"],"_links":{"self":[{"href":"https:\/\/www.bfv.cloud\/ajedrezeuropa\/wp-json\/wp\/v2\/posts\/2437","targetHints":{"allow":["GET"]}}],"collection":[{"href":"https:\/\/www.bfv.cloud\/ajedrezeuropa\/wp-json\/wp\/v2\/posts"}],"about":[{"href":"https:\/\/www.bfv.cloud\/ajedrezeuropa\/wp-json\/wp\/v2\/types\/post"}],"author":[{"embeddable":true,"href":"https:\/\/www.bfv.cloud\/ajedrezeuropa\/wp-json\/wp\/v2\/users\/1"}],"replies":[{"embeddable":true,"href":"https:\/\/www.bfv.cloud\/ajedrezeuropa\/wp-json\/wp\/v2\/comments?post=2437"}],"version-history":[{"count":1,"href":"https:\/\/www.bfv.cloud\/ajedrezeuropa\/wp-json\/wp\/v2\/posts\/2437\/revisions"}],"predecessor-version":[{"id":2439,"href":"https:\/\/www.bfv.cloud\/ajedrezeuropa\/wp-json\/wp\/v2\/posts\/2437\/revisions\/2439"}],"wp:featuredmedia":[{"embeddable":true,"href":"https:\/\/www.bfv.cloud\/ajedrezeuropa\/wp-json\/wp\/v2\/media\/2438"}],"wp:attachment":[{"href":"https:\/\/www.bfv.cloud\/ajedrezeuropa\/wp-json\/wp\/v2\/media?parent=2437"}],"wp:term":[{"taxonomy":"category","embeddable":true,"href":"https:\/\/www.bfv.cloud\/ajedrezeuropa\/wp-json\/wp\/v2\/categories?post=2437"},{"taxonomy":"post_tag","embeddable":true,"href":"https:\/\/www.bfv.cloud\/ajedrezeuropa\/wp-json\/wp\/v2\/tags?post=2437"}],"curies":[{"name":"wp","href":"https:\/\/api.w.org\/{rel}","templated":true}]}}