{"id":244,"date":"2010-06-09T20:53:00","date_gmt":"2010-06-09T20:53:00","guid":{"rendered":"https:\/\/www.bfv.cloud\/ajedrezeuropa\/index.php\/2010\/06\/09\/comunicacion-de-actividades-y-reuniones\/"},"modified":"2025-11-20T10:15:03","modified_gmt":"2025-11-20T10:15:03","slug":"comunicacion-de-actividades-y-reuniones","status":"publish","type":"post","link":"https:\/\/www.bfv.cloud\/ajedrezeuropa\/comunicacion-de-actividades-y-reuniones\/","title":{"rendered":"COMUNICACI\u00d3N DE ACTIVIDADES Y REUNIONES"},"content":{"rendered":"<div class=\"separator\" style=\"border-bottom: medium none;border-left: medium none;border-right: medium none;border-top: medium none;clear: both;text-align: center\"><\/div>\n<div class=\"separator\" style=\"clear: both;text-align: center\"><a href=\"https:\/\/www.bfv.cloud\/ajedrezeuropa\/wp-content\/uploads\/2010\/06\/ttl4.jpg\" style=\"clear: left;float: left;margin-bottom: 1em;margin-right: 1em\"><img decoding=\"async\" border=\"0\" src=\"https:\/\/blogger.googleusercontent.com\/img\/b\/R29vZ2xl\/AVvXsEikhQ_dnWpJPapFqdobcqQ_W-Mev0GJ7C5Pby8F241FJCQ1iIkJk-XJo4azu08q2ruGl4JE4QFVwbioIKLCghk2pIico-9H8PDyN4m6fCgo8DdA5O0asg-lFi3z8L1eror4ohU3vD142xs\/s320\/ttl4.jpg\" \/><\/a><\/div>\n<p>\nEl pr\u00f3ximo s\u00e1bado 12 de junio, dentro de las actividades propuestas por el ayuntamiento, el ajedrez tendr\u00e1 una cita en la Plaza de Espa\u00f1a&nbsp;durante toda &nbsp;la ma\u00f1ana, se jugar\u00e1 por equipos a 5 tableros. Deseamos que nos poda\u00eds acompa\u00f1ar !!OS ESPERAMOS!!<br \/>\nTambi\u00e9n recordar que&nbsp;el pr\u00f3ximo fin de semana, 19 y 20 de junio, tendr\u00e1n lugar las presentaciones ante los padres y madres del \u00abIII CAMPUS DE VERANO 2010\u00bb.<\/p>\n<div class=\"separator\" style=\"border-bottom: medium none;border-left: medium none;border-right: medium none;border-top: medium none;clear: both;text-align: center\"><\/div>\n<div class=\"separator\" style=\"border-bottom: medium none;border-left: medium none;border-right: medium none;border-top: medium none;clear: both;text-align: center\"><a href=\"https:\/\/www.bfv.cloud\/ajedrezeuropa\/wp-content\/uploads\/2010\/06\/CartelIVsimultaneaajedrez2010.jpg\" style=\"clear: right;float: right;margin-bottom: 1em;margin-left: 1em\"><img decoding=\"async\" border=\"0\" src=\"https:\/\/blogger.googleusercontent.com\/img\/b\/R29vZ2xl\/AVvXsEhozlew4yW-rNtb2z3ZKWazB4RB-bs49KpbvnXKeZeShIah53jABVKJbz8HeddDeSCGbzPYOLP_A715sfeCtHDLrEMyCXECZi4Mv3lA_P4VgAyPMPzxlS4gs2Z6ASRaZmOxrYpfGKVuNek\/s320\/Cartel+IV+simultanea+ajedrez+2010.jpg\" \/><\/a><\/div>\n<div style=\"border-bottom: medium none;border-left: medium none;border-right: medium none;border-top: medium none\">En Villafranca ser\u00e1 el s\u00e1bado 19&nbsp;a las 8 de la tarde en la Casa de la Cultura,&nbsp;mientras que&nbsp;en Alc\u00e1zar&nbsp;ser\u00e1 el domingo 20&nbsp;a las 12 de la ma\u00f1ana en el local de la escuela de ajedrez del pasaje.<br \/>\nOtra actividad que tendr\u00e1 lugar pr\u00f3ximamente es la simult\u00e1nea de ajedrez&nbsp;que imparten&nbsp;los jugadores de la escuela de Alc\u00e1zar. Este a\u00f1o se presenta como novedad una&nbsp;partida a la ciega ofrecida por Santiago Talavera.&nbsp;Como se puede leer en el cartel, este domingo d\u00eda 13 a partir de las 12 de la ma\u00f1ana, tendr\u00e1 lugar esta estupenda exhibici\u00f3n de ajedrez espectacular.<\/p>\n<\/div>\n","protected":false},"excerpt":{"rendered":"<p>El pr\u00f3ximo s\u00e1bado 12 de junio, dentro de las actividades propuestas por el ayuntamiento, el ajedrez tendr\u00e1 una cita en la Plaza de Espa\u00f1a&nbsp;durante toda &nbsp;la ma\u00f1ana, se jugar\u00e1 por equipos a 5 tableros. Deseamos que nos poda\u00eds acompa\u00f1ar !!OS ESPERAMOS!! Tambi\u00e9n recordar que&nbsp;el pr\u00f3ximo fin de semana, 19 y 20 de junio, tendr\u00e1n lugar [&hellip;]<\/p>\n","protected":false},"author":1,"featured_media":245,"comment_status":"open","ping_status":"closed","sticky":false,"template":"","format":"standard","meta":{"footnotes":""},"categories":[1],"tags":[],"class_list":["post-244","post","type-post","status-publish","format-standard","has-post-thumbnail","hentry","category-noticias"],"_links":{"self":[{"href":"https:\/\/www.bfv.cloud\/ajedrezeuropa\/wp-json\/wp\/v2\/posts\/244","targetHints":{"allow":["GET"]}}],"collection":[{"href":"https:\/\/www.bfv.cloud\/ajedrezeuropa\/wp-json\/wp\/v2\/posts"}],"about":[{"href":"https:\/\/www.bfv.cloud\/ajedrezeuropa\/wp-json\/wp\/v2\/types\/post"}],"author":[{"embeddable":true,"href":"https:\/\/www.bfv.cloud\/ajedrezeuropa\/wp-json\/wp\/v2\/users\/1"}],"replies":[{"embeddable":true,"href":"https:\/\/www.bfv.cloud\/ajedrezeuropa\/wp-json\/wp\/v2\/comments?post=244"}],"version-history":[{"count":1,"href":"https:\/\/www.bfv.cloud\/ajedrezeuropa\/wp-json\/wp\/v2\/posts\/244\/revisions"}],"predecessor-version":[{"id":247,"href":"https:\/\/www.bfv.cloud\/ajedrezeuropa\/wp-json\/wp\/v2\/posts\/244\/revisions\/247"}],"wp:featuredmedia":[{"embeddable":true,"href":"https:\/\/www.bfv.cloud\/ajedrezeuropa\/wp-json\/wp\/v2\/media\/245"}],"wp:attachment":[{"href":"https:\/\/www.bfv.cloud\/ajedrezeuropa\/wp-json\/wp\/v2\/media?parent=244"}],"wp:term":[{"taxonomy":"category","embeddable":true,"href":"https:\/\/www.bfv.cloud\/ajedrezeuropa\/wp-json\/wp\/v2\/categories?post=244"},{"taxonomy":"post_tag","embeddable":true,"href":"https:\/\/www.bfv.cloud\/ajedrezeuropa\/wp-json\/wp\/v2\/tags?post=244"}],"curies":[{"name":"wp","href":"https:\/\/api.w.org\/{rel}","templated":true}]}}