{"id":2440,"date":"2013-09-04T21:27:00","date_gmt":"2013-09-04T21:27:00","guid":{"rendered":"https:\/\/www.bfv.cloud\/ajedrezeuropa\/index.php\/2013\/09\/04\/todo-listo-para-el-regional-por-equipos-sub-16\/"},"modified":"2025-11-20T10:46:59","modified_gmt":"2025-11-20T10:46:59","slug":"todo-listo-para-el-regional-por-equipos-sub-16","status":"publish","type":"post","link":"https:\/\/www.bfv.cloud\/ajedrezeuropa\/todo-listo-para-el-regional-por-equipos-sub-16\/","title":{"rendered":"TODO LISTO PARA EL REGIONAL POR EQUIPOS SUB-16"},"content":{"rendered":"<div class=\"MsoBodyText\">\n<span style=\"font-family: Verdana, sans-serif\">La organizaci\u00f3n del Campeonato de Castilla-La Mancha por<br \/>\nEquipos de Club Sub-16 ha dado a conocer el listado final de inscritos a la 4\u00aa<br \/>\nedici\u00f3n de esta \u00faltima competici\u00f3n regional, valedera para la temporada 2013.<br \/>\nFinalmente, son 8 los equipos que han comprometido su asistencia, quedando<br \/>\nestablecido el siguiente orden de fuerza tras promediar los puntos ELO de sus<br \/>\nrespectivos 4 primeros tableros:<\/span><\/div>\n<div class=\"MsoBodyText\">\n<span style=\"font-family: Verdana, sans-serif\"><br \/><\/span><\/div>\n<div align=\"center\" class=\"MsoNormal\" style=\"margin-left: 36.0pt;text-align: center;text-indent: -18.0pt\">\n<!--[if !supportLists]--><span style=\"font-family: Batang;font-size: 14.0pt\">1.<span style=\"font-family: 'Times New Roman';font-size: 7pt\">&nbsp;&nbsp;<br \/>\n<\/span><\/span><!--[endif]--><span style=\"font-family: Batang;font-size: 14.0pt\">C.A. Bargas&nbsp; (1.860)<\/span><\/div>\n<div align=\"center\" class=\"MsoNormal\" style=\"margin-left: 36.0pt;text-align: center;text-indent: -18.0pt\">\n<!--[if !supportLists]--><span style=\"font-family: Batang;font-size: 14.0pt\">2.<span style=\"font-family: 'Times New Roman';font-size: 7pt\">&nbsp;&nbsp;<br \/>\n<\/span><\/span><!--[endif]--><span style=\"font-family: Batang;font-size: 14.0pt\">C.A. Almansa&nbsp;&nbsp; (1.655)<\/span><\/div>\n<div align=\"center\" class=\"MsoNormal\" style=\"margin-left: 36.0pt;text-align: center;text-indent: -18.0pt\">\n<!--[if !supportLists]--><span style=\"color: #38761d;font-family: Verdana, sans-serif\"><b><span style=\"font-family: Batang;font-size: 14.0pt\">3.<span style=\"font-size: 7pt\">&nbsp;&nbsp;<br \/>\n<\/span><\/span><!--[endif]--><\/b><\/span><span style=\"font-family: Batang;font-size: 14.0pt\"><span style=\"color: #38761d;font-family: Verdana, sans-serif\"><b>C. Nuestro Ajedrez en<br \/>\nEuropa&nbsp;&nbsp; (1.598)<\/b><\/span><\/span><\/div>\n<div align=\"center\" class=\"MsoNormal\" style=\"margin-left: 36.0pt;text-align: center;text-indent: -18.0pt\">\n<!--[if !supportLists]--><span lang=\"FR\" style=\"font-family: Batang;font-size: 14.0pt\">4.<span style=\"font-family: 'Times New Roman';font-size: 7pt\">&nbsp;&nbsp;<br \/>\n<\/span><\/span><!--[endif]--><span lang=\"FR\" style=\"font-family: Batang;font-size: 14.0pt\">C.A. Parque Sur&nbsp;&nbsp;<br \/>\n(1.564)<\/span><\/div>\n<div align=\"center\" class=\"MsoNormal\" style=\"margin-left: 36.0pt;text-align: center;text-indent: -18.0pt\">\n<!--[if !supportLists]--><span style=\"font-family: Batang;font-size: 14.0pt\">5.<span style=\"font-family: 'Times New Roman';font-size: 7pt\">&nbsp;&nbsp;<br \/>\n<\/span><\/span><!--[endif]--><span style=\"font-family: Batang;font-size: 14.0pt\">C.A. Tomelloso&nbsp; (1.478)<\/span><\/div>\n<div align=\"center\" class=\"MsoNormal\" style=\"margin-left: 36.0pt;text-align: center;text-indent: -18.0pt\">\n<!--[if !supportLists]--><span style=\"font-family: Batang;font-size: 14.0pt\">6.<span style=\"font-family: 'Times New Roman';font-size: 7pt\">&nbsp;&nbsp;<br \/>\n<\/span><\/span><!--[endif]--><span style=\"font-family: Batang;font-size: 14.0pt\">C.A. UNED<br \/>\nGuadalajara&nbsp; (1.449)<\/span><\/div>\n<div align=\"center\" class=\"MsoNormal\" style=\"margin-left: 36.0pt;text-align: center;text-indent: -18.0pt\">\n<!--[if !supportLists]--><span style=\"font-family: Batang;font-size: 14.0pt\">7.<span style=\"font-family: 'Times New Roman';font-size: 7pt\">&nbsp;&nbsp;<br \/>\n<\/span><\/span><!--[endif]--><span style=\"font-family: Batang;font-size: 14.0pt\">C.A. Los Molinos&nbsp; (1.357)<\/span><\/div>\n<div align=\"center\" class=\"MsoNormal\" style=\"margin-left: 36.0pt;text-align: center;text-indent: -18.0pt\">\n<!--[if !supportLists]--><span style=\"font-family: Batang;font-size: 14.0pt\">8.<span style=\"font-family: 'Times New Roman';font-size: 7pt\">&nbsp;&nbsp;<br \/>\n<\/span><\/span><!--[endif]--><span style=\"font-family: Batang;font-size: 14.0pt\">C.A. Cuenca 2016&nbsp; (1.278)<\/span><\/div>\n<div align=\"center\" class=\"MsoNormal\" style=\"margin-left: 36.0pt;text-align: center;text-indent: -18.0pt\">\n<span style=\"font-family: Batang;font-size: 14.0pt\"><br \/><\/span><\/div>\n<div class=\"MsoBodyTextIndent\">\n<span style=\"font-family: Verdana, sans-serif\">Como en a\u00f1os anteriores, la presencia en esta lista<br \/>\nde algunos destacados clubes de ajedrez castellano-manchegos hace crecer el<br \/>\nvalor del propio campeonato y, por consiguiente, de la victoria en cada uno de<br \/>\nlos enfrentamientos. El trabajo de apoyo a su propia cantera que muchos de<br \/>\nellos vienen realizando durante a\u00f1os es muy encomiable y, por lo tanto, debe<br \/>\nser valorado como corresponde por los \u00f3rganos federativos y por las<br \/>\ninstituciones que dirigen el deporte en la comunidad aut\u00f3noma.<\/span><br \/>\n<span style=\"font-family: Verdana, sans-serif\">El enlace para seguir los resultados y clasificaciones es este:<\/span><br \/>\n<span style=\"font-family: Verdana, sans-serif\"><br \/><\/span><\/p>\n<div style=\"text-align: center\">\n<span style=\"font-family: Verdana, sans-serif\"><a href=\"http:\/\/chess-results.com\/tnr110071.aspx?art=8&amp;lan=2&amp;wi=821\"><b>RESULTADOS Y CLASIFICACIONES IV REGIONAL EQUIPOS S-16<\/b><\/a><\/span><\/div>\n<\/div>\n<div class=\"MsoBodyTextIndent\">\n<span style=\"font-family: Verdana, sans-serif\"><br \/><\/span><\/div>\n<p><\/p>\n<table cellpadding=\"0\" cellspacing=\"0\" class=\"tr-caption-container\" style=\"float: left;margin-right: 1em;text-align: left\">\n<tbody>\n<tr>\n<td style=\"text-align: center\"><a href=\"https:\/\/www.bfv.cloud\/ajedrezeuropa\/wp-content\/uploads\/2013\/09\/camp.espaC3B1asub16003.jpg\" style=\"clear: left;margin-bottom: 1em;margin-left: auto;margin-right: auto\"><img fetchpriority=\"high\" decoding=\"async\" border=\"0\" src=\"https:\/\/www.bfv.cloud\/ajedrezeuropa\/wp-content\/uploads\/2013\/09\/camp.espaC3B1asub16003.jpg\" height=\"300\" width=\"400\" \/><\/a><\/td>\n<\/tr>\n<tr>\n<td class=\"tr-caption\" style=\"text-align: center\">El equipo sub-16 de Nuestro Ajedrez en Europa es el formado por:<br \/>\nIsaac Lozano, Javier Valdepe\u00f1as, Leo de Giorgi, <br \/>\nIrene Sim\u00f3n y Silvia Toribio&nbsp;<\/td>\n<\/tr>\n<\/tbody>\n<\/table>\n<div class=\"MsoNormal\" style=\"text-align: justify;text-indent: 35.4pt\">\n<span style=\"font-size: 14pt\"><span style=\"font-family: Arial, Helvetica, sans-serif\">En lo que respecta al equipo sub-16 que presenta<br \/>\nNuestro Ajedrez en Europa, debemos resaltar su constancia y capacidad de<br \/>\nsuperaci\u00f3n. Los 3 chicos y las 2 chicas que afrontan la representaci\u00f3n del<br \/>\nproyecto en la categor\u00eda sub-16 tienen por delante unos retos deportivos que,<br \/>\nsin ninguna duda, les motivar\u00e1n para seguir creciendo en la profundidad y<br \/>\npreparaci\u00f3n de su juego. De aqu\u00ed al mes de diciembre, este joven grupo de ajedrecistas,<br \/>\nnos representar\u00e1n en competiciones provinciales, regionales <\/span><\/span><span style=\"font-size: 14pt\"><span style=\"font-family: Arial, Helvetica, sans-serif\">y nacionales. Todos<br \/>\nlos que estamos involucrados en el proyecto les mandamos un mensaje de apoyo y<br \/>\nconfianza. \u00a1\u00a1Mucho \u00e1nimo!!&nbsp;<\/span><span style=\"font-family: Batang\"><\/span><\/span><\/div>\n","protected":false},"excerpt":{"rendered":"<p>La organizaci\u00f3n del Campeonato de Castilla-La Mancha por Equipos de Club Sub-16 ha dado a conocer el listado final de inscritos a la 4\u00aa edici\u00f3n de esta \u00faltima competici\u00f3n regional, valedera para la temporada 2013. Finalmente, son 8 los equipos que han comprometido su asistencia, quedando establecido el siguiente orden de fuerza tras promediar los [&hellip;]<\/p>\n","protected":false},"author":1,"featured_media":2441,"comment_status":"open","ping_status":"closed","sticky":false,"template":"","format":"standard","meta":{"footnotes":""},"categories":[1],"tags":[],"class_list":["post-2440","post","type-post","status-publish","format-standard","has-post-thumbnail","hentry","category-noticias"],"_links":{"self":[{"href":"https:\/\/www.bfv.cloud\/ajedrezeuropa\/wp-json\/wp\/v2\/posts\/2440","targetHints":{"allow":["GET"]}}],"collection":[{"href":"https:\/\/www.bfv.cloud\/ajedrezeuropa\/wp-json\/wp\/v2\/posts"}],"about":[{"href":"https:\/\/www.bfv.cloud\/ajedrezeuropa\/wp-json\/wp\/v2\/types\/post"}],"author":[{"embeddable":true,"href":"https:\/\/www.bfv.cloud\/ajedrezeuropa\/wp-json\/wp\/v2\/users\/1"}],"replies":[{"embeddable":true,"href":"https:\/\/www.bfv.cloud\/ajedrezeuropa\/wp-json\/wp\/v2\/comments?post=2440"}],"version-history":[{"count":1,"href":"https:\/\/www.bfv.cloud\/ajedrezeuropa\/wp-json\/wp\/v2\/posts\/2440\/revisions"}],"predecessor-version":[{"id":2442,"href":"https:\/\/www.bfv.cloud\/ajedrezeuropa\/wp-json\/wp\/v2\/posts\/2440\/revisions\/2442"}],"wp:featuredmedia":[{"embeddable":true,"href":"https:\/\/www.bfv.cloud\/ajedrezeuropa\/wp-json\/wp\/v2\/media\/2441"}],"wp:attachment":[{"href":"https:\/\/www.bfv.cloud\/ajedrezeuropa\/wp-json\/wp\/v2\/media?parent=2440"}],"wp:term":[{"taxonomy":"category","embeddable":true,"href":"https:\/\/www.bfv.cloud\/ajedrezeuropa\/wp-json\/wp\/v2\/categories?post=2440"},{"taxonomy":"post_tag","embeddable":true,"href":"https:\/\/www.bfv.cloud\/ajedrezeuropa\/wp-json\/wp\/v2\/tags?post=2440"}],"curies":[{"name":"wp","href":"https:\/\/api.w.org\/{rel}","templated":true}]}}