{"id":2443,"date":"2016-02-02T21:13:00","date_gmt":"2016-02-02T21:13:00","guid":{"rendered":"https:\/\/www.bfv.cloud\/ajedrezeuropa\/index.php\/2016\/02\/02\/noticia-de-mancha-centro-tv-sobre-los-resultados-del-escolar-de-ciudad-real\/"},"modified":"2025-11-20T10:47:00","modified_gmt":"2025-11-20T10:47:00","slug":"noticia-de-mancha-centro-tv-sobre-los-resultados-del-escolar-de-ciudad-real","status":"publish","type":"post","link":"https:\/\/www.bfv.cloud\/ajedrezeuropa\/noticia-de-mancha-centro-tv-sobre-los-resultados-del-escolar-de-ciudad-real\/","title":{"rendered":"NOTICIA DE MANCHA CENTRO TV SOBRE LOS RESULTADOS DEL ESCOLAR DE CIUDAD REAL"},"content":{"rendered":"<div class=\"separator\" style=\"clear: both;text-align: center\">\n<iframe width=\"320\" height=\"266\" class=\"YOUTUBE-iframe-video\" src=\"https:\/\/www.youtube.com\/embed\/LncG4PyCe8o?feature=player_embedded\" frameborder=\"0\" allowfullscreen><\/iframe><\/div>\n<div id=\"watch-uploader-info\" style=\"border: 0px;color: #333333;font-family: Roboto, arial, sans-serif;font-size: 13px;line-height: 17px;margin: 0px;padding: 0px\">\n<span class=\"watch-time-text\" style=\"background: transparent;border: 0px;margin: 0px;padding: 0px;vertical-align: middle\"><br \/><\/span><\/div>\n<div id=\"watch-uploader-info\" style=\"border: 0px;color: #333333;font-family: Roboto, arial, sans-serif;font-size: 13px;line-height: 17px;margin: 0px;padding: 0px\">\n<span class=\"watch-time-text\" style=\"background: transparent;border: 0px;margin: 0px;padding: 0px;vertical-align: middle\"><u><b>Publicado el 2 feb. 2016 por MANCHA CENTRO TV<\/b><\/u><\/span><\/div>\n<div id=\"watch-uploader-info\" style=\"border: 0px;color: #333333;font-family: Roboto, arial, sans-serif;font-size: 13px;line-height: 17px;margin: 0px;padding: 0px\">\n<span class=\"watch-time-text\" style=\"background: transparent;border: 0px;margin: 0px;padding: 0px;vertical-align: middle\"><u><b><br \/><\/b><\/u><\/span><\/div>\n<div class=\"\" id=\"watch-description-text\" style=\"border: 0px;color: #333333;line-height: 17px;margin: 0px;max-height: 51px;overflow: hidden;padding: 0px\">\n<div id=\"eow-description\" style=\"background-attachment: initial;background-color: transparent;background-image: initial;background-position: initial;background-repeat: initial;background-size: initial;border: 0px;padding: 0px\">\n<span style=\"font-family: Arial, Helvetica, sans-serif\"><b>El club y escuela de ajedrez que comparten Alc\u00e1zar y Villafranca lleva a\u00f1os en progresi\u00f3n ascendente. Ahora, los jugadores m\u00e1s j\u00f3venes han logrado los mejores resultados de su historia en una fase provincial del campeonato, con varias medallas en Ciudad Real.<\/b><\/span><\/div>\n<\/div>\n","protected":false},"excerpt":{"rendered":"<p>Publicado el 2 feb. 2016 por MANCHA CENTRO TV El club y escuela de ajedrez que comparten Alc\u00e1zar y Villafranca lleva a\u00f1os en progresi\u00f3n ascendente. Ahora, los jugadores m\u00e1s j\u00f3venes han logrado los mejores resultados de su historia en una fase provincial del campeonato, con varias medallas en Ciudad Real.<\/p>\n","protected":false},"author":1,"featured_media":0,"comment_status":"open","ping_status":"closed","sticky":false,"template":"","format":"standard","meta":{"footnotes":""},"categories":[1],"tags":[],"class_list":["post-2443","post","type-post","status-publish","format-standard","hentry","category-noticias"],"_links":{"self":[{"href":"https:\/\/www.bfv.cloud\/ajedrezeuropa\/wp-json\/wp\/v2\/posts\/2443","targetHints":{"allow":["GET"]}}],"collection":[{"href":"https:\/\/www.bfv.cloud\/ajedrezeuropa\/wp-json\/wp\/v2\/posts"}],"about":[{"href":"https:\/\/www.bfv.cloud\/ajedrezeuropa\/wp-json\/wp\/v2\/types\/post"}],"author":[{"embeddable":true,"href":"https:\/\/www.bfv.cloud\/ajedrezeuropa\/wp-json\/wp\/v2\/users\/1"}],"replies":[{"embeddable":true,"href":"https:\/\/www.bfv.cloud\/ajedrezeuropa\/wp-json\/wp\/v2\/comments?post=2443"}],"version-history":[{"count":1,"href":"https:\/\/www.bfv.cloud\/ajedrezeuropa\/wp-json\/wp\/v2\/posts\/2443\/revisions"}],"predecessor-version":[{"id":2444,"href":"https:\/\/www.bfv.cloud\/ajedrezeuropa\/wp-json\/wp\/v2\/posts\/2443\/revisions\/2444"}],"wp:attachment":[{"href":"https:\/\/www.bfv.cloud\/ajedrezeuropa\/wp-json\/wp\/v2\/media?parent=2443"}],"wp:term":[{"taxonomy":"category","embeddable":true,"href":"https:\/\/www.bfv.cloud\/ajedrezeuropa\/wp-json\/wp\/v2\/categories?post=2443"},{"taxonomy":"post_tag","embeddable":true,"href":"https:\/\/www.bfv.cloud\/ajedrezeuropa\/wp-json\/wp\/v2\/tags?post=2443"}],"curies":[{"name":"wp","href":"https:\/\/api.w.org\/{rel}","templated":true}]}}