{"id":2445,"date":"2012-01-23T00:49:00","date_gmt":"2012-01-23T00:49:00","guid":{"rendered":"https:\/\/www.bfv.cloud\/ajedrezeuropa\/index.php\/2012\/01\/23\/2a-jornada-en-los-escolares-de-ciudad-real-y-toledo\/"},"modified":"2025-11-20T10:47:08","modified_gmt":"2025-11-20T10:47:08","slug":"2a-jornada-en-los-escolares-de-ciudad-real-y-toledo","status":"publish","type":"post","link":"https:\/\/www.bfv.cloud\/ajedrezeuropa\/2a-jornada-en-los-escolares-de-ciudad-real-y-toledo\/","title":{"rendered":"2\u00aa JORNADA EN LOS ESCOLARES DE CIUDAD REAL Y TOLEDO"},"content":{"rendered":"<table cellpadding=\"0\" cellspacing=\"0\" class=\"tr-caption-container\" style=\"float: right;margin-left: 1em;text-align: right\">\n<tbody>\n<tr>\n<td style=\"text-align: center\"><a href=\"https:\/\/www.bfv.cloud\/ajedrezeuropa\/wp-content\/uploads\/2012\/01\/FOTOSMIGUELTURRASILVIA003.jpg\" style=\"clear: right;margin-bottom: 1em;margin-left: auto;margin-right: auto\"><img fetchpriority=\"high\" decoding=\"async\" border=\"0\" height=\"240\" src=\"https:\/\/blogger.googleusercontent.com\/img\/b\/R29vZ2xl\/AVvXsEim7NiluywLj1tZB7jvvfKy153Vi7JKIhXWSlAMTfpv1aJCTp5JjUczjchUQ-PXVjyjJn-IeyPmnvbXXod646GKWadD_x9CUkmDzhQSZ0F41KAMsXdiCgmEBWPgEWXPRDlxsXzZftdJdD4\/s320\/FOTOS+MIGUELTURRA+SILVIA+003.jpg\" width=\"320\" \/><\/a><\/td>\n<\/tr>\n<tr>\n<td class=\"tr-caption\" style=\"text-align: center\">La 3\u00aa ronda del Cadete de Ciudad Real enfrent\u00f3 a <br \/>\nnuestros jugadores Carlos \u00c1lvarez y Leo de Giorgi<br \/>\nen la mesa 1<\/td>\n<\/tr>\n<\/tbody>\n<\/table>\n<p><strong><span style=\", serif\">Un nuevo fin de semana de ajedrez para los alumnos y alumnas m\u00e1s j\u00f3venes de las escuelas de Alc\u00e1zar y Villafranca. Ayer domingo se disputaron 2 rondas del Escolar Infantil&nbsp;y 1 del Cadete de Ciudad Real. Ser\u00e1 el pr\u00f3ximo 29&nbsp; de enero cuando el CERE de Miguelturra acoger\u00e1 la 3\u00aa jornada de esta competici\u00f3n, partiendo de la siguiente clasificaci\u00f3n provisional de nuestros jugadores:<\/span><\/strong><\/p>\n<div align=\"center\"><strong><u><span style=\"font-family: Georgia\">Campeonato Escolar Cadete (tras 3 rondas)<\/span><\/u><\/strong><\/div>\n<div align=\"center\"><strong><span style=\"font-family: Georgia\">1\u00ba.- Carlos \u00c1lvarez, 3 puntos.<\/span><\/strong><\/div>\n<div align=\"center\"><strong><span style=\"font-family: Georgia\">5\u00ba.- Leo de Giorgi, 2 puntos.<\/span><\/strong><\/div>\n<div align=\"center\"><strong><span style=\"font-family: Georgia\">14\u00ba.- Fernando Marcos-Alberca, 1 punto.<\/span><\/strong> <\/div>\n<table cellpadding=\"0\" cellspacing=\"0\" class=\"tr-caption-container\" style=\"float: right;margin-left: 1em;text-align: right\">\n<tbody>\n<tr>\n<td style=\"text-align: center\"><a href=\"https:\/\/www.bfv.cloud\/ajedrezeuropa\/wp-content\/uploads\/2012\/01\/EscolarCiudadReal2012008.jpg\" style=\"clear: right;margin-bottom: 1em;margin-left: auto;margin-right: auto\"><img decoding=\"async\" border=\"0\" height=\"240\" src=\"https:\/\/blogger.googleusercontent.com\/img\/b\/R29vZ2xl\/AVvXsEhzGYiOLvX7q_-3Um9ytTKMEc8rNjt0NvALaiDCoLPAi57v-n4GxIMYxW_jMsMANQxzmVXM_9MSc7XZgJmX_vr0Io_2wxcDzBM5qW3mw5RvwGXduvEGu4wwgAlTVtRhRl7t_B9RynfOkRM\/s320\/Escolar+Ciudad+Real+2012+008.jpg\" width=\"320\" \/><\/a><\/td>\n<\/tr>\n<tr>\n<td class=\"tr-caption\" style=\"text-align: center\">Julia Meza ha conseguido 2 puntos en las 4<br \/>\npartidas disputadas del Infantil en Miguelturra<\/td>\n<\/tr>\n<\/tbody>\n<\/table>\n<p>\ufeff<\/p>\n<div style=\"text-align: center\"><strong><span style=\", serif\">15\u00ba.- Mario Rubio, 1 punto.<\/span><\/strong><\/div>\n<p><\/p>\n<div align=\"center\"><strong><u><span style=\"font-family: Georgia\">Campeonato Escolar Infantil (tras 4 rondas)<\/span><\/u><\/strong><\/div>\n<div align=\"center\"><strong><span style=\"font-family: Georgia\">9\u00ba.- Javier Valdepe\u00f1as, 3 puntos.<\/span><\/strong><\/div>\n<div align=\"center\"><strong><span style=\"font-family: Georgia\">33\u00ba.- Julio M\u00e9rida, 2 puntos.<\/span><\/strong><\/div>\n<div align=\"center\"><strong><span style=\"font-family: Georgia\">36\u00ba.- Alejandro de Bruguera, 2 puntos.<\/span><\/strong><\/div>\n<div align=\"center\"><strong><span style=\"font-family: Georgia\">51\u00ba.- Julia Meza, 2 puntos.<\/span><\/strong><\/div>\n<div align=\"center\"><strong><span style=\"font-family: Georgia\">54\u00ba.- Enrique Velasco, 2 puntos.<\/span><\/strong><\/div>\n<div align=\"center\"><strong><span style=\"font-family: Georgia\">58\u00ba.- Samuel Ortiz, 2 puntos.<\/span><\/strong><\/div>\n<div align=\"center\"><strong><span style=\"font-family: Georgia\">Con 1 punto:&nbsp;<\/span><\/strong><\/div>\n<div align=\"center\"><strong><span style=\"font-family: Georgia\">Arturo Mate, Pablo Vela e Isabel Marcos-Alberca.<\/span><\/strong><\/div>\n<div align=\"center\"><strong><span style=\"font-family: Georgia\">Con&nbsp;0 puntos:<\/span><\/strong><\/div>\n<div align=\"center\"><strong><span style=\"font-family: Georgia\">Jos\u00e9 Andr\u00e9s Collantes<\/span><\/strong>\ufeff <\/div>\n<table cellpadding=\"0\" cellspacing=\"0\" class=\"tr-caption-container\" style=\"float: right;margin-left: 1em;text-align: right\">\n<tbody>\n<tr>\n<td style=\"text-align: center\"><a href=\"https:\/\/www.bfv.cloud\/ajedrezeuropa\/wp-content\/uploads\/2012\/01\/EscolarCiudadReal2012007.jpg\" style=\"clear: right;margin-bottom: 1em;margin-left: auto;margin-right: auto\"><img decoding=\"async\" border=\"0\" height=\"240\" src=\"https:\/\/blogger.googleusercontent.com\/img\/b\/R29vZ2xl\/AVvXsEgBeLD3REEoOdGFoSrxB3oE7b7caapp7VhCQGcGqGbHZ2_EKjjBGinQHAJ5_F1XURrhTYgYqJSYA0gNcE5W7fgm-nuoNZKUt9BdBWq5FLS5eLJRopkVRU_Y4MLzTxWH2Lkkxy-t1xd8vWc\/s320\/Escolar+Ciudad+Real+2012+007.jpg\" width=\"320\" \/><\/a><\/td>\n<\/tr>\n<tr>\n<td class=\"tr-caption\" style=\"text-align: center\">El primer Escolar para Julio M\u00e9rida<\/td>\n<\/tr>\n<\/tbody>\n<\/table>\n<p>\ufeff <\/p>\n<div style=\"text-align: center\"><strong><span style=\", serif\">Aqu\u00ed ten\u00e9is los enlaces para seguir la competici\u00f3n:<\/span><\/strong><\/div>\n<div style=\"text-align: center\">\n<\/div>\n<div style=\"text-align: center\"><a href=\"http:\/\/chess-results.com\/tnr63314.aspx?art=1&amp;rd=3&amp;lan=2\"><span style=\"color: purple;font-size: large\">Escolar Cadete Ciudad Real<\/span><\/a><\/div>\n<div style=\"text-align: center\"><a href=\"http:\/\/chess-results.com\/tnr63312.aspx?art=0&amp;lan=2\"><span style=\"color: purple;font-size: large\">Escolar Infantil Ciudad Real<\/span><\/a><\/div>\n<div style=\"text-align: center\"><strong><span style=\"font-family: Georgia\"><\/span><\/strong><br \/>\n&nbsp;<\/div>\n<table cellpadding=\"0\" cellspacing=\"0\" class=\"tr-caption-container\" style=\"float: left;margin-right: 1em;text-align: left\">\n<tbody>\n<tr>\n<td style=\"text-align: center\"><a href=\"https:\/\/www.bfv.cloud\/ajedrezeuropa\/wp-content\/uploads\/2012\/01\/EscolarToledo2012010.jpg\" style=\"clear: left;margin-bottom: 1em;margin-left: auto;margin-right: auto\"><img loading=\"lazy\" decoding=\"async\" border=\"0\" height=\"240\" src=\"https:\/\/blogger.googleusercontent.com\/img\/b\/R29vZ2xl\/AVvXsEh1NCdp1GuFmeparKgulV-QNnJjJdOb3oZYZtEP1MUH88fegQMh2gt6aQFQQP-D3hoiH79TyWhLdYohs7yeZFmI6adFlLYe9vCIMzUo9we2qD7BXdSQUVtuhBHaqNWTnX1p-CQAOU8CArQ\/s320\/Escolar+Toledo+2012+010.jpg\" width=\"320\" \/><\/a><\/td>\n<\/tr>\n<tr>\n<td class=\"tr-caption\" style=\"text-align: center\">Denis Roman dando sus primeros pasos en la <br \/>\ncompetici\u00f3n de Toledo<\/td>\n<\/tr>\n<\/tbody>\n<\/table>\n<p><span style=\"color: blue;, serif\">Tambi\u00e9n este s\u00e1bado&nbsp;continu\u00f3 la competici\u00f3n en Toledo, con la novedad del inicio del provincial sub-18 y 2&nbsp;importantes modificaciones de car\u00e1cter organizativo: por una parte la \u00abanexi\u00f3n\u00bb al Infantil de los chicos y chicas que iban a jugar el llamado \u00abII torneo de iniciaci\u00f3n\u00bb y, por otra, la designaci\u00f3n de Mocej\u00f3n como sede \u00fanica, dejando al margen la problem\u00e1tica itinerancia por 3 pueblos distintos que en un principio se hab\u00eda planteado. Por nuestra parte, se\u00f1alamos dichas \u00abrectificaciones\u00bb porque, sin duda,&nbsp;servir\u00e1n para simplificar los traslados y no crear duplicidades sin sentido en un campeonato pensado por el Consejo Superior de Deportes&nbsp;para, entre otras cosas, servir de primera toma de contacto de los m\u00e1s peque\u00f1os con las leyes y normas que regulan el ajedrez de competici\u00f3n y facilitar el aprendizaje del juego con sus t\u00e9cnicas y estrategias.<\/span><\/p>\n<table cellpadding=\"0\" cellspacing=\"0\" class=\"tr-caption-container\" style=\"float: left;margin-right: 1em;text-align: left\">\n<tbody>\n<tr>\n<td style=\"text-align: center\"><a href=\"https:\/\/www.bfv.cloud\/ajedrezeuropa\/wp-content\/uploads\/2012\/01\/EscolarToledo2012003.jpg\" style=\"clear: left;margin-bottom: 1em;margin-left: auto;margin-right: auto\"><img loading=\"lazy\" decoding=\"async\" border=\"0\" height=\"240\" src=\"https:\/\/blogger.googleusercontent.com\/img\/b\/R29vZ2xl\/AVvXsEjj4kk_Utpq2gjA0LaICdNN98vm57g4O46Sl7qia9cKtlinLmuek559Nnh8E8U19yiSx6ZGvuwEGQOrcP5UUVnHicEc9Fd4v-sg2oxMBoPepPLw5WD-QWOF-LxjH8_No0XveGf5qEvbTNw\/s320\/Escolar+Toledo+2012+003.jpg\" width=\"320\" \/><\/a><\/td>\n<\/tr>\n<tr>\n<td class=\"tr-caption\" style=\"text-align: center\">Con tan s\u00f3lo 8 a\u00f1os, Mar\u00eda Oliver, juega su tercer<br \/>\nEscolar <\/td>\n<\/tr>\n<\/tbody>\n<\/table>\n<p><span style=\"background-color: white;color: blue;font-family: Georgia\">En lo que se refiere a la participaci\u00f3n&nbsp;de nuestros ajedrecistas, queremos destacar a los 16 jugadores y jugadoras del Escolar y a los 5 de la categor\u00eda sub-18, lo que suma un total de 21 en Toledo,&nbsp;que unidos a los 14 de Ciudad Real hace un global de 35 alumnos y alumnas de nuestras escuelas de Alc\u00e1zar y Villafranca. Para el proyecto Nuestro Ajedrez en Europa este es un dato de la mayor importancia, pues supone consolidar una parte primordial del trabajo que desarrollamos en la promoci\u00f3n y divulgaci\u00f3n deportiva.<\/span><br \/>\n\ufeff <\/p>\n<table cellpadding=\"0\" cellspacing=\"0\" class=\"tr-caption-container\" style=\"float: left;margin-right: 1em;text-align: left\">\n<tbody>\n<tr>\n<td style=\"text-align: center\"><a href=\"https:\/\/www.bfv.cloud\/ajedrezeuropa\/wp-content\/uploads\/2012\/01\/EscolarToledo2012013.jpg\" style=\"clear: left;margin-bottom: 1em;margin-left: auto;margin-right: auto\"><img loading=\"lazy\" decoding=\"async\" border=\"0\" height=\"240\" src=\"https:\/\/blogger.googleusercontent.com\/img\/b\/R29vZ2xl\/AVvXsEglnJnlgWuI21CRcHvJ7qfEJGe-AlOP_oWKfz5kcJ6OLkTHSOX9YzukbtfCvVb8CTb1PEZN-28yw8zT2-UBtysI3MXIUjlw1nqMMRQRmW3wbaIMfllxcTQG2pM3N-iJAFwmk8AvGpb91f8\/s320\/Escolar+Toledo+2012+013.jpg\" width=\"320\" \/><\/a><\/td>\n<\/tr>\n<tr>\n<td class=\"tr-caption\" style=\"text-align: center\">Eva S\u00e1nchez, otra chica que desarrolla su afici\u00f3n<br \/>\nal ajedrez<\/td>\n<\/tr>\n<\/tbody>\n<\/table>\n<p><span style=\"color: blue;, serif\">Las clasificaciones provisionales de nuestros jugadores y jugadoras en los campeonatos que se celebran en Toledo son:<\/span><\/p>\n<div align=\"center\"><u><span style=\"color: blue;font-family: Georgia\">Provincial sub-18 (tras 1 ronda)<\/span><\/u><\/div>\n<div align=\"center\">\ufeff<span style=\"color: blue;, serif\">1\u00ba.- Santiago Talavera, 1 punto.<\/span><\/div>\n<div align=\"center\"><span style=\"color: blue;font-family: Georgia\">2\u00ba.- Jorge Sim\u00f3n, 1 punto.<\/span><\/div>\n<div align=\"center\"><span style=\"color: blue;font-family: Georgia\">7\u00ba.- Daniel P\u00edriz, 1\/2 punto.<\/span><\/div>\n<div align=\"center\"><span style=\"color: blue;font-family: Georgia\">8\u00ba.- Sergio Valencia, 1\/2 punto.<\/span><\/div>\n<div align=\"center\"><span style=\"color: blue;font-family: Georgia\">11\u00ba.- Blanca Y\u00e9benes, 0 puntos.<\/span><\/div>\n<div align=\"center\">\n<\/div>\n<div align=\"center\"><u><span style=\"color: blue;font-family: Georgia\">Escolar Cadete (tras 3 rondas)<\/span><\/u><\/div>\n<div align=\"center\"><span style=\"color: blue;font-family: Georgia\">3\u00ba.- Jes\u00fas Mar\u00eda Bricio, 2 puntos.<\/span><\/div>\n<div align=\"center\"><span style=\"color: blue;font-family: Georgia\">7\u00ba.- Isaac Lozano, 2 puntos.<\/span><\/div>\n<div align=\"center\">\n<\/div>\n<div align=\"center\">\n<\/div>\n<div align=\"center\"><u><span style=\"color: blue;font-family: Georgia\">Escolar Infantil (tras 3 rondas)<\/span><\/u><\/div>\n<div align=\"center\"><span style=\"color: blue;font-family: Georgia\">Con 3 puntos: Silvia Toribio e Irene Sim\u00f3n.<\/span><\/div>\n<div align=\"center\"><span style=\"color: blue;font-family: Georgia\">Con 2 puntos: Jos\u00e9 Luis D\u00edaz y Ra\u00fal D\u00edaz.<\/span><\/div>\n<div align=\"center\"><span style=\"color: blue;font-family: Georgia\">Con 1,5 puntos: Iv\u00e1n Valencia y Alex Roman.<\/span><\/div>\n<div align=\"center\"><span style=\"color: blue;font-family: Georgia\">Con 1 punto: Rub\u00e9n Villalba, Oscar Roncero, Hector Nieves, Mar\u00eda Oliver y<\/span><\/div>\n<div align=\"center\"><span style=\"color: blue;font-family: Georgia\">Denis Roman.<\/span><\/div>\n<div align=\"center\"><span style=\"color: blue;font-family: Georgia\">Con 0 puntos: Angela Gal\u00e1n, Mois\u00e9s Palomo y Eva S\u00e1nchez.<\/span><\/div>\n<div align=\"center\">\n<\/div>\n<div align=\"center\"><span style=\"color: blue;font-family: Georgia\">Estos son los enlaces:<\/span><\/div>\n<div align=\"center\">\n<\/div>\n<div align=\"center\"><a href=\"http:\/\/chess-results.com\/tnr64493.aspx?art=1&amp;rd=1&amp;lan=2\"><span style=\"color: purple;font-size: large\">Provincial sub-18 Toledo<\/span><\/a><\/div>\n<div align=\"center\"><a href=\"http:\/\/chess-results.com\/tnr63816.aspx?art=1&amp;rd=3&amp;lan=2\"><span style=\"color: purple;font-size: large\">Escolar Cadete Toledo<\/span><\/a><\/div>\n<div align=\"center\"><a href=\"http:\/\/chess-results.com\/tnr64092.aspx?art=1&amp;rd=3&amp;lan=2\"><span style=\"color: purple;font-size: large\">Escolar Infantil Toledo<\/span><\/a><\/div>\n","protected":false},"excerpt":{"rendered":"<p>La 3\u00aa ronda del Cadete de Ciudad Real enfrent\u00f3 a nuestros jugadores Carlos \u00c1lvarez y Leo de Giorgi en la mesa 1 Un nuevo fin de semana de ajedrez para los alumnos y alumnas m\u00e1s j\u00f3venes de las escuelas de Alc\u00e1zar y Villafranca. Ayer domingo se disputaron 2 rondas del Escolar Infantil&nbsp;y 1 del Cadete [&hellip;]<\/p>\n","protected":false},"author":1,"featured_media":2446,"comment_status":"open","ping_status":"closed","sticky":false,"template":"","format":"standard","meta":{"footnotes":""},"categories":[1],"tags":[],"class_list":["post-2445","post","type-post","status-publish","format-standard","has-post-thumbnail","hentry","category-noticias"],"_links":{"self":[{"href":"https:\/\/www.bfv.cloud\/ajedrezeuropa\/wp-json\/wp\/v2\/posts\/2445","targetHints":{"allow":["GET"]}}],"collection":[{"href":"https:\/\/www.bfv.cloud\/ajedrezeuropa\/wp-json\/wp\/v2\/posts"}],"about":[{"href":"https:\/\/www.bfv.cloud\/ajedrezeuropa\/wp-json\/wp\/v2\/types\/post"}],"author":[{"embeddable":true,"href":"https:\/\/www.bfv.cloud\/ajedrezeuropa\/wp-json\/wp\/v2\/users\/1"}],"replies":[{"embeddable":true,"href":"https:\/\/www.bfv.cloud\/ajedrezeuropa\/wp-json\/wp\/v2\/comments?post=2445"}],"version-history":[{"count":1,"href":"https:\/\/www.bfv.cloud\/ajedrezeuropa\/wp-json\/wp\/v2\/posts\/2445\/revisions"}],"predecessor-version":[{"id":2452,"href":"https:\/\/www.bfv.cloud\/ajedrezeuropa\/wp-json\/wp\/v2\/posts\/2445\/revisions\/2452"}],"wp:featuredmedia":[{"embeddable":true,"href":"https:\/\/www.bfv.cloud\/ajedrezeuropa\/wp-json\/wp\/v2\/media\/2446"}],"wp:attachment":[{"href":"https:\/\/www.bfv.cloud\/ajedrezeuropa\/wp-json\/wp\/v2\/media?parent=2445"}],"wp:term":[{"taxonomy":"category","embeddable":true,"href":"https:\/\/www.bfv.cloud\/ajedrezeuropa\/wp-json\/wp\/v2\/categories?post=2445"},{"taxonomy":"post_tag","embeddable":true,"href":"https:\/\/www.bfv.cloud\/ajedrezeuropa\/wp-json\/wp\/v2\/tags?post=2445"}],"curies":[{"name":"wp","href":"https:\/\/api.w.org\/{rel}","templated":true}]}}