{"id":2453,"date":"2017-06-19T11:04:00","date_gmt":"2017-06-19T11:04:00","guid":{"rendered":"https:\/\/www.bfv.cloud\/ajedrezeuropa\/index.php\/2017\/06\/19\/abierto-el-plazo-de-preinscripcion-para-el-x-campus-de-verano\/"},"modified":"2025-11-20T10:47:13","modified_gmt":"2025-11-20T10:47:13","slug":"abierto-el-plazo-de-preinscripcion-para-el-x-campus-de-verano","status":"publish","type":"post","link":"https:\/\/www.bfv.cloud\/ajedrezeuropa\/abierto-el-plazo-de-preinscripcion-para-el-x-campus-de-verano\/","title":{"rendered":"ABIERTO EL PLAZO DE PREINSCRIPCI\u00d3N PARA EL X CAMPUS DE VERANO"},"content":{"rendered":"<div class=\"separator\" style=\"clear: both;text-align: center\">\n<a href=\"https:\/\/www.bfv.cloud\/ajedrezeuropa\/wp-content\/uploads\/2017\/06\/TRIP25C32597TICOXCAMPUSexterior.jpg\" style=\"margin-left: 1em;margin-right: 1em\"><img fetchpriority=\"high\" decoding=\"async\" border=\"0\" data-original-height=\"1133\" data-original-width=\"1600\" height=\"452\" src=\"https:\/\/blogger.googleusercontent.com\/img\/b\/R29vZ2xl\/AVvXsEg7mQht4yaFwTusGC-jttXXdOeojZhsr4haXQhyyAPZxsE-rnrpsmY5zU81a8Smwf4TNWThRT2HSULcK_mG45OWevpHelm08Bjp_n9cnAHcJLN0Gynk_X-BqzGLTFeM5D-uxiLsmSmiHcU\/s640\/TRIP%25C3%2597TICO+X+CAMPUS+exterior.jpg\" width=\"640\" \/><\/a><\/div>\n<p><\/p>\n<div class=\"separator\" style=\"clear: both;text-align: center\">\n<a href=\"https:\/\/www.bfv.cloud\/ajedrezeuropa\/wp-content\/uploads\/2017\/06\/TRIP25C32597TICOXCAMPUSinterior.jpg\" style=\"margin-left: 1em;margin-right: 1em\"><img decoding=\"async\" border=\"0\" data-original-height=\"1132\" data-original-width=\"1600\" height=\"452\" src=\"https:\/\/blogger.googleusercontent.com\/img\/b\/R29vZ2xl\/AVvXsEjFZ5FdXgWeCoPP27_Ak5UVwPZmJn9okhj6THS74Oz-JMKAH84hqxfoyONtIzmpXaVYpYTXEQMZrqvaA6bsLKcORXCHci90KRdfXYw_DwMU6Q3bOzrHxViFn-DLhsPk84FA_nsg4p6qpGk\/s640\/TRIP%25C3%2597TICO+X+CAMPUS+interior.jpg\" width=\"640\" \/><\/a><\/div>\n<p>\n<span style=\"color: #20124d;font-family: Trebuchet MS, sans-serif;font-size: large\"><b>Ya queda abierto el plazo de preinscripci\u00f3n para el X CAMPUS DE VERANO que se celebrar\u00e1 del 31 de julio al 5 de agosto en Alc\u00e1zar de San Juan y Villafranca de los Caballeros.<\/b><\/span><br \/>\n<span style=\"color: #20124d;font-family: Trebuchet MS, sans-serif;font-size: large\"><b>El s\u00e1bado pasado se han dado a conocer los aspectos t\u00e9cnicos y organizativos de esta edici\u00f3n. Lo primero a destacar sigue siendo la presencia de un conjunto de entrenadores y preparadores de primer nivel internacional para los grupos de tecnificaci\u00f3n y perfeccionamiento, a\u00f1adi\u00e9ndose a la oferta los grupos de iniciaci\u00f3n de ajedrez escolar y biling\u00fces (espa\u00f1ol\/ingl\u00e9s).<\/b><\/span><br \/>\n<span style=\"color: #20124d;font-family: Trebuchet MS, sans-serif;font-size: large\"><b>En cuanto a los aspectos organizativos, marcamos 2 novedades:&nbsp;<\/b><\/span><br \/>\n<span style=\"color: #20124d;font-family: Trebuchet MS, sans-serif;font-size: large\"><b>1) Los 3 d\u00edas de estancia del campus en Alc\u00e1zar de San Juan: 31 de julio, 1 y 2 de agosto; es muy probable que la comida del mediod\u00eda tenga lugar en el hotel Intur.<\/b><\/span><br \/>\n<span style=\"color: #20124d;font-family: Trebuchet MS, sans-serif;font-size: large\"><b>2) Los 3 d\u00edas de estancia del campus en Villafranca de los Caballeros: 3, 4 y 5 de agosto, el espacio de ocio del mediod\u00eda se realizar\u00e1 en la piscina municipal y no en Las Lagunas.<\/b><\/span><br \/>\n<span style=\"color: #20124d;font-family: Trebuchet MS, sans-serif;font-size: large\"><b>M\u00e1s informaci\u00f3n y preinscripciones en:<\/b><\/span><\/p>\n<div style=\"text-align: center\">\n<span style=\"color: #20124d;font-family: Trebuchet MS, sans-serif;font-size: large\"><b><a href=\"mailto:felixtoribio@nuestroajedrezeneuropa.com\">felixtoribio@nuestroajedrezeneuropa.com<\/a><\/b><\/span><\/div>\n<div style=\"text-align: center\">\n<span style=\"color: #20124d;font-family: Trebuchet MS, sans-serif;font-size: large\"><br \/><\/span><\/div>\n<div class=\"separator\" style=\"clear: both;text-align: center\">\n<a href=\"https:\/\/www.bfv.cloud\/ajedrezeuropa\/wp-content\/uploads\/2017\/06\/CARTELXCAMPUS-1.jpg\" style=\"margin-left: 1em;margin-right: 1em\"><img decoding=\"async\" border=\"0\" data-original-height=\"1600\" data-original-width=\"1132\" height=\"640\" src=\"https:\/\/blogger.googleusercontent.com\/img\/b\/R29vZ2xl\/AVvXsEhiDkuf0VpSaCjpKAuNkAclt5J9QQhPKSOnQ3MRHt7_k_WA8uuwt7v49XPE8ZuWq2gZOnU5OQ1Oe3063DtY1AEWQuA5mkli5E9jCZL0NwlFKPRv8CUPcbGp54aZtBhNak3aIc0y293UsY0\/s640\/CARTEL+X+CAMPUS.jpg\" width=\"452\" \/><\/a><\/div>\n<div style=\"text-align: center\">\n<span style=\"color: #20124d;font-family: Trebuchet MS, sans-serif;font-size: large\"><br \/><\/span><\/div>\n","protected":false},"excerpt":{"rendered":"<p>Ya queda abierto el plazo de preinscripci\u00f3n para el X CAMPUS DE VERANO que se celebrar\u00e1 del 31 de julio al 5 de agosto en Alc\u00e1zar de San Juan y Villafranca de los Caballeros. El s\u00e1bado pasado se han dado a conocer los aspectos t\u00e9cnicos y organizativos de esta edici\u00f3n. Lo primero a destacar sigue [&hellip;]<\/p>\n","protected":false},"author":1,"featured_media":2454,"comment_status":"open","ping_status":"closed","sticky":false,"template":"","format":"standard","meta":{"footnotes":""},"categories":[1],"tags":[],"class_list":["post-2453","post","type-post","status-publish","format-standard","has-post-thumbnail","hentry","category-noticias"],"_links":{"self":[{"href":"https:\/\/www.bfv.cloud\/ajedrezeuropa\/wp-json\/wp\/v2\/posts\/2453","targetHints":{"allow":["GET"]}}],"collection":[{"href":"https:\/\/www.bfv.cloud\/ajedrezeuropa\/wp-json\/wp\/v2\/posts"}],"about":[{"href":"https:\/\/www.bfv.cloud\/ajedrezeuropa\/wp-json\/wp\/v2\/types\/post"}],"author":[{"embeddable":true,"href":"https:\/\/www.bfv.cloud\/ajedrezeuropa\/wp-json\/wp\/v2\/users\/1"}],"replies":[{"embeddable":true,"href":"https:\/\/www.bfv.cloud\/ajedrezeuropa\/wp-json\/wp\/v2\/comments?post=2453"}],"version-history":[{"count":1,"href":"https:\/\/www.bfv.cloud\/ajedrezeuropa\/wp-json\/wp\/v2\/posts\/2453\/revisions"}],"predecessor-version":[{"id":2457,"href":"https:\/\/www.bfv.cloud\/ajedrezeuropa\/wp-json\/wp\/v2\/posts\/2453\/revisions\/2457"}],"wp:featuredmedia":[{"embeddable":true,"href":"https:\/\/www.bfv.cloud\/ajedrezeuropa\/wp-json\/wp\/v2\/media\/2454"}],"wp:attachment":[{"href":"https:\/\/www.bfv.cloud\/ajedrezeuropa\/wp-json\/wp\/v2\/media?parent=2453"}],"wp:term":[{"taxonomy":"category","embeddable":true,"href":"https:\/\/www.bfv.cloud\/ajedrezeuropa\/wp-json\/wp\/v2\/categories?post=2453"},{"taxonomy":"post_tag","embeddable":true,"href":"https:\/\/www.bfv.cloud\/ajedrezeuropa\/wp-json\/wp\/v2\/tags?post=2453"}],"curies":[{"name":"wp","href":"https:\/\/api.w.org\/{rel}","templated":true}]}}