{"id":2458,"date":"2014-10-16T22:22:00","date_gmt":"2014-10-16T22:22:00","guid":{"rendered":"https:\/\/www.bfv.cloud\/ajedrezeuropa\/index.php\/2014\/10\/16\/el-9-de-noviembre-comenzara-el-provincial-por-equipos-de-toledo\/"},"modified":"2025-11-20T10:47:14","modified_gmt":"2025-11-20T10:47:14","slug":"el-9-de-noviembre-comenzara-el-provincial-por-equipos-de-toledo","status":"publish","type":"post","link":"https:\/\/www.bfv.cloud\/ajedrezeuropa\/el-9-de-noviembre-comenzara-el-provincial-por-equipos-de-toledo\/","title":{"rendered":"EL 9 DE NOVIEMBRE COMENZAR\u00c1 EL PROVINCIAL POR EQUIPOS DE TOLEDO"},"content":{"rendered":"<div class=\"separator\" style=\"clear: both;text-align: center\">\n<a href=\"https:\/\/www.bfv.cloud\/ajedrezeuropa\/wp-content\/uploads\/2014\/10\/NUESTROAJEDREZSINFRONTERAS2.jpg\" style=\"clear: left;float: left;margin-bottom: 1em;margin-right: 1em\"><img fetchpriority=\"high\" decoding=\"async\" border=\"0\" src=\"https:\/\/www.bfv.cloud\/ajedrezeuropa\/wp-content\/uploads\/2014\/10\/NUESTROAJEDREZSINFRONTERAS2.jpg\" height=\"300\" width=\"400\" \/><\/a><\/div>\n<div class=\"MsoTitle\" style=\"text-align: justify\">\n<span style=\"font-size: 12pt\"><span style=\"font-family: Trebuchet MS, sans-serif\"><b>Ya se est\u00e1n perfilando los equipos<br \/>\ncon los que acudiremos al provincial absoluto de clubes de Toledo valedero para<br \/>\n2015. En el campeonato de 1\u00aa divisi\u00f3n volveremos a presentar el m\u00e1ximo de equipos<br \/>\nposibles, por lo tanto ser\u00e1n 4 los que participar\u00e1n en esta categor\u00eda, \u00fanica<br \/>\nv\u00e1lida para valoraci\u00f3n elo. Estas 4 formaciones pertenecientes a nuestro<br \/>\nproyecto, tienen a\u00fan por definir&nbsp; sus<br \/>\ncomposiciones definitivas. Por ahora, podemos adelantar algunos de los<br \/>\njugadores que formar\u00e1n el orden de fuerza de nuestros clubes:<\/b><\/span><\/span><\/div>\n<div class=\"MsoTitle\" style=\"text-align: justify\">\n<\/div>\n<div class=\"MsoTitle\" style=\"text-align: center\">\n<b><span style=\"color: green;font-size: 12.0pt\"><span style=\"font-family: Trebuchet MS, sans-serif\"><u>NUESTRO AJEDREZ<br \/>\nEN EUROPA \u201cA\u201d<\/u><\/span><\/span><\/b><\/div>\n<div class=\"MsoTitle\" style=\"text-align: center\">\n<b><span style=\"color: green;font-size: 12pt\"><span style=\"font-family: Trebuchet MS, sans-serif\">1.- Santiago Talavera<\/span><\/span><\/b><\/div>\n<div class=\"MsoTitle\" style=\"text-align: center\">\n<b><span style=\"color: green;font-size: 12pt\"><span style=\"font-family: Trebuchet MS, sans-serif\">2.- Isaac Lozano<\/span><\/span><\/b><\/div>\n<div class=\"MsoTitle\" style=\"text-align: center\">\n<b><span style=\"color: green;font-size: 12pt\"><span style=\"font-family: Trebuchet MS, sans-serif\">3.- Daniel P\u00edriz<\/span><\/span><\/b><\/div>\n<div class=\"MsoTitle\" style=\"text-align: center\">\n<b><span style=\"color: green;font-size: 12pt\"><span style=\"font-family: Trebuchet MS, sans-serif\">4.- Carlos \u00c1lvarez<\/span><\/span><\/b><\/div>\n<div class=\"MsoTitle\" style=\"text-align: center\">\n<b><span style=\"color: green;font-size: 12pt\"><span style=\"font-family: Trebuchet MS, sans-serif\">5.- Jorge Sim\u00f3n<\/span><\/span><\/b><\/div>\n<div class=\"MsoTitle\" style=\"text-align: center\">\n<b><span style=\"color: green;font-size: 12pt\"><span style=\"font-family: Trebuchet MS, sans-serif\">6.- Luis Miguel Monreal<\/span><\/span><\/b><\/div>\n<div class=\"MsoTitle\" style=\"text-align: center\">\n<\/div>\n<div class=\"MsoTitle\" style=\"text-align: center\">\n<b><span style=\"color: #5f497a;font-size: 12.0pt\"><span style=\"font-family: Trebuchet MS, sans-serif\"><u>NUESTRO AJEDREZ EN EUROPA \u201cB\u201d<\/u><\/span><\/span><\/b><\/div>\n<div class=\"MsoTitle\" style=\"text-align: center\">\n<b><span style=\"color: #5f497a;font-size: 12pt\"><span style=\"font-family: Trebuchet MS, sans-serif\">1.- Javier<br \/>\nValdepe\u00f1as<\/span><\/span><\/b><\/div>\n<div class=\"MsoTitle\" style=\"text-align: center\">\n<b><span style=\"color: #5f497a;font-size: 12pt\"><span style=\"font-family: Trebuchet MS, sans-serif\">2.- Cosimo<br \/>\nLeonardo de Giorgi<\/span><\/span><\/b><\/div>\n<div class=\"MsoTitle\" style=\"text-align: center\">\n<b><span style=\"color: #5f497a;font-size: 12pt\"><span style=\"font-family: Trebuchet MS, sans-serif\">3.- Jes\u00fas<br \/>\nM\u00aa Bricio<\/span><\/span><\/b><\/div>\n<div class=\"MsoTitle\" style=\"text-align: center\">\n<b><span style=\"color: #5f497a;font-size: 12pt\"><span style=\"font-family: Trebuchet MS, sans-serif\">4.- Irene<br \/>\nSim\u00f3n<\/span><\/span><\/b><\/div>\n<div class=\"MsoTitle\" style=\"text-align: center\">\n<span style=\"font-family: Trebuchet MS, sans-serif\"><b><span style=\"color: #5f497a;font-size: 12pt\">5.- Silvia<br \/>\nToribio<\/span><\/b><b><span style=\"color: #99cc00;font-size: 12pt\"><\/span><\/b><\/span><\/div>\n<div class=\"MsoTitle\" style=\"text-align: center\">\n<\/div>\n<div class=\"MsoTitle\" style=\"text-align: center\">\n<b><span style=\"color: #c00000;font-size: 12.0pt\"><span style=\"font-family: Trebuchet MS, sans-serif\"><u>NUESTRO<br \/>\nAJEDREZ POR LA IGUALDAD \u201cA\u201d<\/u><\/span><\/span><\/b><\/div>\n<div class=\"MsoTitle\" style=\"text-align: center\">\n<b><span style=\"color: #c00000;font-size: 12pt\"><span style=\"font-family: Trebuchet MS, sans-serif\">1.- Fernando Visier<\/span><\/span><\/b><\/div>\n<div class=\"MsoTitle\" style=\"text-align: center\">\n<b><span style=\"color: #c00000;font-size: 12pt\"><span style=\"font-family: Trebuchet MS, sans-serif\">2.- Jos\u00e9 M\u00aa Redondo<\/span><\/span><\/b><\/div>\n<div class=\"MsoTitle\" style=\"text-align: center\">\n<b><span style=\"color: #c00000;font-size: 12pt\"><span style=\"font-family: Trebuchet MS, sans-serif\">3.- Antonio Albo<\/span><\/span><\/b><\/div>\n<div class=\"MsoTitle\" style=\"text-align: center\">\n<b><span style=\"color: #c00000;font-size: 12pt\"><span style=\"font-family: Trebuchet MS, sans-serif\">4.- Carlos Romo<\/span><\/span><\/b><\/div>\n<div class=\"MsoTitle\" style=\"text-align: center\">\n<b><span style=\"color: #c00000;font-size: 12pt\"><span style=\"font-family: Trebuchet MS, sans-serif\">5.- Jos\u00e9 M\u00aa Pastrana<\/span><\/span><\/b><\/div>\n<div class=\"MsoTitle\" style=\"text-align: center\">\n<b><span style=\"color: #c00000;font-size: 12pt\"><span style=\"font-family: Trebuchet MS, sans-serif\">6.- Daniel Salas<\/span><\/span><\/b><\/div>\n<div class=\"MsoTitle\" style=\"text-align: center\">\n<\/div>\n<div class=\"MsoTitle\" style=\"text-align: center\">\n<b><span style=\"color: #e36c0a;font-size: 12.0pt\"><span style=\"font-family: Trebuchet MS, sans-serif\"><u>NUESTRO AJEDREZ POR LA IGUALDAD \u201cB\u201d<\/u><\/span><\/span><\/b><\/div>\n<div class=\"MsoTitle\" style=\"text-align: center\">\n<b><span style=\"color: #e36c0a;font-size: 12pt\"><span style=\"font-family: Trebuchet MS, sans-serif\">1.- Alba<br \/>\nP\u00edriz<\/span><\/span><\/b><\/div>\n<div class=\"MsoTitle\" style=\"text-align: center\">\n<b><span style=\"color: #e36c0a;font-size: 12pt\"><span style=\"font-family: Trebuchet MS, sans-serif\">2.- Isabel<br \/>\nMarcos-Alberca<\/span><\/span><\/b><\/div>\n<div class=\"MsoTitle\" style=\"text-align: center\">\n<b><span style=\"color: #e36c0a;font-size: 12pt\"><span style=\"font-family: Trebuchet MS, sans-serif\">3.-<br \/>\nEnrique Velasco<\/span><\/span><\/b><\/div>\n<div class=\"MsoTitle\" style=\"text-align: center\">\n<b><span style=\"color: #e36c0a;font-size: 12pt\"><span style=\"font-family: Trebuchet MS, sans-serif\">4.- Mar\u00eda<br \/>\nOliver<\/span><\/span><\/b><\/div>\n<div class=\"MsoTitle\" style=\"text-align: center\">\n<b><span style=\"color: #e36c0a;font-size: 12pt\"><span style=\"font-family: Trebuchet MS, sans-serif\">5.- Julia<br \/>\nMeza<\/span><\/span><\/b><\/div>\n<div class=\"MsoTitle\" style=\"text-align: center\">\n<b><span style=\"color: #e36c0a;font-size: 12pt\"><span style=\"font-family: Trebuchet MS, sans-serif\">6.- Nuria<br \/>\nLozano<\/span><\/span><\/b><\/div>\n<div align=\"left\" class=\"MsoTitle\">\n<\/div>\n<p><\/p>\n<div class=\"MsoTitle\" style=\"text-align: justify\">\n<span style=\"font-size: 12pt\"><span style=\"font-family: Trebuchet MS, sans-serif\"><b>El antiguo<br \/>\ncampeonato de 2\u00aa divisi\u00f3n ha pasado a denominarse Campeonato de Promoci\u00f3n<br \/>\nDeportiva por Equipos, algo m\u00e1s acorde con el prop\u00f3sito y objetivo de esta<br \/>\ncompetici\u00f3n. A esta otra competici\u00f3n presentaremos un equipo por club, aunque ser\u00e1<br \/>\nm\u00e1s adelante cuando facilitaremos toda la informaci\u00f3n.<\/b><\/span><\/span><\/div>\n","protected":false},"excerpt":{"rendered":"<p>Ya se est\u00e1n perfilando los equipos con los que acudiremos al provincial absoluto de clubes de Toledo valedero para 2015. En el campeonato de 1\u00aa divisi\u00f3n volveremos a presentar el m\u00e1ximo de equipos posibles, por lo tanto ser\u00e1n 4 los que participar\u00e1n en esta categor\u00eda, \u00fanica v\u00e1lida para valoraci\u00f3n elo. Estas 4 formaciones pertenecientes a [&hellip;]<\/p>\n","protected":false},"author":1,"featured_media":2459,"comment_status":"open","ping_status":"closed","sticky":false,"template":"","format":"standard","meta":{"footnotes":""},"categories":[1],"tags":[],"class_list":["post-2458","post","type-post","status-publish","format-standard","has-post-thumbnail","hentry","category-noticias"],"_links":{"self":[{"href":"https:\/\/www.bfv.cloud\/ajedrezeuropa\/wp-json\/wp\/v2\/posts\/2458","targetHints":{"allow":["GET"]}}],"collection":[{"href":"https:\/\/www.bfv.cloud\/ajedrezeuropa\/wp-json\/wp\/v2\/posts"}],"about":[{"href":"https:\/\/www.bfv.cloud\/ajedrezeuropa\/wp-json\/wp\/v2\/types\/post"}],"author":[{"embeddable":true,"href":"https:\/\/www.bfv.cloud\/ajedrezeuropa\/wp-json\/wp\/v2\/users\/1"}],"replies":[{"embeddable":true,"href":"https:\/\/www.bfv.cloud\/ajedrezeuropa\/wp-json\/wp\/v2\/comments?post=2458"}],"version-history":[{"count":1,"href":"https:\/\/www.bfv.cloud\/ajedrezeuropa\/wp-json\/wp\/v2\/posts\/2458\/revisions"}],"predecessor-version":[{"id":2460,"href":"https:\/\/www.bfv.cloud\/ajedrezeuropa\/wp-json\/wp\/v2\/posts\/2458\/revisions\/2460"}],"wp:featuredmedia":[{"embeddable":true,"href":"https:\/\/www.bfv.cloud\/ajedrezeuropa\/wp-json\/wp\/v2\/media\/2459"}],"wp:attachment":[{"href":"https:\/\/www.bfv.cloud\/ajedrezeuropa\/wp-json\/wp\/v2\/media?parent=2458"}],"wp:term":[{"taxonomy":"category","embeddable":true,"href":"https:\/\/www.bfv.cloud\/ajedrezeuropa\/wp-json\/wp\/v2\/categories?post=2458"},{"taxonomy":"post_tag","embeddable":true,"href":"https:\/\/www.bfv.cloud\/ajedrezeuropa\/wp-json\/wp\/v2\/tags?post=2458"}],"curies":[{"name":"wp","href":"https:\/\/api.w.org\/{rel}","templated":true}]}}