{"id":2461,"date":"2015-01-13T23:06:00","date_gmt":"2015-01-13T23:06:00","guid":{"rendered":"https:\/\/www.bfv.cloud\/ajedrezeuropa\/index.php\/2015\/01\/13\/actualizacion-del-calendario-del-primer-trimestre-de-2015-y-circular-interna-de-licencias\/"},"modified":"2025-11-20T10:47:17","modified_gmt":"2025-11-20T10:47:17","slug":"actualizacion-del-calendario-del-primer-trimestre-de-2015-y-circular-interna-de-licencias","status":"publish","type":"post","link":"https:\/\/www.bfv.cloud\/ajedrezeuropa\/actualizacion-del-calendario-del-primer-trimestre-de-2015-y-circular-interna-de-licencias\/","title":{"rendered":"ACTUALIZACI\u00d3N DEL CALENDARIO DEL PRIMER TRIMESTRE DE 2015 Y CIRCULAR INTERNA DE LICENCIAS"},"content":{"rendered":"<div class=\"separator\" style=\"clear: both;text-align: center\">\n<\/div>\n<div class=\"separator\" style=\"clear: both;text-align: justify\">\n<span style=\"font-family: Georgia, Times New Roman, serif\"><b>La reciente asamblea de la FACLM ha aprobado el calendario regional de competiciones federadas para 2015 y las tasas para las licencias. Publicamos la actualizaci\u00f3n del calendario para los meses de enero, febrero y marzo, con la inclusi\u00f3n del Campeonato de Castilla-La Mancha por Edades, aunque pendiente de la asignaci\u00f3n de sede.<\/b><\/span><\/div>\n<div class=\"separator\" style=\"clear: both;text-align: justify\">\n<span style=\"font-family: Georgia, Times New Roman, serif\"><b><br \/><\/b><\/span><\/div>\n<div class=\"separator\" style=\"clear: both;text-align: center\">\n<span style=\"font-family: Georgia, Times New Roman, serif\"><i><u>EL CAMPEONATO REGIONAL POR EQUIPOS ABSOLUTO<\/u><\/i><\/span><\/div>\n<div class=\"separator\" style=\"clear: both;text-align: center\">\n<span style=\"font-family: Georgia, Times New Roman, serif\"><i><u>DEL 4 AL 7 DE JUNIO<\/u><\/i><\/span><\/div>\n<div class=\"separator\" style=\"clear: both;text-align: justify\">\n<span style=\"font-family: Georgia, Times New Roman, serif\"><i><u><br \/><\/u><\/i><\/span><\/div>\n<div class=\"separator\" style=\"clear: both;text-align: justify\">\n<span style=\"font-family: Georgia, Times New Roman, serif\"><b>Merece una menci\u00f3n especial las fechas aprobadas para la celebraci\u00f3n del Campeonato de Castilla-La Mancha por Equipos Absoluto, por ser una reiteraci\u00f3n en el desprop\u00f3sito de a\u00f1os anteriores. En temporadas pasadas, al igual que en la actual, le hemos pedido a los dirigentes de la federaci\u00f3n regional que modifiquen las fechas en las que se juega esta competici\u00f3n, &nbsp;pero seguimos sin ser escuchados. El campeonato auton\u00f3mico anual m\u00e1s importante debe supeditarse a las necesidades de la mayor\u00eda de los equipos y de sus jugadores. Como vigentes campeones provinciales de Toledo por clubes de la categor\u00eda absoluta, tenemos el objetivo de participar en este regional con el mismo equipo que nos hizo ganar el t\u00edtulo, aunque nuestros jugadores, universitarios mayoritariamente, van a tener pr\u00e1cticamente imposible su presencia al coincidir con los ex\u00e1menes finales. \u00a1\u00a1Reiteramos, p\u00fablicamente, nuestra petici\u00f3n de prescindir de la primera quincena de junio para disputar este campeonato!!<\/b><\/span><\/div>\n<div class=\"separator\" style=\"clear: both;text-align: justify\">\n<span style=\"font-family: Georgia, Times New Roman, serif\"><b><br \/><\/b><\/span><\/div>\n<div class=\"separator\" style=\"clear: both;text-align: center\">\n<a href=\"https:\/\/www.bfv.cloud\/ajedrezeuropa\/wp-content\/uploads\/2015\/01\/CALENDARIOCONELREGIONALDEEDADES.jpg\" style=\"margin-left: 1em;margin-right: 1em\"><img fetchpriority=\"high\" decoding=\"async\" border=\"0\" src=\"https:\/\/www.bfv.cloud\/ajedrezeuropa\/wp-content\/uploads\/2015\/01\/CALENDARIOCONELREGIONALDEEDADES.jpg\" height=\"282\" width=\"640\" \/><\/a><\/div>\n<h4 style=\"text-align: center\">\n<span style=\"color: #274e13\"><u>LICENCIAS 2015<\/u><\/span><\/h4>\n<h4 style=\"text-align: center\">\n<b style=\"color: #38761d;font-family: Georgia, 'Times New Roman', serif\">A continuaci\u00f3n, publicamos una circular interna para los jugadores y jugadoras de nuestros clubes y escuelas referida al pago de las licencias federativas para la temporada 2015<\/b><\/h4>\n<div style=\"text-align: center\">\n<span style=\"color: #38761d;font-family: Georgia, Times New Roman, serif\"><b><br \/><\/b><\/span><\/div>\n<div class=\"separator\" style=\"clear: both;text-align: center\">\n<a href=\"https:\/\/www.bfv.cloud\/ajedrezeuropa\/wp-content\/uploads\/2015\/01\/circularlicencias2015paranuestrosjugadores.jpg\" style=\"margin-left: 1em;margin-right: 1em\"><img decoding=\"async\" border=\"0\" src=\"https:\/\/www.bfv.cloud\/ajedrezeuropa\/wp-content\/uploads\/2015\/01\/circularlicencias2015paranuestrosjugadores.jpg\" height=\"414\" width=\"640\" \/><\/a><\/div>\n<p><\/p>\n","protected":false},"excerpt":{"rendered":"<p>La reciente asamblea de la FACLM ha aprobado el calendario regional de competiciones federadas para 2015 y las tasas para las licencias. Publicamos la actualizaci\u00f3n del calendario para los meses de enero, febrero y marzo, con la inclusi\u00f3n del Campeonato de Castilla-La Mancha por Edades, aunque pendiente de la asignaci\u00f3n de sede. EL CAMPEONATO REGIONAL [&hellip;]<\/p>\n","protected":false},"author":1,"featured_media":2462,"comment_status":"open","ping_status":"closed","sticky":false,"template":"","format":"standard","meta":{"footnotes":""},"categories":[1],"tags":[],"class_list":["post-2461","post","type-post","status-publish","format-standard","has-post-thumbnail","hentry","category-noticias"],"_links":{"self":[{"href":"https:\/\/www.bfv.cloud\/ajedrezeuropa\/wp-json\/wp\/v2\/posts\/2461","targetHints":{"allow":["GET"]}}],"collection":[{"href":"https:\/\/www.bfv.cloud\/ajedrezeuropa\/wp-json\/wp\/v2\/posts"}],"about":[{"href":"https:\/\/www.bfv.cloud\/ajedrezeuropa\/wp-json\/wp\/v2\/types\/post"}],"author":[{"embeddable":true,"href":"https:\/\/www.bfv.cloud\/ajedrezeuropa\/wp-json\/wp\/v2\/users\/1"}],"replies":[{"embeddable":true,"href":"https:\/\/www.bfv.cloud\/ajedrezeuropa\/wp-json\/wp\/v2\/comments?post=2461"}],"version-history":[{"count":1,"href":"https:\/\/www.bfv.cloud\/ajedrezeuropa\/wp-json\/wp\/v2\/posts\/2461\/revisions"}],"predecessor-version":[{"id":2464,"href":"https:\/\/www.bfv.cloud\/ajedrezeuropa\/wp-json\/wp\/v2\/posts\/2461\/revisions\/2464"}],"wp:featuredmedia":[{"embeddable":true,"href":"https:\/\/www.bfv.cloud\/ajedrezeuropa\/wp-json\/wp\/v2\/media\/2462"}],"wp:attachment":[{"href":"https:\/\/www.bfv.cloud\/ajedrezeuropa\/wp-json\/wp\/v2\/media?parent=2461"}],"wp:term":[{"taxonomy":"category","embeddable":true,"href":"https:\/\/www.bfv.cloud\/ajedrezeuropa\/wp-json\/wp\/v2\/categories?post=2461"},{"taxonomy":"post_tag","embeddable":true,"href":"https:\/\/www.bfv.cloud\/ajedrezeuropa\/wp-json\/wp\/v2\/tags?post=2461"}],"curies":[{"name":"wp","href":"https:\/\/api.w.org\/{rel}","templated":true}]}}