{"id":2465,"date":"2017-08-21T18:30:00","date_gmt":"2017-08-21T18:30:00","guid":{"rendered":"https:\/\/www.bfv.cloud\/ajedrezeuropa\/index.php\/2017\/08\/21\/el-i-torneo-de-la-puebla-de-almoradiel-reune-a-mas-de-30-ajedrecistas\/"},"modified":"2025-11-20T10:47:21","modified_gmt":"2025-11-20T10:47:21","slug":"el-i-torneo-de-la-puebla-de-almoradiel-reune-a-mas-de-30-ajedrecistas","status":"publish","type":"post","link":"https:\/\/www.bfv.cloud\/ajedrezeuropa\/el-i-torneo-de-la-puebla-de-almoradiel-reune-a-mas-de-30-ajedrecistas\/","title":{"rendered":"EL I TORNEO DE LA PUEBLA DE ALMORADIEL RE\u00daNE A M\u00c1S DE 30 AJEDRECISTAS"},"content":{"rendered":"<table cellpadding=\"0\" cellspacing=\"0\" class=\"tr-caption-container\" style=\"float: right;text-align: right\">\n<tbody>\n<tr>\n<td style=\"text-align: center\"><a href=\"https:\/\/www.bfv.cloud\/ajedrezeuropa\/wp-content\/uploads\/2017\/08\/IMG-20170820-WA010.jpg\" style=\"clear: right;margin-bottom: 1em;margin-left: auto;margin-right: auto\"><img fetchpriority=\"high\" decoding=\"async\" border=\"0\" data-original-height=\"1206\" data-original-width=\"736\" height=\"640\" src=\"https:\/\/blogger.googleusercontent.com\/img\/b\/R29vZ2xl\/AVvXsEjMsvn11tbXmvLRk0jJK91W6QtQ6CMFXoQHzPDm_5yoIKUmaC_Pfauy7wTEryBIptSCH6__fFheMoYfaLaUqHlxkrlxS8G8AUZBDur5NUGb4lFQsTWB3XrMUStXGdsSW8SPnDyztrZ00f0\/s640\/IMG-20170820-WA010.jpg\" width=\"390\" \/><\/a><\/td>\n<\/tr>\n<tr>\n<td class=\"tr-caption\" style=\"text-align: center\">El Centro Cultural \u00abLa Villa\u00bb acog\u00eda por primera vez un<br \/>\ntorneo de ajedrez<\/td>\n<\/tr>\n<\/tbody>\n<\/table>\n<table cellpadding=\"0\" cellspacing=\"0\" class=\"tr-caption-container\" style=\"float: left;text-align: center\">\n<tbody>\n<tr>\n<td style=\"text-align: center\">\n<a href=\"https:\/\/www.bfv.cloud\/ajedrezeuropa\/wp-content\/uploads\/2017\/08\/IMG-20170820-WA009.jpg\" style=\"margin-left: auto;margin-right: auto\"><img decoding=\"async\" border=\"0\" data-original-height=\"498\" data-original-width=\"1293\" height=\"153\" src=\"https:\/\/blogger.googleusercontent.com\/img\/b\/R29vZ2xl\/AVvXsEgO4Ih-27o0nGuss6iY8uxCkQxZ1LcoRDS5W0BdidGsgeMpkqNByGW6yUqwl5WfS6vtZS0ZfiUcJk_j4kT0p_QMJt0PVmhnIY8MPqnslnuEUF-gKTg4QZh6B1-ndzE0SZTTfjAQsXKxfcc\/s400\/IMG-20170820-WA009.jpg\" width=\"400\" \/><\/a><\/td>\n<\/tr>\n<tr>\n<td class=\"tr-caption\" style=\"text-align: center\">Imagen de la sala de juego<\/td>\n<\/tr>\n<\/tbody>\n<\/table>\n<p><span style=\", sans-serif;font-size: large\">La localidad toledana de La Puebla de Almoradiel celebr\u00f3 su primer torneo de ajedrez el pasado domingo 20 de agosto, con la participaci\u00f3n de 31 aficionad@s y la asistencia de los responsables de la recuperaci\u00f3n de esta competici\u00f3n. Gracias al impulso del alcalde de La Puebla, Alberto Tostado, y al trabajo de Luismi Monreal, al frente de la escuela municipal de ajedrez, se ha hecho posible retomar la pr\u00e1ctica de este deporte entre los viejos aficionados y comenzar a extender su pr\u00e1ctica entre los m\u00e1s j\u00f3venes.&nbsp;<\/span><\/p>\n<table cellpadding=\"0\" cellspacing=\"0\" class=\"tr-caption-container\" style=\"float: right;text-align: right\">\n<tbody>\n<tr>\n<td style=\"text-align: center\"><a href=\"https:\/\/www.bfv.cloud\/ajedrezeuropa\/wp-content\/uploads\/2017\/08\/IMG-20170820-WA004.jpg\" style=\"clear: right;margin-bottom: 1em;margin-left: auto;margin-right: auto\"><img decoding=\"async\" border=\"0\" data-original-height=\"927\" data-original-width=\"656\" height=\"400\" src=\"https:\/\/blogger.googleusercontent.com\/img\/b\/R29vZ2xl\/AVvXsEhO7BVCtWCs6JrFtEiGtj3iYtibw-tIFQERSXgE-YuY6N9HH9nTqHb-Wrrjot36Fa7T8szms7T1kA8WcUXZ10xwy_yvw3fdfhQ6QB9DjBs_YOQmuBVjsNVceiv-LQtDhEN8TVmvyr2WXAw\/s400\/IMG-20170820-WA004.jpg\" width=\"282\" \/><\/a><\/td>\n<\/tr>\n<tr>\n<td class=\"tr-caption\" style=\"text-align: center\">Carlos Angulo, campe\u00f3n del torneo<\/td>\n<\/tr>\n<\/tbody>\n<\/table>\n<p><span style=\", sans-serif;font-size: large\">De esta forma, el pasado domingo, 9 chicos y chicas menores de 12 a\u00f1os, 11 m\u00e1s de 13 a 16 a\u00f1os de edad y otros 11 entre j\u00f3venes y adultos, disfrutaban de una ma\u00f1ana de ajedrez entre el aplauso de sus familiares y la mirada atenta de todo aquel que quiso acercarse por el Centro Cultural \u00abLa Villa\u00bb. Otros datos a destacar fueron la participaci\u00f3n femenina: 9; y el n\u00famero de poblaciones distintas representadas, un total de 10, pertenecientes a las provincias de Toledo, Ciudad Real y la Comunidad de Madrid.&nbsp;<\/span><\/p>\n<table align=\"center\" cellpadding=\"0\" cellspacing=\"0\" class=\"tr-caption-container\" style=\"float: left;margin-right: 1em;text-align: left\">\n<tbody>\n<tr>\n<td style=\"text-align: center\">\n<a href=\"https:\/\/www.bfv.cloud\/ajedrezeuropa\/wp-content\/uploads\/2017\/08\/IMG-20170820-WA007.jpg\" style=\"clear: left;margin-bottom: 1em;margin-left: auto;margin-right: auto\"><img loading=\"lazy\" decoding=\"async\" border=\"0\" data-original-height=\"1328\" data-original-width=\"747\" height=\"640\" src=\"https:\/\/blogger.googleusercontent.com\/img\/b\/R29vZ2xl\/AVvXsEjE_vwLlVuCDN07LdAqbXelAL0QgUmne2zGjniyuwB_nCXsD6MiSjZbZgt4W2lZqWc6-vgp8HgPgc5P2t98ySW_AXnaAeiON_UkYo1sXNtzmav1oprW6jdicOrTevbvbQ4NPH3H5uHhPKM\/s640\/IMG-20170820-WA007.jpg\" width=\"360\" \/><\/a><\/td>\n<\/tr>\n<tr>\n<td class=\"tr-caption\" style=\"text-align: center\">Carlos P\u00e9rez, campe\u00f3n local absoluto<\/td>\n<\/tr>\n<\/tbody>\n<\/table>\n<p><span style=\", sans-serif;font-size: large\">El resultado final, despu\u00e9s de las 5 rondas disputadas, llev\u00f3 a Carlos Angulo Barrios a proclamarse campe\u00f3n del torneo, seguido de Jos\u00e9 Agenjo. El trofeo de campe\u00f3n local fue para el joven jugador de La Puebla, Carlos P\u00e9rez, que se situ\u00f3 con 4 puntos en la 5\u00aa posici\u00f3n de la clasificaci\u00f3n general. Adem\u00e1s se entregaron premios a los mejores clasificados de la categor\u00eda sub-12, encabezando la clasificaci\u00f3n: \u00c1ngel Javier Pozos, con Javier Ramos en la 2\u00aa plaza. <\/span><span style=\", sans-serif;font-size: large\">El trofeo local fue a manos de Pablo P\u00e9rez, un ni\u00f1o de tan solo 7 a\u00f1os de edad que jug\u00f3 su primer torneo de ajedrez.<\/span><\/p>\n<table cellpadding=\"0\" cellspacing=\"0\" class=\"tr-caption-container\" style=\"float: left;margin-right: 1em;text-align: left\">\n<tbody>\n<tr>\n<td style=\"text-align: center\"><a href=\"https:\/\/www.bfv.cloud\/ajedrezeuropa\/wp-content\/uploads\/2017\/08\/IMG-20170820-WA006.jpg\" style=\"clear: left;margin-bottom: 1em;margin-left: auto;margin-right: auto\"><img loading=\"lazy\" decoding=\"async\" border=\"0\" data-original-height=\"537\" data-original-width=\"1226\" height=\"280\" src=\"https:\/\/blogger.googleusercontent.com\/img\/b\/R29vZ2xl\/AVvXsEiwo-mD06L_emvTngf-iz5Dht_fpyvbNlMjjhJmCbA2Klp5Y2u4n1_a1vE-L8NwEEPQF2IJUIyGzh7d3GmMCU-cV-jzye1YklNmamdvDDaBnvHiJfuxM3Q_hbwD57R-UzDA7f_liTvKiTo\/s640\/IMG-20170820-WA006.jpg\" width=\"640\" \/><\/a><\/td>\n<\/tr>\n<tr>\n<td class=\"tr-caption\" style=\"text-align: center\">Todos los chicos y chicas sub-12 recibieron obsequios<\/td>\n<\/tr>\n<\/tbody>\n<\/table>\n<p><span style=\", sans-serif;font-size: large\"><br \/><\/span><br \/>\n<span style=\", sans-serif;font-size: large\">El ayuntamiento de La Puebla de Almoradiel estuvo representado en todo momento por su alcalde, Alberto Tostado, quien tambi\u00e9n se interes\u00f3 por diversos aspectos organizativos. Al acto de entrega de premios, adem\u00e1s del propio alcalde, asistieron la reina y la dama de las fiestas que fueron las encargadas del reparto de trofeos y de los productos de la tierra (queso y vino) con los que se obsequi\u00f3 a los 6 ganadores.<\/span><\/p>\n","protected":false},"excerpt":{"rendered":"<p>El Centro Cultural \u00abLa Villa\u00bb acog\u00eda por primera vez un torneo de ajedrez Imagen de la sala de juego La localidad toledana de La Puebla de Almoradiel celebr\u00f3 su primer torneo de ajedrez el pasado domingo 20 de agosto, con la participaci\u00f3n de 31 aficionad@s y la asistencia de los responsables de la recuperaci\u00f3n de [&hellip;]<\/p>\n","protected":false},"author":1,"featured_media":2466,"comment_status":"open","ping_status":"closed","sticky":false,"template":"","format":"standard","meta":{"footnotes":""},"categories":[1],"tags":[],"class_list":["post-2465","post","type-post","status-publish","format-standard","has-post-thumbnail","hentry","category-noticias"],"_links":{"self":[{"href":"https:\/\/www.bfv.cloud\/ajedrezeuropa\/wp-json\/wp\/v2\/posts\/2465","targetHints":{"allow":["GET"]}}],"collection":[{"href":"https:\/\/www.bfv.cloud\/ajedrezeuropa\/wp-json\/wp\/v2\/posts"}],"about":[{"href":"https:\/\/www.bfv.cloud\/ajedrezeuropa\/wp-json\/wp\/v2\/types\/post"}],"author":[{"embeddable":true,"href":"https:\/\/www.bfv.cloud\/ajedrezeuropa\/wp-json\/wp\/v2\/users\/1"}],"replies":[{"embeddable":true,"href":"https:\/\/www.bfv.cloud\/ajedrezeuropa\/wp-json\/wp\/v2\/comments?post=2465"}],"version-history":[{"count":1,"href":"https:\/\/www.bfv.cloud\/ajedrezeuropa\/wp-json\/wp\/v2\/posts\/2465\/revisions"}],"predecessor-version":[{"id":2471,"href":"https:\/\/www.bfv.cloud\/ajedrezeuropa\/wp-json\/wp\/v2\/posts\/2465\/revisions\/2471"}],"wp:featuredmedia":[{"embeddable":true,"href":"https:\/\/www.bfv.cloud\/ajedrezeuropa\/wp-json\/wp\/v2\/media\/2466"}],"wp:attachment":[{"href":"https:\/\/www.bfv.cloud\/ajedrezeuropa\/wp-json\/wp\/v2\/media?parent=2465"}],"wp:term":[{"taxonomy":"category","embeddable":true,"href":"https:\/\/www.bfv.cloud\/ajedrezeuropa\/wp-json\/wp\/v2\/categories?post=2465"},{"taxonomy":"post_tag","embeddable":true,"href":"https:\/\/www.bfv.cloud\/ajedrezeuropa\/wp-json\/wp\/v2\/tags?post=2465"}],"curies":[{"name":"wp","href":"https:\/\/api.w.org\/{rel}","templated":true}]}}