{"id":2472,"date":"2014-11-01T16:46:00","date_gmt":"2014-11-01T16:46:00","guid":{"rendered":"https:\/\/www.bfv.cloud\/ajedrezeuropa\/index.php\/2014\/11\/01\/nueva-descarga-de-la-seccion-en-jaque-en-las-redes-sociales\/"},"modified":"2025-11-20T10:47:24","modified_gmt":"2025-11-20T10:47:24","slug":"nueva-descarga-de-la-seccion-en-jaque-en-las-redes-sociales","status":"publish","type":"post","link":"https:\/\/www.bfv.cloud\/ajedrezeuropa\/nueva-descarga-de-la-seccion-en-jaque-en-las-redes-sociales\/","title":{"rendered":"NUEVA DESCARGA DE LA SECCI\u00d3N \u00abEN JAQUE\u00bb EN LAS REDES SOCIALES"},"content":{"rendered":"<div class=\"separator\" style=\"clear: both;text-align: center\">\n<a href=\"https:\/\/www.bfv.cloud\/ajedrezeuropa\/wp-content\/uploads\/2014\/11\/BANNER-ROSA.png\" style=\"clear: left;float: left;margin-bottom: 1em;margin-right: 1em\"><img decoding=\"async\" border=\"0\" src=\"https:\/\/www.bfv.cloud\/ajedrezeuropa\/wp-content\/uploads\/2014\/11\/BANNER-ROSA.png\" height=\"90\" width=\"320\" \/><\/a><\/div>\n<p><a href=\"https:\/\/www.bfv.cloud\/ajedrezeuropa\/wp-content\/uploads\/2014\/11\/logo_radiovillacaC3B1as.jpg\" style=\"clear: right;float: right;margin-bottom: 1em;margin-left: 1em\"><img decoding=\"async\" border=\"0\" src=\"https:\/\/www.bfv.cloud\/ajedrezeuropa\/wp-content\/uploads\/2014\/11\/logo_radiovillacaC3B1as.jpg\" \/><\/a><\/p>\n<p><span style=\"font-family: Trebuchet MS, sans-serif\"><b>La entrevista que Rosa Aranda mantuvo con Jorge e Irene Sim\u00f3n el pasado jueves ya est\u00e1 subida a las redes sociales: Facebook, Twitter y Google +<\/b><\/span><br \/>\n<span style=\"font-family: Trebuchet MS, sans-serif\"><b>Os recordamos que el programa \u00abDE BUENA MA\u00d1ANA\u00bb, de la emisora municipal de Villaca\u00f1as, ha programado una secci\u00f3n semanal dedicada al ajedrez bajo el t\u00edtulo de \u00abEN JAQUE\u00bb.<\/b><\/span><\/p>\n","protected":false},"excerpt":{"rendered":"<p>La entrevista que Rosa Aranda mantuvo con Jorge e Irene Sim\u00f3n el pasado jueves ya est\u00e1 subida a las redes sociales: Facebook, Twitter y Google + Os recordamos que el programa \u00abDE BUENA MA\u00d1ANA\u00bb, de la emisora municipal de Villaca\u00f1as, ha programado una secci\u00f3n semanal dedicada al ajedrez bajo el t\u00edtulo de \u00abEN JAQUE\u00bb.<\/p>\n","protected":false},"author":1,"featured_media":2473,"comment_status":"open","ping_status":"closed","sticky":false,"template":"","format":"standard","meta":{"footnotes":""},"categories":[1],"tags":[],"class_list":["post-2472","post","type-post","status-publish","format-standard","has-post-thumbnail","hentry","category-noticias"],"_links":{"self":[{"href":"https:\/\/www.bfv.cloud\/ajedrezeuropa\/wp-json\/wp\/v2\/posts\/2472","targetHints":{"allow":["GET"]}}],"collection":[{"href":"https:\/\/www.bfv.cloud\/ajedrezeuropa\/wp-json\/wp\/v2\/posts"}],"about":[{"href":"https:\/\/www.bfv.cloud\/ajedrezeuropa\/wp-json\/wp\/v2\/types\/post"}],"author":[{"embeddable":true,"href":"https:\/\/www.bfv.cloud\/ajedrezeuropa\/wp-json\/wp\/v2\/users\/1"}],"replies":[{"embeddable":true,"href":"https:\/\/www.bfv.cloud\/ajedrezeuropa\/wp-json\/wp\/v2\/comments?post=2472"}],"version-history":[{"count":1,"href":"https:\/\/www.bfv.cloud\/ajedrezeuropa\/wp-json\/wp\/v2\/posts\/2472\/revisions"}],"predecessor-version":[{"id":2475,"href":"https:\/\/www.bfv.cloud\/ajedrezeuropa\/wp-json\/wp\/v2\/posts\/2472\/revisions\/2475"}],"wp:featuredmedia":[{"embeddable":true,"href":"https:\/\/www.bfv.cloud\/ajedrezeuropa\/wp-json\/wp\/v2\/media\/2473"}],"wp:attachment":[{"href":"https:\/\/www.bfv.cloud\/ajedrezeuropa\/wp-json\/wp\/v2\/media?parent=2472"}],"wp:term":[{"taxonomy":"category","embeddable":true,"href":"https:\/\/www.bfv.cloud\/ajedrezeuropa\/wp-json\/wp\/v2\/categories?post=2472"},{"taxonomy":"post_tag","embeddable":true,"href":"https:\/\/www.bfv.cloud\/ajedrezeuropa\/wp-json\/wp\/v2\/tags?post=2472"}],"curies":[{"name":"wp","href":"https:\/\/api.w.org\/{rel}","templated":true}]}}