{"id":2476,"date":"2019-12-29T19:40:00","date_gmt":"2019-12-29T19:40:00","guid":{"rendered":"https:\/\/www.bfv.cloud\/ajedrezeuropa\/index.php\/2019\/12\/29\/la-concentracion-de-navidad-culmina-los-12-anos-de-nuestro-ajedrez-en-europa\/"},"modified":"2025-11-20T10:47:29","modified_gmt":"2025-11-20T10:47:29","slug":"la-concentracion-de-navidad-culmina-los-12-anos-de-nuestro-ajedrez-en-europa","status":"publish","type":"post","link":"https:\/\/www.bfv.cloud\/ajedrezeuropa\/la-concentracion-de-navidad-culmina-los-12-anos-de-nuestro-ajedrez-en-europa\/","title":{"rendered":"LA CONCENTRACI\u00d3N DE NAVIDAD CULMINA LOS 12 A\u00d1OS DE NUESTRO AJEDREZ EN EUROPA"},"content":{"rendered":"<table align=\"center\" cellpadding=\"0\" cellspacing=\"0\" class=\"tr-caption-container\" style=\"margin-left: auto;margin-right: auto;text-align: center\">\n<tbody>\n<tr>\n<td style=\"text-align: center\"><a href=\"https:\/\/www.bfv.cloud\/ajedrezeuropa\/wp-content\/uploads\/2019\/12\/GRUPOCONDIPLOMAS2.jpg\" style=\"margin-left: auto;margin-right: auto\"><img fetchpriority=\"high\" decoding=\"async\" border=\"0\" data-original-height=\"488\" data-original-width=\"1600\" height=\"190\" src=\"https:\/\/blogger.googleusercontent.com\/img\/b\/R29vZ2xl\/AVvXsEg-ag-__ojMn9H8a0z33bLfJQEGzHYhfQo6DvYG5DUH2Qr1CrlVjN-w3x6FZnnZFCFyb9wB1PEM_hJz8dAQ7dpahN7VTIgaOFgKSz8wzUuKrOWtIXdloRGMp1BN3FAaKUZFA03Yc0C8dl0\/s640\/GRUPO+CON+DIPLOMAS+2.jpg\" width=\"640\" \/><\/a><\/td>\n<\/tr>\n<tr>\n<td class=\"tr-caption\" style=\"text-align: center\">Participantes, autoridades y monitores en la clausura<\/td>\n<\/tr>\n<\/tbody>\n<\/table>\n<p><span style=\"font-family: Verdana, sans-serif;font-size: large\"><b>Acaba 2019 y con \u00e9l han culminado los primeros 12 a\u00f1os de Nuestro Ajedrez en Europa. Corr\u00eda el a\u00f1o 2007 cuando los ayuntamientos de Alc\u00e1zar de San Juan y Villafranca de los Caballeros acordaban apoyar conjuntamente un proyecto deportivo de tecnificaci\u00f3n para respaldar y mejorar la formaci\u00f3n de los alumnos de las escuelas de ajedrez de ambas poblaciones manchegas. Durante este tiempo m\u00e1s de 600 ni\u00f1os y j\u00f3venes, no solo de la comarca de Alc\u00e1zar sino de toda Castilla-La Mancha, se han beneficiado de las actividades y campeonatos financiados desde los programas que incluye el proyecto y ser\u00e1n muchos m\u00e1s los que lo hagan en el futuro.<\/p>\n<table align=\"center\" cellpadding=\"0\" cellspacing=\"0\" class=\"tr-caption-container\" style=\"margin-left: auto;margin-right: auto;text-align: center\">\n<tbody>\n<tr>\n<td style=\"text-align: center\"><a href=\"https:\/\/www.bfv.cloud\/ajedrezeuropa\/wp-content\/uploads\/2019\/12\/SALONDEACTOS.jpg\" style=\"margin-left: auto;margin-right: auto\"><img decoding=\"async\" border=\"0\" data-original-height=\"741\" data-original-width=\"1600\" height=\"292\" src=\"https:\/\/blogger.googleusercontent.com\/img\/b\/R29vZ2xl\/AVvXsEguqo96QZSEqczHzgG_FKeCd7Q-2AEh1byGVeXS8Bg4DcWpdVujc7LMsEjst5DAE9K3LA1qHiW6cZsOdOAOGAOKDjP14W5IW2lboo8QcgA18wHMxeA86M_hpa7NnsAglUMAT7op2HkeSn4\/s640\/SALON+DE+ACTOS.jpg\" width=\"640\" \/><\/a><\/td>\n<\/tr>\n<tr>\n<td class=\"tr-caption\" style=\"text-align: center\">El sal\u00f3n de actos de la Casa de la Cultura se llen\u00f3 de ajedrecistas acompa\u00f1ados de sus familias<\/td>\n<\/tr>\n<\/tbody>\n<\/table>\n<p>Actualmente, las dos escuelas cuentan con un total de 65 alumnos, teniendo a m\u00e1s de la mitad de ellos con licencia federativa como miembros de los dos clubes integrados en el proyecto: Nuestro Ajedrez por la Igualdad y Nuestro Ajedrez en Europa. Esta estructura, a\u00f1adida a los 20 ajedrecistas senior, permite mantener 10 equipos en competiciones provinciales, regionales y nacionales en todas las categor\u00edas de edad reconocidas oficialmente: sub-12, sub-18 y absoluta. Adem\u00e1s, estos 12 a\u00f1os, han servido para conseguir decenas de t\u00edtulos individuales y por equipos, as\u00ed como varios premios y reconocimientos deportivos a nuestros clubes y jugadores. A pesar de todo, aquello que tiene m\u00e1s valor para todos es haber conseguido que el ajedrez sea valorado positivamente por las gentes de nuestra tierra y haberlo hecho visible para la sociedad castellano-manchega. Hoy en d\u00eda se han demostrado cient\u00edficamente sus capacidades educativas y formativas, siendo reconocidas por las instituciones locales, provinciales y regionales.<\/p>\n<table align=\"center\" cellpadding=\"0\" cellspacing=\"0\" class=\"tr-caption-container\" style=\"margin-left: auto;margin-right: auto;text-align: center\">\n<tbody>\n<tr>\n<td style=\"text-align: center\"><a href=\"https:\/\/www.bfv.cloud\/ajedrezeuropa\/wp-content\/uploads\/2019\/12\/MESAMONITORESYALCALDE.jpg\" style=\"margin-left: auto;margin-right: auto\"><img decoding=\"async\" border=\"0\" data-original-height=\"480\" data-original-width=\"1600\" height=\"190\" src=\"https:\/\/blogger.googleusercontent.com\/img\/b\/R29vZ2xl\/AVvXsEgOUw5sWZuHJ4JYB0o9Dk0EGI2M9KJvyU3_PY81wGDeZfKtK1XSt8IfVY-ggOhCzAwwoYDGnIHH0TrQDLDgHbLNGNJQGweXaW40CLVz3JugR53QJ4RCSGSv1oUUVSApx6_rkhpjcEvBBYg\/s640\/MESA+MONITORES+Y+ALCALDE.jpg\" width=\"640\" \/><\/a><\/td>\n<\/tr>\n<tr>\n<td class=\"tr-caption\" style=\"text-align: center\">El alcalde de Villafranca junto a los monitores y entrenadoras de la Concentraci\u00f3n<\/td>\n<\/tr>\n<\/tbody>\n<\/table>\n<p><\/b><\/span><\/p>\n<p><span style=\"font-family: Verdana, sans-serif;font-size: large\"><b><i><u>La Concentraci\u00f3n de 2019<\/u><\/i><\/b><\/span><br \/>\n<span style=\"font-family: Verdana, sans-serif;font-size: large\"><b>Por su parte, la Concentraci\u00f3n que finalizaba ayer s\u00e1bado, ha mantenido los objetivos de todas estas temporadas, con una gran participaci\u00f3n (27 ni\u00f1os y j\u00f3venes), y un apoyo inestimable por parte de las familias. Una nueva generaci\u00f3n de ni\u00f1os y ni\u00f1as de 5 a 12 a\u00f1os, apasionados por el ajedrez, se encuentran en ese periodo complejo de definici\u00f3n de sus aficiones personales. <\/p>\n<table align=\"center\" cellpadding=\"0\" cellspacing=\"0\" class=\"tr-caption-container\" style=\"margin-left: auto;margin-right: auto;text-align: center\">\n<tbody>\n<tr>\n<td style=\"text-align: center\"><a href=\"https:\/\/www.bfv.cloud\/ajedrezeuropa\/wp-content\/uploads\/2019\/12\/GRUPOSCYD.jpg\" style=\"margin-left: auto;margin-right: auto\"><img loading=\"lazy\" decoding=\"async\" border=\"0\" data-original-height=\"817\" data-original-width=\"1600\" height=\"326\" src=\"https:\/\/blogger.googleusercontent.com\/img\/b\/R29vZ2xl\/AVvXsEjHTKvAnxJYBhZcXMUnJ1QQYlPhs6Fe5FjyGMRmn2m1sF-cpwVGIidARLAeAVN6Zh5Ps5UUW-WvTsXKfC1jQkqli6FaKZfM6CMsvphenLVlF1wPzRrBnYrcJnYOGLFxMXg2ObjFED5YszI\/s640\/GRUPOS+C+Y+D.jpg\" width=\"640\" \/><\/a><\/td>\n<\/tr>\n<tr>\n<td class=\"tr-caption\" style=\"text-align: center\">Aprendiendo a competir<\/td>\n<\/tr>\n<\/tbody>\n<\/table>\n<p>Su \u00e1nimo de superaci\u00f3n y sus ganas de aprender favorecen su formaci\u00f3n, aunque ser\u00e1n el esfuerzo, la tenacidad y el trabajo diario las herramientas esenciales que permitir\u00e1n su progreso individual. Este amplio grupo de chicos y chicas tambi\u00e9n se est\u00e1n formando con la amistad como referente, tomando como ejemplo nuestros grupos de jugadores de categor\u00eda juvenil y absoluta.<\/b><\/span><br \/>\n<span style=\"font-family: Verdana, sans-serif;font-size: large\"><b><br \/><\/b><\/span><br \/>\n<span style=\"font-family: Verdana, sans-serif;font-size: large\"><b>\u00a1\u00a1Feliz 2020 a todos!!<\/b><\/span><br \/>\n<span style=\"font-family: Verdana, sans-serif;font-size: large\"><b><br \/><\/b><\/span><\/p>\n<div class=\"separator\" style=\"clear: both;text-align: center\">\n<a href=\"https:\/\/blogger.googleusercontent.com\/img\/b\/R29vZ2xl\/AVvXsEjxe4rgKEDqMl8E0v-XfLm0pN9iCDzkOG3Wsb1cQvuthKtQALRaXqezKMPdVJJ7TBC2tGva0hQUozy-poWgFR4Oj1-8ySwUJERlddzgcMR2cZyAPySYWtdK62VntA5NZFN1CnKSeNiyqCM\/s1600\/GRUPO+CON+DIPLOMAS+2.jpg\" style=\"margin-left: 1em;margin-right: 1em\"><img loading=\"lazy\" decoding=\"async\" border=\"0\" data-original-height=\"488\" data-original-width=\"1600\" height=\"190\" src=\"https:\/\/blogger.googleusercontent.com\/img\/b\/R29vZ2xl\/AVvXsEjxe4rgKEDqMl8E0v-XfLm0pN9iCDzkOG3Wsb1cQvuthKtQALRaXqezKMPdVJJ7TBC2tGva0hQUozy-poWgFR4Oj1-8ySwUJERlddzgcMR2cZyAPySYWtdK62VntA5NZFN1CnKSeNiyqCM\/s640\/GRUPO+CON+DIPLOMAS+2.jpg\" width=\"640\" \/><\/a><\/div>\n<p><span style=\"font-family: Verdana, sans-serif;font-size: large\"><b><i><u><br \/><\/u><\/i><\/b><\/span><\/p>\n","protected":false},"excerpt":{"rendered":"<p>Participantes, autoridades y monitores en la clausura Acaba 2019 y con \u00e9l han culminado los primeros 12 a\u00f1os de Nuestro Ajedrez en Europa. Corr\u00eda el a\u00f1o 2007 cuando los ayuntamientos de Alc\u00e1zar de San Juan y Villafranca de los Caballeros acordaban apoyar conjuntamente un proyecto deportivo de tecnificaci\u00f3n para respaldar y mejorar la formaci\u00f3n de [&hellip;]<\/p>\n","protected":false},"author":1,"featured_media":2477,"comment_status":"open","ping_status":"closed","sticky":false,"template":"","format":"standard","meta":{"footnotes":""},"categories":[1],"tags":[],"class_list":["post-2476","post","type-post","status-publish","format-standard","has-post-thumbnail","hentry","category-noticias"],"_links":{"self":[{"href":"https:\/\/www.bfv.cloud\/ajedrezeuropa\/wp-json\/wp\/v2\/posts\/2476","targetHints":{"allow":["GET"]}}],"collection":[{"href":"https:\/\/www.bfv.cloud\/ajedrezeuropa\/wp-json\/wp\/v2\/posts"}],"about":[{"href":"https:\/\/www.bfv.cloud\/ajedrezeuropa\/wp-json\/wp\/v2\/types\/post"}],"author":[{"embeddable":true,"href":"https:\/\/www.bfv.cloud\/ajedrezeuropa\/wp-json\/wp\/v2\/users\/1"}],"replies":[{"embeddable":true,"href":"https:\/\/www.bfv.cloud\/ajedrezeuropa\/wp-json\/wp\/v2\/comments?post=2476"}],"version-history":[{"count":1,"href":"https:\/\/www.bfv.cloud\/ajedrezeuropa\/wp-json\/wp\/v2\/posts\/2476\/revisions"}],"predecessor-version":[{"id":2481,"href":"https:\/\/www.bfv.cloud\/ajedrezeuropa\/wp-json\/wp\/v2\/posts\/2476\/revisions\/2481"}],"wp:featuredmedia":[{"embeddable":true,"href":"https:\/\/www.bfv.cloud\/ajedrezeuropa\/wp-json\/wp\/v2\/media\/2477"}],"wp:attachment":[{"href":"https:\/\/www.bfv.cloud\/ajedrezeuropa\/wp-json\/wp\/v2\/media?parent=2476"}],"wp:term":[{"taxonomy":"category","embeddable":true,"href":"https:\/\/www.bfv.cloud\/ajedrezeuropa\/wp-json\/wp\/v2\/categories?post=2476"},{"taxonomy":"post_tag","embeddable":true,"href":"https:\/\/www.bfv.cloud\/ajedrezeuropa\/wp-json\/wp\/v2\/tags?post=2476"}],"curies":[{"name":"wp","href":"https:\/\/api.w.org\/{rel}","templated":true}]}}