{"id":248,"date":"2011-09-05T22:30:00","date_gmt":"2011-09-05T22:30:00","guid":{"rendered":"https:\/\/www.bfv.cloud\/ajedrezeuropa\/index.php\/2011\/09\/05\/80-ajedrecistas-pertenecientes-a-6-equipos-vuelven-a-mejorar-la-participacion-en-la-ix-edicion-de-nuestro-torneo-de-feria-de-alcazar\/"},"modified":"2025-11-20T10:15:12","modified_gmt":"2025-11-20T10:15:12","slug":"80-ajedrecistas-pertenecientes-a-6-equipos-vuelven-a-mejorar-la-participacion-en-la-ix-edicion-de-nuestro-torneo-de-feria-de-alcazar","status":"publish","type":"post","link":"https:\/\/www.bfv.cloud\/ajedrezeuropa\/80-ajedrecistas-pertenecientes-a-6-equipos-vuelven-a-mejorar-la-participacion-en-la-ix-edicion-de-nuestro-torneo-de-feria-de-alcazar\/","title":{"rendered":"80 AJEDRECISTAS PERTENECIENTES A 6 EQUIPOS VUELVEN A MEJORAR LA PARTICIPACI\u00d3N EN LA IX EDICI\u00d3N DE NUESTRO TORNEO DE FERIA DE ALC\u00c1ZAR"},"content":{"rendered":"<p>\ufeff <\/p>\n<table cellpadding=\"0\" cellspacing=\"0\" class=\"tr-caption-container\" style=\"float: left;margin-right: 1em;text-align: left\">\n<tbody>\n<tr>\n<td style=\"text-align: center\"><a href=\"https:\/\/www.bfv.cloud\/ajedrezeuropa\/wp-content\/uploads\/2011\/09\/frentedelsalA\u00b3n.jpg\" style=\"clear: left;margin-bottom: 1em;margin-left: auto;margin-right: auto\"><img fetchpriority=\"high\" decoding=\"async\" border=\"0\" height=\"300\" src=\"https:\/\/www.bfv.cloud\/ajedrezeuropa\/wp-content\/uploads\/2011\/09\/frentedelsal25C325B3n.jpg\" width=\"400\" \/><\/a><\/td>\n<\/tr>\n<tr>\n<td class=\"tr-caption\" style=\"text-align: center\">80 chicas y chicos de hasta 16 a\u00f1os de edad se \u00abcitan\u00bb<br \/>\nante un tablero para medir sus conocimientos &#8230;<\/td>\n<\/tr>\n<\/tbody>\n<\/table>\n<p>\ufeff <span style=\"font-family: Verdana, sans-serif\">Por noveno a\u00f1o consecutivo el torneo de feria de Alc\u00e1zar se ha convertido en el m\u00e1ximo exponente del ajedrez para j\u00f3venes de Castilla-La Mancha. Desde que hace 4 a\u00f1os se convirtiera en una actividad m\u00e1s encuadrada dentro del proyecto \u00abNuestro Ajedrez en Europa\u00bb, este festival, ha ido creciendo progresivamente en n\u00famero de jugadores y jugadoras, as\u00ed como en calidad ajedrec\u00edstica. El nuevo reto que nuestro proyecto asum\u00eda este a\u00f1o, por primera vez, era&nbsp;su participaci\u00f3n dividida en dos equipos. De esta forma, tanto&nbsp;\u00abNuestro Ajedrez en Europa\u00bb como \u00abNuestro Ajedrez por la Igualdad\u00bb,&nbsp;han contado&nbsp;con 15 participantes cada uno, circunstancia que resultaba favorable al resto de clubes en sus opciones de victoria. <\/span><br \/>\n\ufeff\ufeff <\/p>\n<table cellpadding=\"0\" cellspacing=\"0\" class=\"tr-caption-container\" style=\"float: right;margin-left: 1em;text-align: right\">\n<tbody>\n<tr>\n<td style=\"text-align: center\"><a href=\"https:\/\/www.bfv.cloud\/ajedrezeuropa\/wp-content\/uploads\/2011\/09\/saladejuego.jpg\" style=\"clear: right;margin-bottom: 1em;margin-left: auto;margin-right: auto\"><img decoding=\"async\" border=\"0\" height=\"300\" src=\"https:\/\/blogger.googleusercontent.com\/img\/b\/R29vZ2xl\/AVvXsEjL6595coPeFej_LYJzFvB9XABbsqlbi8kHUE-praz9VmpbSbZUhnr83IN3cZrAHQkvX1YldYJ_B7ucD1Pb84qRHjApfoj34h8dsRSfpux0YQJwoZMRtPXHXJH1T0JdU7XtrUfVQqQ6Mv0\/s400\/sala+de+juego.jpg\" width=\"400\" \/><\/a><\/td>\n<\/tr>\n<tr>\n<td class=\"tr-caption\" style=\"text-align: center\">&#8230; unidos por una pasi\u00f3n: el ajedrez.<\/td>\n<\/tr>\n<\/tbody>\n<\/table>\n<p>\ufeff\ufeff <span style=\"font-family: Verdana, sans-serif\">El resultado deportivo de esta experiencia es muy interesante a la vez que enriquecedor, pues esta divisi\u00f3n ha permitido que los ni\u00f1os y ni\u00f1as m\u00e1s peque\u00f1os de ambos clubes comprueben como su aportaci\u00f3n se convierte en necesaria e imprescindible en el computo general de sus respectivos&nbsp;equipos. Despu\u00e9s de disputadas las 7 rondas del torneo, la clasificaci\u00f3n individual ha quedado as\u00ed:<\/span><br \/>\n<strong><span style=\"font-family: Verdana\">Campe\u00f3n: Santiago Talavera (Nuestro Ajedrez en Europa).<\/span><\/strong><br \/>\n<strong><span style=\"font-family: Verdana\">Subcampe\u00f3n: Jaime L\u00f3pez (Bargas). 3\u00ba clasificado: Jorge Sim\u00f3n (Nuestro Ajedrez en Europa).<\/span><\/strong><br \/>\n<span style=\"font-family: Verdana\">Mientras, la clasificaci\u00f3n&nbsp;por equipos&nbsp;donde se ten\u00edan en cuenta las mejores 10&nbsp;puntuaciones de sus componentes, estuvo en todo momento muy igualada finalizando con una escas\u00edsima diferencia entre el 1\u00ba y el 2\u00ba clasificado:<\/span><\/p>\n<div align=\"center\"><strong><span style=\"font-family: Verdana\">Campe\u00f3n: Bargas,&nbsp; <u>46 puntos<\/u>.<\/span><\/strong><\/div>\n<div align=\"center\"><strong><span style=\"font-family: Verdana\">Subcampe\u00f3n: Nuestro Ajedrez en Europa,&nbsp;&nbsp; <u>44,5 puntos<\/u>.<\/span><\/strong><\/div>\n<div align=\"center\"><strong><span style=\"font-family: Verdana\">3\u00ba clasificado: Tomelloso,&nbsp;&nbsp; <u>40,5 puntos<\/u>.<\/span><\/strong><\/div>\n<div align=\"center\"><strong><span style=\"font-family: Verdana\">4\u00ba clasificado: Parque Sur (Albacete),&nbsp;&nbsp; <u>37 puntos<\/u>.<\/span><\/strong><\/div>\n<div align=\"center\"><strong><span style=\"font-family: Verdana\">5\u00ba clasificado:&nbsp;&nbsp; Almagro,&nbsp;&nbsp;&nbsp;&nbsp; <u>36,5 puntos<\/u>.<\/span><\/strong><\/div>\n<div align=\"center\"><strong><span style=\"font-family: Verdana\">6\u00ba clasificado:&nbsp;&nbsp; Nuestro Ajedrez por la Igualdad,&nbsp; <u>31,5 puntos<\/u>.<\/span><\/strong>\ufeff<\/div>\n<p>\ufeff\ufeff <\/p>\n<table align=\"center\" cellpadding=\"0\" cellspacing=\"0\" class=\"tr-caption-container\" style=\"float: left;margin-right: 1em;text-align: left\">\n<tbody>\n<tr>\n<td style=\"text-align: center\"><a href=\"https:\/\/www.bfv.cloud\/ajedrezeuropa\/wp-content\/uploads\/2011\/09\/trofeodeltorneo.jpg\" style=\"margin-left: auto;margin-right: auto\"><img decoding=\"async\" border=\"0\" height=\"300\" src=\"https:\/\/blogger.googleusercontent.com\/img\/b\/R29vZ2xl\/AVvXsEi0Fv7BKAl1n92qG0oDC59XY9VYwOuUflkDjo96QvID0O7VL_0fW2tOESKOZk6G2jmFiLUGaAhM198UMZfdPSJiz9DQbB9Lbb-1vHx4TRVZ1ZBHnoEXJGtbW8dg1OMWykFtfbYld3v9SDk\/s400\/trofeo+del+torneo.jpg\" width=\"400\" \/><\/a><\/td>\n<\/tr>\n<tr>\n<td class=\"tr-caption\" style=\"text-align: center\">El trofeo, las piezas, los jugadores y&nbsp; sobre todo &#8230;<br \/>\nla capacidad de imaginar.<\/td>\n<\/tr>\n<\/tbody>\n<\/table>\n<p>\ufeff\ufeff <\/p>\n<div style=\"border-bottom: medium none;border-left: medium none;border-right: medium none;border-top: medium none\"><span style=\"font-family: Verdana, sans-serif\">Finalmente, queremos agradecer el apoyo que nos ofrece el ayuntamiento de Alc\u00e1zar de San Juan que, a decir verdad, va mucho m\u00e1s all\u00e1 del puramente econ\u00f3mico, manifest\u00e1ndose con la presencia del concejal de deportes, Manuel de la Gu\u00eda, y la concejala de bienestar social, Mar\u00eda Jos\u00e9 Fern\u00e1ndez, adem\u00e1s de la incansable colaboraci\u00f3n del personal del IMD, desde su coordinador, Angel Garc\u00eda,&nbsp;al personal administrativo con&nbsp;Petri Lozano en su representaci\u00f3n.<\/span><\/div>\n<div style=\"border-bottom: medium none;border-left: medium none;border-right: medium none;border-top: medium none\">\ufeff <\/p>\n<table cellpadding=\"0\" cellspacing=\"0\" class=\"tr-caption-container\" style=\"float: left;margin-right: 1em;text-align: left\">\n<tbody>\n<tr>\n<td style=\"text-align: center\"><a href=\"https:\/\/www.bfv.cloud\/ajedrezeuropa\/wp-content\/uploads\/2011\/09\/c25C325B3simoconelpremio.jpg\" style=\"clear: left;margin-bottom: 1em;margin-left: auto;margin-right: auto\"><img loading=\"lazy\" decoding=\"async\" border=\"0\" height=\"320\" src=\"https:\/\/blogger.googleusercontent.com\/img\/b\/R29vZ2xl\/AVvXsEgIa_Owwnjty3jnoy5VSLVKddnRpjF1vOv8Oa5HuQsP054Z2K5zTNibsQJ9NbyLbRRuYH9Hx1ez2VGC77DMl08Q9pbuRPhGUWw8nP27rhzEb0Sk5Hg04I3qGcA0fEoiIHV5ehKIQNwluho\/s320\/c%25C3%25B3simo+con+el+premio.jpg\" width=\"238\" \/><\/a><\/td>\n<\/tr>\n<tr>\n<td class=\"tr-caption\" style=\"text-align: center\">M\u00aa Jos\u00e9 Fern\u00e1ndez entrega el premio<br \/>\nde 6\u00ba clasificado a C.Leonardo<br \/>\nde Giorgi en representaci\u00f3n de<br \/>\nNuestro Ajedrez por la Igualdad<\/td>\n<\/tr>\n<\/tbody>\n<\/table>\n<p>\ufeff\ufeff <\/p>\n<table cellpadding=\"0\" cellspacing=\"0\" class=\"tr-caption-container\" style=\"float: right;margin-left: 1em;text-align: right\">\n<tbody>\n<tr>\n<td style=\"text-align: center\"><a href=\"https:\/\/www.bfv.cloud\/ajedrezeuropa\/wp-content\/uploads\/2011\/09\/Iv25C325A1ny25C32581lexconelpremio.jpg\" style=\"clear: right;margin-bottom: 1em;margin-left: auto;margin-right: auto\"><img loading=\"lazy\" decoding=\"async\" border=\"0\" height=\"303\" src=\"https:\/\/blogger.googleusercontent.com\/img\/b\/R29vZ2xl\/AVvXsEg_1zuu0IV8S2Dd2CsuPqDl5x74wo2THgTd8xFLpORGNPRNqJSj2n9Q-AoXgOZAT1AMp0cXTB6_Sqycqa8uQyaVJnyKEf96Vx-iORXAAj4o5hDrGtErW1VkTny0jnTYHofRVKVrIwiJwfE\/s320\/Iv%25C3%25A1n+y+%25C3%2581lex+con+el+premio.jpg\" width=\"320\" \/><\/a><\/td>\n<\/tr>\n<tr>\n<td class=\"tr-caption\" style=\"text-align: center\">Alex C Roman e Iv\u00e1n Valencia reciben el<br \/>\npremio y el diploma que acreditan al equipo<br \/>\nde Nuestro Ajedrez en Europa como <br \/>\nsubcampe\u00f3n.<\/td>\n<\/tr>\n<\/tbody>\n<\/table>\n<p>\ufeff \ufeff<\/p><\/div>\n","protected":false},"excerpt":{"rendered":"<p>\ufeff 80 chicas y chicos de hasta 16 a\u00f1os de edad se \u00abcitan\u00bb ante un tablero para medir sus conocimientos &#8230; \ufeff Por noveno a\u00f1o consecutivo el torneo de feria de Alc\u00e1zar se ha convertido en el m\u00e1ximo exponente del ajedrez para j\u00f3venes de Castilla-La Mancha. Desde que hace 4 a\u00f1os se convirtiera en una [&hellip;]<\/p>\n","protected":false},"author":1,"featured_media":249,"comment_status":"open","ping_status":"closed","sticky":false,"template":"","format":"standard","meta":{"footnotes":""},"categories":[1],"tags":[],"class_list":["post-248","post","type-post","status-publish","format-standard","has-post-thumbnail","hentry","category-noticias"],"_links":{"self":[{"href":"https:\/\/www.bfv.cloud\/ajedrezeuropa\/wp-json\/wp\/v2\/posts\/248","targetHints":{"allow":["GET"]}}],"collection":[{"href":"https:\/\/www.bfv.cloud\/ajedrezeuropa\/wp-json\/wp\/v2\/posts"}],"about":[{"href":"https:\/\/www.bfv.cloud\/ajedrezeuropa\/wp-json\/wp\/v2\/types\/post"}],"author":[{"embeddable":true,"href":"https:\/\/www.bfv.cloud\/ajedrezeuropa\/wp-json\/wp\/v2\/users\/1"}],"replies":[{"embeddable":true,"href":"https:\/\/www.bfv.cloud\/ajedrezeuropa\/wp-json\/wp\/v2\/comments?post=248"}],"version-history":[{"count":1,"href":"https:\/\/www.bfv.cloud\/ajedrezeuropa\/wp-json\/wp\/v2\/posts\/248\/revisions"}],"predecessor-version":[{"id":255,"href":"https:\/\/www.bfv.cloud\/ajedrezeuropa\/wp-json\/wp\/v2\/posts\/248\/revisions\/255"}],"wp:featuredmedia":[{"embeddable":true,"href":"https:\/\/www.bfv.cloud\/ajedrezeuropa\/wp-json\/wp\/v2\/media\/249"}],"wp:attachment":[{"href":"https:\/\/www.bfv.cloud\/ajedrezeuropa\/wp-json\/wp\/v2\/media?parent=248"}],"wp:term":[{"taxonomy":"category","embeddable":true,"href":"https:\/\/www.bfv.cloud\/ajedrezeuropa\/wp-json\/wp\/v2\/categories?post=248"},{"taxonomy":"post_tag","embeddable":true,"href":"https:\/\/www.bfv.cloud\/ajedrezeuropa\/wp-json\/wp\/v2\/tags?post=248"}],"curies":[{"name":"wp","href":"https:\/\/api.w.org\/{rel}","templated":true}]}}