{"id":2482,"date":"2012-04-26T21:56:00","date_gmt":"2012-04-26T21:56:00","guid":{"rendered":"https:\/\/www.bfv.cloud\/ajedrezeuropa\/index.php\/2012\/04\/26\/noticias-de-ajedrez\/"},"modified":"2025-11-20T10:47:32","modified_gmt":"2025-11-20T10:47:32","slug":"noticias-de-ajedrez","status":"publish","type":"post","link":"https:\/\/www.bfv.cloud\/ajedrezeuropa\/noticias-de-ajedrez\/","title":{"rendered":"NOTICIAS DE AJEDREZ &#8230;"},"content":{"rendered":"<p>\ufeff\ufeff <span style=\"color: blue;, serif\">Vamos a hacer un breve recorrido por las novedades m\u00e1s interesantes que ha proporcionado el mundo del ajedrez durante las \u00faltimas semanas y que, de alg\u00fan modo, est\u00e1n conectadas con \u201cNuestro Ajedrez\u201d.<\/span><br \/>\n<span style=\"color: blue;, serif\">En primer lugar, queremos destacar el buen juego realizado por nuestros jugadores Carlos \u00c1lvarez y Jos\u00e9 \u00c1ngel Vela en el Campeonato Provincial Absoluto de Ciudad Real, clasific\u00e1ndose en la 4\u00aa y la 9\u00aa posici\u00f3n respectivamente, tras haber sumado 3,5 puntos y 3 puntos en las 6 rondas disputadas.<\/span><span style=\", serif\"><br \/>\n<span style=\"color: blue\"><\/span><\/span><br \/>\n\ufeff <\/p>\n<table cellpadding=\"0\" cellspacing=\"0\" class=\"tr-caption-container\" style=\"float: right;margin-left: 1em;text-align: right\">\n<tbody>\n<tr>\n<td style=\"text-align: center\"><a href=\"https:\/\/www.bfv.cloud\/ajedrezeuropa\/wp-content\/uploads\/2012\/04\/Herminio.jpg\" style=\"clear: right;margin-bottom: 1em;margin-left: auto;margin-right: auto\"><img fetchpriority=\"high\" decoding=\"async\" border=\"0\" height=\"400\" src=\"https:\/\/blogger.googleusercontent.com\/img\/b\/R29vZ2xl\/AVvXsEi7hTvGUT_tRVOoKK6r3MwXpQowv2NRamiw0gLqiBDUPah2ZmVBdHzX9HIUEVJg5l0cMb7mS8IAJkf-gNjD8-wNe1uNOZdZmVj37fVH1XWPiXNMZTTOStpc1C119XVc_fbzeaYgusC4lVU\/s400\/Herminio.JPG\" width=\"281\" \/><\/a><\/td>\n<\/tr>\n<tr>\n<td class=\"tr-caption\" style=\"text-align: center\">Herminio Herr\u00e1iz<\/td>\n<\/tr>\n<\/tbody>\n<\/table>\n<p>\ufeff <\/p>\n<div style=\"border-bottom: medium none;border-left: medium none;border-right: medium none;border-top: medium none\"><span style=\"color: blue;, serif\">Tambi\u00e9n le enviamos una calurosa felicitaci\u00f3n a uno de los profesores de nuestro proyecto, el gran maestro Herminio Herraiz, por su magn\u00edfica actuaci\u00f3n en el \u201cV OPEN INTERNACIONAL MEMORIAL PEDRO LEZCANO\u201d celebrado recientemente en la isla de Gran Canaria, donde ha alcanzado la 2\u00aa plaza despu\u00e9s de lograr 7 puntos, con 5 victorias, 4 tablas y ninguna derrota, empatando de esta forma con el campe\u00f3n del torneo, el gm Gabriel del R\u00edo de Angelis.<\/span><\/div>\n<p><span style=\", serif\"><br \/>\n<span style=\"color: blue\"><\/span><\/span><br \/>\n<span style=\"color: blue;, serif\">En cuanto a la pr\u00f3xima publicaci\u00f3n de la lista de elo FIDE del 1 de mayo, tenemos que destacar la incorporaci\u00f3n de las 2 primeras chicas de nuestro proyecto a este ranking de valoraci\u00f3n internacional de ajedrez. Por lo tanto, con Blanca y Silvia, son ya 17 los ajedrecistas de las escuelas de Alc\u00e1zar y Villafranca que forman parte de esta lista. A continuaci\u00f3n, en orden descendente, os detallamos todos sus nombres con su categor\u00eda de edad (a los jugadores de categor\u00eda absoluta no les aparece nada) y los puntos de elo FIDE con los que aparecer\u00e1n el pr\u00f3ximo martes:<\/span><\/p>\n<div style=\"text-align: center\"><strong><span style=\"color: purple\">&#8211; Santiago Talavera (S-18) 2.013<\/span><\/strong><br \/>\n<strong><span style=\"color: purple\"><\/span><\/strong><\/div>\n<div style=\"text-align: center\"><strong><span style=\"color: purple\">&#8211; Daniel P\u00edriz (S-18) 1.957<\/span><\/strong><br \/>\n<strong><span style=\"color: purple\"><\/span><\/strong><\/div>\n<div style=\"text-align: center\"><strong><span style=\"color: purple\">&#8211; Jorge Sim\u00f3n (S-18) 1.852<\/span><\/strong><br \/>\n<strong><span style=\"color: purple\"><\/span><\/strong><\/div>\n<div style=\"text-align: center\"><strong><span style=\"color: purple\">&#8211; Luis Miguel Monreal 1.843<\/span><\/strong><br \/>\n<strong><span style=\"color: purple\"><\/span><\/strong><\/div>\n<div style=\"text-align: center\"><strong><span style=\"color: purple\">&#8211; Carlos \u00c1lvarez (S-16) 1.827<\/span><\/strong><br \/>\n<strong><span style=\"color: purple\"><\/span><\/strong><\/div>\n<div style=\"text-align: center\"><strong><span style=\"color: purple\">&#8211; Sergio Valencia (S-18) 1.705<\/span><\/strong><br \/>\n<strong><span style=\"color: purple\"><\/span><\/strong><\/div>\n<div style=\"text-align: center\"><strong><span style=\"color: purple\">&#8211; Antonio Albo 1.670<\/span><\/strong><br \/>\n<strong><span style=\"color: purple\"><\/span><\/strong><\/div>\n<div style=\"text-align: center\"><strong><span style=\"color: purple\">&#8211; Manuel Marcos-Alberca (S-18) 1.647<\/span><\/strong><br \/>\n<strong><span style=\"color: purple\"><\/span><\/strong><\/div>\n<div style=\"text-align: center\"><strong><span style=\"color: purple\">&#8211; Jos\u00e9 M\u00aa Pastrana 1.640<\/span><\/strong><br \/>\n<strong><span style=\"color: purple\"><\/span><\/strong><\/div>\n<div style=\"text-align: center\"><strong><span style=\"color: purple\">&#8211; Jos\u00e9 \u00c1ngel Vela (S-18) 1.610<\/span><\/strong><br \/>\n<strong><span style=\"color: purple\"><\/span><\/strong><\/div>\n<div style=\"text-align: center\"><strong><span style=\"color: purple\">&#8211; Antonio S\u00e1nchez-Beato (S-18) 1.597<\/span><\/strong><br \/>\n<strong><span style=\"color: purple\"><\/span><\/strong><\/div>\n<div style=\"text-align: center\"><strong><span style=\"color: purple\">&#8211; Daniel Salas (S-18) 1.590<\/span><\/strong><br \/>\n<strong><span style=\"color: purple\"><\/span><\/strong><\/div>\n<div style=\"text-align: center\"><strong><span style=\"color: purple\">&#8211; Leo de Giorgi (S-16) 1.576<\/span><\/strong><br \/>\n<strong><span style=\"color: purple\"><\/span><\/strong><\/div>\n<div style=\"text-align: center\"><strong><span style=\"color: purple\">&#8211; Javier Valdepe\u00f1as (S-14) 1.428<\/span><\/strong><br \/>\n<strong><span style=\"color: purple\"><\/span><\/strong><\/div>\n<div style=\"text-align: center\"><strong><span style=\"color: purple\">&#8211; Silvia Toribio (S-14F) 1.389<\/span><\/strong><br \/>\n<strong><span style=\"color: purple\"><\/span><\/strong><\/div>\n<div style=\"text-align: center\"><strong><span style=\"color: purple\">&#8211; Jes\u00fas M\u00aa Bricio (S-16) 1.356<\/span><\/strong><br \/>\n<strong><span style=\"color: purple\"><\/span><\/strong><\/div>\n<div style=\"text-align: center\"><strong><span style=\"color: purple\">&#8211; Blanca Y\u00e9benes (S-18F) 1.314<\/span><\/strong><\/div>\n<h2 style=\"text-align: center\"><u>POR EL AJEDREZ<\/u>\ufeff \ufeff\ufeff\ufeff <\/p>\n<table cellpadding=\"0\" cellspacing=\"0\" class=\"tr-caption-container\" style=\"float: left;margin-right: 1em;text-align: left\">\n<tbody>\n<tr>\n<td style=\"text-align: center\"><a href=\"https:\/\/www.bfv.cloud\/ajedrezeuropa\/wp-content\/uploads\/2012\/04\/CAMPEONATODEESPAC391ACLUBS-16036.jpg\" style=\"clear: left;margin-bottom: 1em;margin-left: auto;margin-right: auto\"><img decoding=\"async\" border=\"0\" height=\"300\" src=\"https:\/\/blogger.googleusercontent.com\/img\/b\/R29vZ2xl\/AVvXsEgrPnGp9OuyaUIVdfidZnTzDYad-Db9cChg4YPvArdcBBIYkP4oRUwTu5ouJq-r1aNWKh3CJ0OH8A1Xr-QQIpxjaov2h5sEPwzM_dlXXmKCj7IKWaNssjkxGe-wuOJfhDGokEKD9guky0Q\/s400\/CAMPEONATO+DE+ESPA%C3%91A+CLUB+S-16+036.jpg\" width=\"400\" \/><\/a><\/td>\n<\/tr>\n<tr>\n<td class=\"tr-caption\" style=\"text-align: center\">Un atardecer m\u00e1s &#8230; o la llegada de una profunda y permanente<br \/>\noscuridad<\/td>\n<\/tr>\n<\/tbody>\n<\/table>\n<p>\ufeff\ufeff\ufeff\ufeff<\/h2>\n<p><span style=\", sans-serif\"><strong>Ante las pr\u00f3ximas elecciones a la Asamblea de la Federaci\u00f3n de Ajedrez de Castilla-La Mancha, deseo hacer p\u00fablicas las siguientes consideraciones:<\/strong><\/span><span style=\", sans-serif\"><br \/>\n<strong><\/strong><\/span><br \/>\n<span style=\", sans-serif\"><strong>1\u00ba.- El C.D.E. NUESTRO AJEDREZ EN EUROPA ha presentado candidatura por el estamento de clubes para hacer patente el malestar y el desacuerdo con las formas y modos de \u201cgobernar\u201d de la actual directiva regional de la FACLM.<\/strong><\/span><span style=\", sans-serif\"><br \/>\n<strong><\/strong><\/span><br \/>\n<span style=\", sans-serif\"><strong>2\u00ba.- La candidatura de nuestro club no pretende ser una alternativa de poder a nadie, s\u00f3lo desea crear una conciencia cr\u00edtica que favorezca un cambio real y profundo en los valores y objetivos del m\u00e1ximo \u00f3rgano deportivo del ajedrez regional.<\/strong><\/span><span style=\", sans-serif\"><br \/>\n<strong><\/strong><\/span><br \/>\n<span style=\", sans-serif\"><strong>3\u00ba.- La presencia de nuestro club en la Asamblea de la FACLM ser\u00eda simplemente testimonial y servir\u00eda para defender programas de promoci\u00f3n deportiva en la estructura educativa, para promover y apoyar a las escuelas deportivas de ajedrez, para consensuar un proyecto integral de formaci\u00f3n y tecnificaci\u00f3n en beneficio de los j\u00f3venes valores de la comunidad aut\u00f3noma y, en definitiva, para crear una estrategia clara de potenciaci\u00f3n del ajedrez en la sociedad.<\/strong><\/span><span style=\", sans-serif\"><br \/>\n<strong><\/strong><\/span><br \/>\n<span style=\", sans-serif\"><strong>4\u00ba.- Nuestros clubes, nuestros jugadores y sus familias, han colaborado en 2012 al sostenimiento de la delegaci\u00f3n provincial de Toledo, as\u00ed como al de la federaci\u00f3n regional en Albacete, con m\u00e1s de 800 \u20ac en licencias, sin que, hasta ahora, nadie haya publicado el destino final de tales ingresos. Por consiguiente, es prioritario saber a qu\u00e9 se destinan estas y otras cantidades, para lo cual es necesaria una gesti\u00f3n econ\u00f3mica clara y di\u00e1fana, que pase por la publicaci\u00f3n peri\u00f3dica de los balances econ\u00f3micos. Por cierto, si la propia FEDA (Federaci\u00f3n Espa\u00f1ola de Ajedrez) hace p\u00fablicos sus resultados financieros, \u00bfqu\u00e9 problema existe para que lo haga la federaci\u00f3n regional y sus delegaciones provinciales?<\/strong><\/span><span style=\", sans-serif\"><br \/>\n<strong><\/strong><\/span><br \/>\n<span style=\", sans-serif\"><strong>En resumen, transparencia, trabajo y amor por el ajedrez es lo que define nuestra propuesta para la Asamblea de la FACLM. <\/strong><\/span><span style=\", sans-serif\"><strong>\ufeff\ufeff<\/strong><\/span><\/p>\n<div style=\"border-bottom: medium none;border-left: medium none;border-right: medium none;border-top: medium none\"><span style=\", sans-serif\">F\u00e9lix Toribio G\u00f3mez<\/span><span style=\", sans-serif\"><br \/>\n<\/span><\/div>\n<div style=\"border-bottom: medium none;border-left: medium none;border-right: medium none;border-top: medium none\"><span style=\", sans-serif\">Pte. del CDE NUESTRO AJEDREZ EN EUROPA-VILLAFRANCA<\/span><\/div>\n<p>\ufeff\ufeff <\/p>\n<h3 style=\"border-bottom: medium none;border-left: medium none;border-right: medium none;border-top: medium none;text-align: center\"><u>UN BREVE A\u00d1ADIDO<\/u>\ufeff\ufeff\ufeff <\/p>\n<table cellpadding=\"0\" cellspacing=\"0\" class=\"tr-caption-container\" style=\"float: left;margin-right: 1em;text-align: left\">\n<tbody>\n<tr>\n<td style=\"text-align: center\"><a href=\";\" style=\"clear: left;margin-bottom: 1em;margin-left: auto;margin-right: auto\"><img decoding=\"async\" alt=\"Pulsa aqui para ver la imagen a tama\u00f1o completo\" border=\"0\" class=\"image\" height=\"228\" src=\"http:\/\/www.amigosdelcirco.com\/coppermine\/albums\/userpics\/10005\/normal_26~0.jpg\" width=\"320\" \/><\/a><\/td>\n<\/tr>\n<tr>\n<td class=\"tr-caption\" style=\"text-align: center\">Con todos nuestros respetos para todos los artistas<br \/>\ndel verdadero espect\u00e1culo del circo<\/td>\n<\/tr>\n<\/tbody>\n<\/table>\n<p>\ufeff<\/h3>\n<div style=\"border-bottom: medium none;border-left: medium none;border-right: medium none;border-top: medium none\"><strong><span style=\", Arial, Helvetica, sans-serif\">Es un hecho f\u00e1cilmente demostrable, que los m\u00e9todos autoritarios, sectarios e incluso reaccionarios de algunos dirigentes federativos, han perjudicado gravemente la proyecci\u00f3n institucional del ajedrez en Toledo y Castilla-La Mancha durante los \u00faltimos a\u00f1os. El estilo feudal con el que algunos ejercen el poder, mediante la concesi\u00f3n sigilosa de prebendas, o proclam\u00e1ndose a s\u00ed mismos vencedores absolutos de torneos oficiales con resultados fantasmales, es burlesco, rid\u00edculo y vergonzante. Si no hubiera j\u00f3venes y ni\u00f1os perjudicados, quiz\u00e1s, no tuviera mayor gravedad, pero lamentablemente los hay y seguro que alguien tendr\u00e1 que depurar responsabilidades \u2026 ser\u00e1 cuesti\u00f3n de tiempo. \ufeff\ufeff<\/span><\/strong><\/div>\n<div style=\"border-bottom: medium none;border-left: medium none;border-right: medium none;border-top: medium none\"><strong><span style=\", Arial, Helvetica, sans-serif\">Para quitarle un poco de acidez al asunto, voy a darle un tono sat\u00edrico, ya que lo cierto es que algunas de estas actuaciones rozan con el absurdo, rayan con la parodia y, seguramente, podr\u00edan estimular su recreaci\u00f3n a trav\u00e9s de una simple comedia de enredo, aderezada con todos sus personajes: el listo, el imb\u00e9cil, el bac\u00edn, el payaso y el gorila-buf\u00f3n que intenta intimidar, este \u00faltimo, un nuevo personaje propio de este aut\u00e9ntico \u201ccirco\u201d. <\/span><\/strong><\/div>\n","protected":false},"excerpt":{"rendered":"<p>\ufeff\ufeff Vamos a hacer un breve recorrido por las novedades m\u00e1s interesantes que ha proporcionado el mundo del ajedrez durante las \u00faltimas semanas y que, de alg\u00fan modo, est\u00e1n conectadas con \u201cNuestro Ajedrez\u201d. En primer lugar, queremos destacar el buen juego realizado por nuestros jugadores Carlos \u00c1lvarez y Jos\u00e9 \u00c1ngel Vela en el Campeonato Provincial [&hellip;]<\/p>\n","protected":false},"author":1,"featured_media":2483,"comment_status":"open","ping_status":"closed","sticky":false,"template":"","format":"standard","meta":{"footnotes":""},"categories":[1],"tags":[],"class_list":["post-2482","post","type-post","status-publish","format-standard","has-post-thumbnail","hentry","category-noticias"],"_links":{"self":[{"href":"https:\/\/www.bfv.cloud\/ajedrezeuropa\/wp-json\/wp\/v2\/posts\/2482","targetHints":{"allow":["GET"]}}],"collection":[{"href":"https:\/\/www.bfv.cloud\/ajedrezeuropa\/wp-json\/wp\/v2\/posts"}],"about":[{"href":"https:\/\/www.bfv.cloud\/ajedrezeuropa\/wp-json\/wp\/v2\/types\/post"}],"author":[{"embeddable":true,"href":"https:\/\/www.bfv.cloud\/ajedrezeuropa\/wp-json\/wp\/v2\/users\/1"}],"replies":[{"embeddable":true,"href":"https:\/\/www.bfv.cloud\/ajedrezeuropa\/wp-json\/wp\/v2\/comments?post=2482"}],"version-history":[{"count":1,"href":"https:\/\/www.bfv.cloud\/ajedrezeuropa\/wp-json\/wp\/v2\/posts\/2482\/revisions"}],"predecessor-version":[{"id":2485,"href":"https:\/\/www.bfv.cloud\/ajedrezeuropa\/wp-json\/wp\/v2\/posts\/2482\/revisions\/2485"}],"wp:featuredmedia":[{"embeddable":true,"href":"https:\/\/www.bfv.cloud\/ajedrezeuropa\/wp-json\/wp\/v2\/media\/2483"}],"wp:attachment":[{"href":"https:\/\/www.bfv.cloud\/ajedrezeuropa\/wp-json\/wp\/v2\/media?parent=2482"}],"wp:term":[{"taxonomy":"category","embeddable":true,"href":"https:\/\/www.bfv.cloud\/ajedrezeuropa\/wp-json\/wp\/v2\/categories?post=2482"},{"taxonomy":"post_tag","embeddable":true,"href":"https:\/\/www.bfv.cloud\/ajedrezeuropa\/wp-json\/wp\/v2\/tags?post=2482"}],"curies":[{"name":"wp","href":"https:\/\/api.w.org\/{rel}","templated":true}]}}