{"id":2486,"date":"2018-09-06T11:17:00","date_gmt":"2018-09-06T11:17:00","guid":{"rendered":"https:\/\/www.bfv.cloud\/ajedrezeuropa\/index.php\/2018\/09\/06\/el-xxii-torneo-abierto-de-villafranca-se-jugara-el-domingo-16-de-septiembre\/"},"modified":"2025-11-20T10:47:34","modified_gmt":"2025-11-20T10:47:34","slug":"el-xxii-torneo-abierto-de-villafranca-se-jugara-el-domingo-16-de-septiembre","status":"publish","type":"post","link":"https:\/\/www.bfv.cloud\/ajedrezeuropa\/el-xxii-torneo-abierto-de-villafranca-se-jugara-el-domingo-16-de-septiembre\/","title":{"rendered":"EL XXII TORNEO ABIERTO DE VILLAFRANCA SE JUGAR\u00c1 EL DOMINGO 16 DE SEPTIEMBRE"},"content":{"rendered":"<div class=\"separator\" style=\"clear: both;text-align: center\">\n<a href=\"https:\/\/www.bfv.cloud\/ajedrezeuropa\/wp-content\/uploads\/2018\/09\/CARTELferia2018.jpg\" style=\"clear: right;float: right;margin-bottom: 1em;margin-left: 1em\"><img fetchpriority=\"high\" decoding=\"async\" border=\"0\" data-original-height=\"1600\" data-original-width=\"1137\" height=\"640\" src=\"https:\/\/blogger.googleusercontent.com\/img\/b\/R29vZ2xl\/AVvXsEjznhvlXqk6K6aB6ls7qEPuUalRtsFI1rVyCYNus0G16eN_vmm272VN3xXDnncRymWcdx2vqjDGY4CHJWAsCIaQ53jYWb62iGC1q-H5J56k8ng533VJ5kxpOrLK9M-YtFZ83Y8MeshqFm8\/s640\/CARTEL+feria+2018.jpg\" width=\"450\" \/><\/a><\/div>\n<p><span style=\", sans-serif;font-size: large\"><i>La <u style=\"color: #351c75;font-weight: bold\">casa de la cultura de Villafranca de los Caballeros<\/u>&nbsp;<\/i><\/span><br \/>\n<span style=\", sans-serif;font-size: large\"><i>recibir\u00e1 de nuevo a los ajedrecistas aficionad@s de la comarca manchega para celebrar la XXII edici\u00f3n del abierto de feria.&nbsp;<\/i><\/span><br \/>\n<span style=\", sans-serif;font-size: large\"><i>El domingo 16 de septiembre por la ma\u00f1ana est\u00e1is invitad@s a divertiros jugando unas partidas. Los trofeos de los alfareros Hnos. Pe\u00f1o ser\u00e1n muy originales, como siempre y premiar\u00e1n a los jugadores y jugadoras mejor clasificados dentro de las categor\u00edas: absoluta, sub-16 y sub-12. Las inscripciones pueden realizarse en el correo:&nbsp;<\/i><b style=\"font-style: italic\"><a href=\"mailto:felixtoribio@nuestroajedrezeneuropa.com\">felixtoribio@nuestroajedrezeneuropa.com<\/a>&nbsp;<\/b>enviando un correo con vuestros datos hasta el 15 de septiembre.<\/span><br \/>\n<span style=\", sans-serif;font-size: large\">\u00a1\u00a1Os esperamos!!<\/span><\/p>\n<div class=\"separator\" style=\"clear: both;text-align: center\">\n<span style=\", sans-serif;font-size: large\"><a href=\"https:\/\/www.bfv.cloud\/ajedrezeuropa\/wp-content\/uploads\/2018\/09\/BASESDELXXIITORNEOFERIA2018VILLAFRANCA_001.jpg\" style=\"margin-left: 1em;margin-right: 1em\"><img decoding=\"async\" border=\"0\" data-original-height=\"842\" data-original-width=\"595\" height=\"640\" src=\"https:\/\/blogger.googleusercontent.com\/img\/b\/R29vZ2xl\/AVvXsEhzVARVoepHRDfSIPr2CXDLeRZnqAoUK0-_dYcaAMedRL8yzg-JzdKgFjSCCfBgezNX9pd-U6c_jSN5vFgmUnVR_t09MCPHW3xjCvWYdPrMQ70f2VwJNwn6dStR7msP05eZHl2h8BQKPf8\/s640\/BASES+DEL+XXI+I+TORNEO+FERIA+2018+VILLAFRANCA_001.jpg\" width=\"450\" \/><\/a><\/span><\/div>\n","protected":false},"excerpt":{"rendered":"<p>La casa de la cultura de Villafranca de los Caballeros&nbsp; recibir\u00e1 de nuevo a los ajedrecistas aficionad@s de la comarca manchega para celebrar la XXII edici\u00f3n del abierto de feria.&nbsp; El domingo 16 de septiembre por la ma\u00f1ana est\u00e1is invitad@s a divertiros jugando unas partidas. Los trofeos de los alfareros Hnos. Pe\u00f1o ser\u00e1n muy originales, [&hellip;]<\/p>\n","protected":false},"author":1,"featured_media":2487,"comment_status":"open","ping_status":"closed","sticky":false,"template":"","format":"standard","meta":{"footnotes":""},"categories":[1],"tags":[],"class_list":["post-2486","post","type-post","status-publish","format-standard","has-post-thumbnail","hentry","category-noticias"],"_links":{"self":[{"href":"https:\/\/www.bfv.cloud\/ajedrezeuropa\/wp-json\/wp\/v2\/posts\/2486","targetHints":{"allow":["GET"]}}],"collection":[{"href":"https:\/\/www.bfv.cloud\/ajedrezeuropa\/wp-json\/wp\/v2\/posts"}],"about":[{"href":"https:\/\/www.bfv.cloud\/ajedrezeuropa\/wp-json\/wp\/v2\/types\/post"}],"author":[{"embeddable":true,"href":"https:\/\/www.bfv.cloud\/ajedrezeuropa\/wp-json\/wp\/v2\/users\/1"}],"replies":[{"embeddable":true,"href":"https:\/\/www.bfv.cloud\/ajedrezeuropa\/wp-json\/wp\/v2\/comments?post=2486"}],"version-history":[{"count":1,"href":"https:\/\/www.bfv.cloud\/ajedrezeuropa\/wp-json\/wp\/v2\/posts\/2486\/revisions"}],"predecessor-version":[{"id":2489,"href":"https:\/\/www.bfv.cloud\/ajedrezeuropa\/wp-json\/wp\/v2\/posts\/2486\/revisions\/2489"}],"wp:featuredmedia":[{"embeddable":true,"href":"https:\/\/www.bfv.cloud\/ajedrezeuropa\/wp-json\/wp\/v2\/media\/2487"}],"wp:attachment":[{"href":"https:\/\/www.bfv.cloud\/ajedrezeuropa\/wp-json\/wp\/v2\/media?parent=2486"}],"wp:term":[{"taxonomy":"category","embeddable":true,"href":"https:\/\/www.bfv.cloud\/ajedrezeuropa\/wp-json\/wp\/v2\/categories?post=2486"},{"taxonomy":"post_tag","embeddable":true,"href":"https:\/\/www.bfv.cloud\/ajedrezeuropa\/wp-json\/wp\/v2\/tags?post=2486"}],"curies":[{"name":"wp","href":"https:\/\/api.w.org\/{rel}","templated":true}]}}