{"id":2490,"date":"2013-08-04T20:07:00","date_gmt":"2013-08-04T20:07:00","guid":{"rendered":"https:\/\/www.bfv.cloud\/ajedrezeuropa\/index.php\/2013\/08\/04\/clausurada-la-sexta-edicion-del-campus-de-verano\/"},"modified":"2025-11-20T10:47:39","modified_gmt":"2025-11-20T10:47:39","slug":"clausurada-la-sexta-edicion-del-campus-de-verano","status":"publish","type":"post","link":"https:\/\/www.bfv.cloud\/ajedrezeuropa\/clausurada-la-sexta-edicion-del-campus-de-verano\/","title":{"rendered":"CLAUSURADA LA SEXTA EDICI\u00d3N DEL CAMPUS DE VERANO"},"content":{"rendered":"<table cellpadding=\"0\" cellspacing=\"0\" class=\"tr-caption-container\" style=\"float: left;margin-right: 1em;text-align: left\">\n<tbody>\n<tr>\n<td style=\"text-align: center\"><a href=\"https:\/\/www.bfv.cloud\/ajedrezeuropa\/wp-content\/uploads\/2013\/08\/fotosclausuraVillafrancaVIcampusdeajedrez009.jpg\" style=\"clear: left;margin-bottom: 1em;margin-left: auto;margin-right: auto\"><img fetchpriority=\"high\" decoding=\"async\" border=\"0\" height=\"300\" src=\"https:\/\/blogger.googleusercontent.com\/img\/b\/R29vZ2xl\/AVvXsEhUkyfZ9l4SnTdziIzkDM-CZo_-8uU7cPqQ7vF1ExF1f06AVe4BOD6NGgRsq3FJlDSBzOvpX_E6Fa7SNMsESppsJ0CfVTbvYcTOlEo0XPppUfQ-BgthStG-TH43TyrtuRMILIJTA6wgWVk\/s400\/fotos+clausura+Villafranca+VI+campus+de+ajedrez+009.jpg\" width=\"400\" \/><\/a><\/td>\n<\/tr>\n<tr>\n<td class=\"tr-caption\" style=\"text-align: center\">Imagen de la sala de conferencias durante la presentaci\u00f3n<br \/>\ndel acto de clausura<\/td>\n<\/tr>\n<\/tbody>\n<\/table>\n<p><\/p>\n<table cellpadding=\"0\" cellspacing=\"0\" class=\"tr-caption-container\" style=\"float: left;margin-right: 1em;text-align: left\">\n<tbody>\n<tr>\n<td style=\"text-align: center\"><a href=\"https:\/\/www.bfv.cloud\/ajedrezeuropa\/wp-content\/uploads\/2013\/08\/fotosclausuraVillafrancaVIcampusdeajedrez013.jpg\" style=\"clear: left;margin-bottom: 1em;margin-left: auto;margin-right: auto\"><img decoding=\"async\" border=\"0\" height=\"300\" src=\"https:\/\/blogger.googleusercontent.com\/img\/b\/R29vZ2xl\/AVvXsEi5JYBRduk9zWagWRRXdKHXBxNhmfS0FWh4kkdlgs7FXGxnQ0nw1n9gmIJwqyv8sYj-rjUzIPBIWrlSesqhVnHXHmJlwT_mmBpDXweVvBVOH0TF4PcCdqp4fR9W3YbkSzeqLpkOmLpVyFw\/s400\/fotos+clausura+Villafranca+VI+campus+de+ajedrez+013.jpg\" width=\"400\" \/><\/a><\/td>\n<\/tr>\n<tr>\n<td class=\"tr-caption\" style=\"text-align: center\">Andr\u00e9s Beldad, alcalde de Villafranca, y Manuel de la Gu\u00eda, edil de deportes<br \/>\nde Alc\u00e1zar, estuvieron acompa\u00f1ados de algunos de los monitores<br \/>\nque hacen posible este campus<\/td>\n<\/tr>\n<\/tbody>\n<\/table>\n<p>&nbsp;<span style=\"font-family: Verdana, sans-serif\"><b>Los chicos y chicas participantes en nuestro campus de verano recibieron el apoyo y felicitaciones de las instituciones que colaboran en el proyecto, dentro de la clausura celebrada ayer a las 8 de la tarde en la sala de conferencias de la casa de la cultura de Villafranca. El acto cont\u00f3 con numerosos familiares de los alumnos y tambi\u00e9n con jugadores de los equipos absolutos de los dos clubes que nos representan en competiciones. Tanto Andr\u00e9s Beldad como Manuel de la Gu\u00eda, en nombre de los ayuntamientos de Villafranca y Alc\u00e1zar, reiteraron su inter\u00e9s por mantener la financiaci\u00f3n del proyecto \u00abNuestro Ajedrez en Europa\u00bb y de las escuelas municipales que posibilitan que pueda seguir creciendo la afici\u00f3n por este deporte. Asimismo, manifestaron la voluntad de seguir haciendo posible el conjunto de actividades que ya est\u00e1n en marcha. Desde el lado de la direcci\u00f3n del proyecto solo nos queda agradecer a todos su inestimable ayuda y colaboraci\u00f3n. Para completar la informaci\u00f3n, ma\u00f1ana facilitaremos un enlace con la TV digital \u00abALC\u00c1ZAR EN EL MUNDO\u00bb que ha elaborado un reportaje sobre todo el acto de clausura.<\/b><\/span><br \/>\n<span style=\"font-family: Verdana, sans-serif\"><b>Muy pronto empezaremos a publicar toda la informaci\u00f3n relativa a las fechas de los torneos de feria de Alc\u00e1zar y Villafranca, as\u00ed como de la previsi\u00f3n para el comienzo de las clases en las escuelas durante el mes de septiembre.<\/b><\/span><\/p>\n<table align=\"center\" cellpadding=\"0\" cellspacing=\"0\" class=\"tr-caption-container\" style=\"margin-left: auto;margin-right: auto;text-align: center\">\n<tbody>\n<tr>\n<td style=\"text-align: center\"><a href=\"https:\/\/www.bfv.cloud\/ajedrezeuropa\/wp-content\/uploads\/2013\/08\/fotosclausuraVillafrancaVIcampusdeajedrez012.jpg\" style=\"margin-left: auto;margin-right: auto\"><img decoding=\"async\" border=\"0\" height=\"480\" src=\"https:\/\/blogger.googleusercontent.com\/img\/b\/R29vZ2xl\/AVvXsEgSbmOobflPNaBYLU_o7RcMJwkbQSEJ01AsesKN9mbQ6tfEIaIi6ekqUXFGRZwJmSGl4803hMORgm_Z4VsX7ynLsO8-wPgWnALmE1QA34oGxkW3OVrbG81Q0US_vTVfI7Ggrx9OYMGLTcA\/s640\/fotos+clausura+Villafranca+VI+campus+de+ajedrez+012.jpg\" width=\"640\" \/><\/a><\/td>\n<\/tr>\n<tr>\n<td class=\"tr-caption\" style=\"text-align: center\">El acto tiene como pre\u00e1mbulo una presentaci\u00f3n de los hechos m\u00e1s destacados que nuestro ajedrez ha protagonizado<\/td>\n<\/tr>\n<\/tbody>\n<\/table>\n<p><\/p>\n","protected":false},"excerpt":{"rendered":"<p>Imagen de la sala de conferencias durante la presentaci\u00f3n del acto de clausura Andr\u00e9s Beldad, alcalde de Villafranca, y Manuel de la Gu\u00eda, edil de deportes de Alc\u00e1zar, estuvieron acompa\u00f1ados de algunos de los monitores que hacen posible este campus &nbsp;Los chicos y chicas participantes en nuestro campus de verano recibieron el apoyo y felicitaciones [&hellip;]<\/p>\n","protected":false},"author":1,"featured_media":2491,"comment_status":"open","ping_status":"closed","sticky":false,"template":"","format":"standard","meta":{"footnotes":""},"categories":[1],"tags":[],"class_list":["post-2490","post","type-post","status-publish","format-standard","has-post-thumbnail","hentry","category-noticias"],"_links":{"self":[{"href":"https:\/\/www.bfv.cloud\/ajedrezeuropa\/wp-json\/wp\/v2\/posts\/2490","targetHints":{"allow":["GET"]}}],"collection":[{"href":"https:\/\/www.bfv.cloud\/ajedrezeuropa\/wp-json\/wp\/v2\/posts"}],"about":[{"href":"https:\/\/www.bfv.cloud\/ajedrezeuropa\/wp-json\/wp\/v2\/types\/post"}],"author":[{"embeddable":true,"href":"https:\/\/www.bfv.cloud\/ajedrezeuropa\/wp-json\/wp\/v2\/users\/1"}],"replies":[{"embeddable":true,"href":"https:\/\/www.bfv.cloud\/ajedrezeuropa\/wp-json\/wp\/v2\/comments?post=2490"}],"version-history":[{"count":1,"href":"https:\/\/www.bfv.cloud\/ajedrezeuropa\/wp-json\/wp\/v2\/posts\/2490\/revisions"}],"predecessor-version":[{"id":2494,"href":"https:\/\/www.bfv.cloud\/ajedrezeuropa\/wp-json\/wp\/v2\/posts\/2490\/revisions\/2494"}],"wp:featuredmedia":[{"embeddable":true,"href":"https:\/\/www.bfv.cloud\/ajedrezeuropa\/wp-json\/wp\/v2\/media\/2491"}],"wp:attachment":[{"href":"https:\/\/www.bfv.cloud\/ajedrezeuropa\/wp-json\/wp\/v2\/media?parent=2490"}],"wp:term":[{"taxonomy":"category","embeddable":true,"href":"https:\/\/www.bfv.cloud\/ajedrezeuropa\/wp-json\/wp\/v2\/categories?post=2490"},{"taxonomy":"post_tag","embeddable":true,"href":"https:\/\/www.bfv.cloud\/ajedrezeuropa\/wp-json\/wp\/v2\/tags?post=2490"}],"curies":[{"name":"wp","href":"https:\/\/api.w.org\/{rel}","templated":true}]}}