{"id":2495,"date":"2011-08-03T15:31:00","date_gmt":"2011-08-03T15:31:00","guid":{"rendered":"https:\/\/www.bfv.cloud\/ajedrezeuropa\/index.php\/2011\/08\/03\/el-lunes-quedo-inaugurado-nuestro-iv-campus-de-veran0\/"},"modified":"2025-11-20T10:47:43","modified_gmt":"2025-11-20T10:47:43","slug":"el-lunes-quedo-inaugurado-nuestro-iv-campus-de-veran0","status":"publish","type":"post","link":"https:\/\/www.bfv.cloud\/ajedrezeuropa\/el-lunes-quedo-inaugurado-nuestro-iv-campus-de-veran0\/","title":{"rendered":"EL LUNES QUED\u00d3 INAUGURADO NUESTRO IV CAMPUS DE VERAN0"},"content":{"rendered":"<table cellpadding=\"0\" cellspacing=\"0\" class=\"tr-caption-container\" style=\"float: left;margin-right: 1em;text-align: left\">\n<tbody>\n<tr>\n<td style=\"text-align: center\"><a href=\"https:\/\/www.bfv.cloud\/ajedrezeuropa\/wp-content\/uploads\/2011\/08\/100_1063.jpg\" style=\"clear: left;margin-bottom: 1em;margin-left: auto;margin-right: auto\"><img fetchpriority=\"high\" decoding=\"async\" border=\"0\" height=\"240\" src=\"https:\/\/blogger.googleusercontent.com\/img\/b\/R29vZ2xl\/AVvXsEjBYhonbnFo26UhEoiJPjbPXOr_-jviu3oURVLZZiMyx0um3V9BnZoswQnAHd7j36rhhacZQe_1_3HjNyjIh597vXm167oHfNEozELysSfHl9A9o9iQ2gCKJiMkXPou_pC9ekfruv-LvyI\/s320\/100_1063.jpg\" width=\"320\" \/><\/a><\/td>\n<\/tr>\n<tr>\n<td class=\"tr-caption\" style=\"text-align: center\">Los alcaldes y concejales presentes en el acto <br \/>\ninaugural acompa\u00f1ados de los 2 grandes<br \/>\nmaestros, 3 monitores y 1 monitora <br \/>\nque completan el equipo humano<br \/>\nde este campus<\/td>\n<\/tr>\n<\/tbody>\n<\/table>\n<p>\ufeff <em><span style=\", sans-serif\">El pasado lunes comenzaba en el centro juvenil \u00abLa Covadonga\u00bb de Alc\u00e1zar de San Juan el IV campus \u00abNuestro Ajedrez en Europa\u00bb que, este a\u00f1o, cuenta con la participaci\u00f3n de cerca de 40 chicos y chicas de edades comprendidas entre los 5 y los 17 a\u00f1os. El acto inaugural cont\u00f3 con la presencia de los alcaldes de Alc\u00e1zar y Villafranca, Diego Ortega y Andr\u00e9s Beldad, respectivamente, adem\u00e1s de los concejales de deportes, Manuel de la Gu\u00eda, por parte de Alc\u00e1zar y Juan Jos\u00e9 Marchante por Villafranca. La presencia de autoridades pol\u00edticas se complet\u00f3 con la participaci\u00f3n de Laura Manrique, concejala de cultura de Villafranca, y Carlos Dorado, concejal del grupo socialista en el ayuntamiento de Alc\u00e1zar. Aunque finalmente la presencia del consejero de educaci\u00f3n y el director general de cultura no fue posible, ambos trasladaron su apoyo al proyecto minutos antes de comenzar la rueda de prensa. Esta edicion del campus cuenta con 6 grupos formativos, 3 de <\/span><\/em><\/p>\n<table cellpadding=\"0\" cellspacing=\"0\" class=\"tr-caption-container\" style=\"float: right;margin-left: 1em;text-align: right\">\n<tbody>\n<tr>\n<td style=\"text-align: center\">\n<a href=\"https:\/\/www.bfv.cloud\/ajedrezeuropa\/wp-content\/uploads\/2011\/08\/100_1064.jpg\" style=\"clear: right;margin-bottom: 1em;margin-left: auto;margin-right: auto\"><img decoding=\"async\" border=\"0\" height=\"240\" src=\"https:\/\/blogger.googleusercontent.com\/img\/b\/R29vZ2xl\/AVvXsEiZ6LbF7Rwb3YFmJnNk_8hZIJyytZJP1eLqyXx5jgdKHteMfTGbRT0Pd0EQmFalf2rbDRbnV84ADH-WUR6LqJTIeraVM4otlE14DnydKSHvt0QSSrXiWonxty9r8IPMvP6JGwc1yWY6QCk\/s320\/100_1064.jpg\" width=\"320\" \/><\/a><\/td>\n<\/tr>\n<tr>\n<td class=\"tr-caption\" style=\"text-align: center\">Una vista parcial de los chicos y chicas participantes <br \/>\nacompa\u00f1ados de un numeroso grupo de padres y<br \/>\nmadres.<\/td>\n<\/tr>\n<\/tbody>\n<\/table>\n<p>\ufeff<span style=\", sans-serif\"><em>grado&nbsp;tecnificaci\u00f3n, 1 de perfeccionamiento&nbsp;y otros 2 de iniciaci\u00f3n, completando as\u00ed una estructura organizativa sobresaliente en relaci\u00f3n&nbsp;a otros clinic y campus&nbsp;que tienen lugar en distintos lugares de nuestra regi\u00f3n y del pa\u00eds. Otro dato interesante es el del n\u00famero de pueblos participantes, que esta vez se ha elevado a 8 de las provincias de Ciudad Real y Toledo.<\/em> <\/span><\/p>\n<table align=\"center\" cellpadding=\"0\" cellspacing=\"0\" class=\"tr-caption-container\" style=\"float: right;margin-left: 1em;text-align: right\">\n<tbody>\n<tr>\n<td style=\"text-align: center\"><a href=\"https:\/\/www.bfv.cloud\/ajedrezeuropa\/wp-content\/uploads\/2011\/08\/100_1059.jpg\" style=\"margin-left: auto;margin-right: auto\"><img decoding=\"async\" border=\"0\" height=\"240\" src=\"https:\/\/blogger.googleusercontent.com\/img\/b\/R29vZ2xl\/AVvXsEiiJRIMsmkKvwQe5qgZ6-ho3TXznyHsuBxrxl4_D5ConwYOfUPRgDrF8bxy1zLsMJ5QXMiDJyKdm6D5Oo_F61Gc4fDGZzgHLJRq3JIGFAR3-FkxI-ygP6ma8f8vzKdn2lXNE1x-Wqh47ok\/s320\/100_1059.jpg\" width=\"320\" \/><\/a><\/td>\n<\/tr>\n<tr>\n<td class=\"tr-caption\" style=\"text-align: center\">El sal\u00f3n de actos visto desde el otro lado.<\/td>\n<\/tr>\n<\/tbody>\n<\/table>\n<p>\ufeff<br \/>\n<em><span style=\", sans-serif\">Como de costumbre las actividades se realizan a caballo entre Alc\u00e1zar, los d\u00edas 1,2 y 3 de agosto,&nbsp;y Villafranca,&nbsp;el 4, 5 y 6. <\/span><\/em><br \/>\n<em><span style=\", sans-serif\">Coincidiendo con el \u00faltimo d\u00eda, s\u00e1bado, a partir de las 19,30 horas en la casa de la cultura de Villafranca de los Caballeros, se celebrar\u00e1 el acto de clausura que tiene prevista la intervenci\u00f3n del presidente de las Cortes Regionales, Vicente Tirado, as\u00ed como de los alcaldes y concejales de los ayuntamientos que impulsan y patrocinan este proyecto.<\/span><\/em><br \/>\n<em><span style=\", sans-serif\">Por \u00faltimo, queremos agradecer a las instituciones p\u00fablicas que apoyan nuestra labor su constante \u00e1nimo y ayuda. Todos los que colaboramos en su ejecuci\u00f3n estamos agradecidos por su colaboraci\u00f3n y aliento.<\/span><\/em><\/p>\n","protected":false},"excerpt":{"rendered":"<p>Los alcaldes y concejales presentes en el acto inaugural acompa\u00f1ados de los 2 grandes maestros, 3 monitores y 1 monitora que completan el equipo humano de este campus \ufeff El pasado lunes comenzaba en el centro juvenil \u00abLa Covadonga\u00bb de Alc\u00e1zar de San Juan el IV campus \u00abNuestro Ajedrez en Europa\u00bb que, este a\u00f1o, cuenta [&hellip;]<\/p>\n","protected":false},"author":1,"featured_media":2496,"comment_status":"open","ping_status":"closed","sticky":false,"template":"","format":"standard","meta":{"footnotes":""},"categories":[1],"tags":[],"class_list":["post-2495","post","type-post","status-publish","format-standard","has-post-thumbnail","hentry","category-noticias"],"_links":{"self":[{"href":"https:\/\/www.bfv.cloud\/ajedrezeuropa\/wp-json\/wp\/v2\/posts\/2495","targetHints":{"allow":["GET"]}}],"collection":[{"href":"https:\/\/www.bfv.cloud\/ajedrezeuropa\/wp-json\/wp\/v2\/posts"}],"about":[{"href":"https:\/\/www.bfv.cloud\/ajedrezeuropa\/wp-json\/wp\/v2\/types\/post"}],"author":[{"embeddable":true,"href":"https:\/\/www.bfv.cloud\/ajedrezeuropa\/wp-json\/wp\/v2\/users\/1"}],"replies":[{"embeddable":true,"href":"https:\/\/www.bfv.cloud\/ajedrezeuropa\/wp-json\/wp\/v2\/comments?post=2495"}],"version-history":[{"count":1,"href":"https:\/\/www.bfv.cloud\/ajedrezeuropa\/wp-json\/wp\/v2\/posts\/2495\/revisions"}],"predecessor-version":[{"id":2499,"href":"https:\/\/www.bfv.cloud\/ajedrezeuropa\/wp-json\/wp\/v2\/posts\/2495\/revisions\/2499"}],"wp:featuredmedia":[{"embeddable":true,"href":"https:\/\/www.bfv.cloud\/ajedrezeuropa\/wp-json\/wp\/v2\/media\/2496"}],"wp:attachment":[{"href":"https:\/\/www.bfv.cloud\/ajedrezeuropa\/wp-json\/wp\/v2\/media?parent=2495"}],"wp:term":[{"taxonomy":"category","embeddable":true,"href":"https:\/\/www.bfv.cloud\/ajedrezeuropa\/wp-json\/wp\/v2\/categories?post=2495"},{"taxonomy":"post_tag","embeddable":true,"href":"https:\/\/www.bfv.cloud\/ajedrezeuropa\/wp-json\/wp\/v2\/tags?post=2495"}],"curies":[{"name":"wp","href":"https:\/\/api.w.org\/{rel}","templated":true}]}}