{"id":2500,"date":"2015-09-13T13:54:00","date_gmt":"2015-09-13T13:54:00","guid":{"rendered":"https:\/\/www.bfv.cloud\/ajedrezeuropa\/index.php\/2015\/09\/13\/jorge-simon-vence-en-la-xix-edicion-del-abierto-de-villafranca\/"},"modified":"2025-11-20T10:47:49","modified_gmt":"2025-11-20T10:47:49","slug":"jorge-simon-vence-en-la-xix-edicion-del-abierto-de-villafranca","status":"publish","type":"post","link":"https:\/\/www.bfv.cloud\/ajedrezeuropa\/jorge-simon-vence-en-la-xix-edicion-del-abierto-de-villafranca\/","title":{"rendered":"JORGE SIM\u00d3N VENCE EN LA XIX EDICI\u00d3N DEL ABIERTO DE VILLAFRANCA"},"content":{"rendered":"<table align=\"center\" cellpadding=\"0\" cellspacing=\"0\" class=\"tr-caption-container\" style=\"margin-left: auto;margin-right: auto;text-align: center\">\n<tbody>\n<tr>\n<td style=\"text-align: center\"><a href=\"https:\/\/www.bfv.cloud\/ajedrezeuropa\/wp-content\/uploads\/2015\/09\/IMG_20150912_095659_edit.jpg\" style=\"margin-left: auto;margin-right: auto\"><img fetchpriority=\"high\" decoding=\"async\" border=\"0\" height=\"360\" src=\"https:\/\/blogger.googleusercontent.com\/img\/b\/R29vZ2xl\/AVvXsEgCiCggqiJD5KYPszcNzpMqjiNfTY3F78HG3Tf2tc7oPhjzmHRFIrNRcQQnDKyVBQSdRNmm_JAIrmghzZ1Rbn16-SJzPcDqQsDta3da_ijPSKY_rACNm71ubgm0B_hxlHKJDJ30rfyZbiU\/s640\/IMG_20150912_095659_edit.jpg\" width=\"640\" \/><\/a><\/td>\n<\/tr>\n<tr>\n<td class=\"tr-caption\" style=\"text-align: center\">Un imagen muy cinematogr\u00e1fica de la sala de juego<\/td>\n<\/tr>\n<\/tbody>\n<\/table>\n<p>&nbsp;<span style=\"color: #660000;font-family: Trebuchet MS, sans-serif\">La 19\u00aa edici\u00f3n del \u00abAbierto de Villafranca\u00bb reuni\u00f3 a casi 40 jugadores de ajedrez llegados de diversos pueblos de las provincias de Toledo y Ciudad Real. Con una gran participaci\u00f3n de los alumnos y alumnas de las escuelas de ajedrez de Alc\u00e1zar y Villafranca, as\u00ed como de los jugadores pertenecientes a nuestros clubes, el Torneo ha servido para volver a reunir a las distintas generaciones de ajedrecistas que comparten nuestro proyecto.<\/span><\/p>\n<table cellpadding=\"0\" cellspacing=\"0\" class=\"tr-caption-container\" style=\"float: left;margin-right: 1em;text-align: left\">\n<tbody>\n<tr>\n<td style=\"text-align: center\"><a href=\"https:\/\/www.bfv.cloud\/ajedrezeuropa\/wp-content\/uploads\/2015\/09\/IMG_20150912_101652_edit_edit.jpg\" style=\"clear: left;margin-bottom: 1em;margin-left: auto;margin-right: auto\"><img decoding=\"async\" border=\"0\" height=\"180\" src=\"https:\/\/blogger.googleusercontent.com\/img\/b\/R29vZ2xl\/AVvXsEgxfr30ewS1eR0pGJ-8FOMlZNTCOmlI-rqQc2fcEAUTQLvezgUabLxNjLeLd4x0NZre5rE8OzrIpop4mEzSnO8IwuwKQdT6F1w2g6om25XjM7bwlnmpykfl1DJ-LaRZPjzXAXo9hVpzRUQ\/s400\/IMG_20150912_101652_edit_edit.jpg\" width=\"400\" \/><\/a><\/td>\n<\/tr>\n<tr>\n<td class=\"tr-caption\" style=\"text-align: center\">Los trofeos son piezas \u00fanicas elaboradas por la<br \/>Alfarer\u00eda de los Hermanos Pe\u00f1o<\/td>\n<\/tr>\n<\/tbody>\n<\/table>\n<p><\/p>\n<table cellpadding=\"0\" cellspacing=\"0\" class=\"tr-caption-container\" style=\"float: left;margin-right: 1em;text-align: left\">\n<tbody>\n<tr>\n<td style=\"text-align: center\"><a href=\"https:\/\/www.bfv.cloud\/ajedrezeuropa\/wp-content\/uploads\/2015\/09\/SAM_2163.jpg\" style=\"clear: left;margin-bottom: 1em;margin-left: auto;margin-right: auto\"><img decoding=\"async\" border=\"0\" height=\"400\" src=\"https:\/\/blogger.googleusercontent.com\/img\/b\/R29vZ2xl\/AVvXsEjkiTcCM1egCm1W32UHyKPTUlclqhSNXuYOf6eHDaXZhDPjbQeFD6Oc3vr9KnEeETBKPNhZY0m37-UE-gBHsT5kQ8LAneSuK_Vk6aaG98nEcMmwT3ab1bX3MvOue-gNOdARTZWc340BHGU\/s400\/SAM_2163.JPG\" width=\"310\" \/><\/a><\/td>\n<\/tr>\n<tr>\n<td class=\"tr-caption\" style=\"text-align: center\">Jorge Sim\u00f3n, ganador del torneo, junto al<br \/>alcalde de Villafranca, Juli\u00e1n Bola\u00f1os<\/td>\n<\/tr>\n<\/tbody>\n<\/table>\n<p>&nbsp;<span style=\"color: #660000;font-family: Trebuchet MS, sans-serif\">Despu\u00e9s de 5 rondas a 20 minutos por jugador, el vencedor fue Jorge Sim\u00f3n Escalona que sum\u00f3 4,5 puntos, igual que Javier Valdepe\u00f1as Octavio. En esta misma categor\u00eda, la absoluta, recibieron trofeo:<\/span><br \/>\n<span style=\"color: #660000;font-family: Trebuchet MS, sans-serif\">Santiago Talavera Garc\u00eda, campe\u00f3n local, y Silvia Toribio como campeona femenina.<\/span><br \/>\n<span style=\"color: #660000;font-family: Trebuchet MS, sans-serif\">El trofeo m\u00e1s importante de la categor\u00eda sub-16 fue ganado por Roberto L\u00f3pez N\u00fa\u00f1ez, seguido por Alfredo Amador And\u00fajar. Como campe\u00f3n local qued\u00f3 Alonso L\u00f3pez N\u00fa\u00f1ez y campeona femenina Irene Sim\u00f3n Escalona.<\/span><br \/>\n<span style=\"color: #660000;font-family: Trebuchet MS, sans-serif\">El tramo de edad de los m\u00e1s peque\u00f1os, el sub-12, entreg\u00f3 premios a:<\/span><br \/>\n<span style=\"color: #660000;font-family: Trebuchet MS, sans-serif\">Clara Vela Adri\u00e1n, Nuria Lozano Serrano, \u00c1lvaro Alberca Ortuno y Roc\u00edo Arias L\u00f3pez.<\/span><br \/>\n<span style=\"color: #660000;font-family: Trebuchet MS, sans-serif\">En la parte institucional, el torneo fue seguido por el alcalde de Villafranca de los Caballeros, Juli\u00e1n Bola\u00f1os, y el concejal de deportes, Emilio Alberca, que tambi\u00e9n se encargaron de repartir los 12 trofeos para sus respectivos ganadores.&nbsp;<\/span><\/p>\n<table cellpadding=\"0\" cellspacing=\"0\" class=\"tr-caption-container\" style=\"float: right;text-align: right\">\n<tbody>\n<tr>\n<td style=\"text-align: center\"><a href=\"https:\/\/www.bfv.cloud\/ajedrezeuropa\/wp-content\/uploads\/2015\/09\/SAM_2152.jpg\" style=\"clear: right;margin-bottom: 1em;margin-left: auto;margin-right: auto\"><img loading=\"lazy\" decoding=\"async\" border=\"0\" height=\"255\" src=\"https:\/\/blogger.googleusercontent.com\/img\/b\/R29vZ2xl\/AVvXsEjFsouGPY35FzYnt3ywn5fKXhMIHK_cg_ULqWFIb_Kz4nKWVN9s5W46ik8yOiqLUe86bitkV9p5bdem3SGw_6Y3NIf6bl3X8xvUBl5wH1MTzlIN_pj-R5Qd2z_wckru0qofMTV0gMgxQxE\/s320\/SAM_2152.JPG\" width=\"320\" \/><\/a><\/td>\n<\/tr>\n<tr>\n<td class=\"tr-caption\" style=\"text-align: center\">Juli\u00e1n Bola\u00f1os y Emilio Alberca, alcalde y concejal<br \/>del ayto de Villafranca, dispuestos para la entrega<br \/>de premios<\/td>\n<\/tr>\n<\/tbody>\n<\/table>\n<p><span style=\"color: #660000;font-family: Trebuchet MS, sans-serif\">Queremos agradecer a todos los participantes y a las decenas de acompa\u00f1antes que estuvieron presenciando toda la competici\u00f3n su colaboraci\u00f3n para mantener un gran ambiente de deportividad.<\/span><\/p>\n","protected":false},"excerpt":{"rendered":"<p>Un imagen muy cinematogr\u00e1fica de la sala de juego &nbsp;La 19\u00aa edici\u00f3n del \u00abAbierto de Villafranca\u00bb reuni\u00f3 a casi 40 jugadores de ajedrez llegados de diversos pueblos de las provincias de Toledo y Ciudad Real. Con una gran participaci\u00f3n de los alumnos y alumnas de las escuelas de ajedrez de Alc\u00e1zar y Villafranca, as\u00ed como [&hellip;]<\/p>\n","protected":false},"author":1,"featured_media":2501,"comment_status":"open","ping_status":"closed","sticky":false,"template":"","format":"standard","meta":{"footnotes":""},"categories":[1],"tags":[],"class_list":["post-2500","post","type-post","status-publish","format-standard","has-post-thumbnail","hentry","category-noticias"],"_links":{"self":[{"href":"https:\/\/www.bfv.cloud\/ajedrezeuropa\/wp-json\/wp\/v2\/posts\/2500","targetHints":{"allow":["GET"]}}],"collection":[{"href":"https:\/\/www.bfv.cloud\/ajedrezeuropa\/wp-json\/wp\/v2\/posts"}],"about":[{"href":"https:\/\/www.bfv.cloud\/ajedrezeuropa\/wp-json\/wp\/v2\/types\/post"}],"author":[{"embeddable":true,"href":"https:\/\/www.bfv.cloud\/ajedrezeuropa\/wp-json\/wp\/v2\/users\/1"}],"replies":[{"embeddable":true,"href":"https:\/\/www.bfv.cloud\/ajedrezeuropa\/wp-json\/wp\/v2\/comments?post=2500"}],"version-history":[{"count":1,"href":"https:\/\/www.bfv.cloud\/ajedrezeuropa\/wp-json\/wp\/v2\/posts\/2500\/revisions"}],"predecessor-version":[{"id":2505,"href":"https:\/\/www.bfv.cloud\/ajedrezeuropa\/wp-json\/wp\/v2\/posts\/2500\/revisions\/2505"}],"wp:featuredmedia":[{"embeddable":true,"href":"https:\/\/www.bfv.cloud\/ajedrezeuropa\/wp-json\/wp\/v2\/media\/2501"}],"wp:attachment":[{"href":"https:\/\/www.bfv.cloud\/ajedrezeuropa\/wp-json\/wp\/v2\/media?parent=2500"}],"wp:term":[{"taxonomy":"category","embeddable":true,"href":"https:\/\/www.bfv.cloud\/ajedrezeuropa\/wp-json\/wp\/v2\/categories?post=2500"},{"taxonomy":"post_tag","embeddable":true,"href":"https:\/\/www.bfv.cloud\/ajedrezeuropa\/wp-json\/wp\/v2\/tags?post=2500"}],"curies":[{"name":"wp","href":"https:\/\/api.w.org\/{rel}","templated":true}]}}