{"id":2506,"date":"2015-10-01T20:57:00","date_gmt":"2015-10-01T20:57:00","guid":{"rendered":"https:\/\/www.bfv.cloud\/ajedrezeuropa\/index.php\/2015\/10\/01\/las-escuelas-de-ajedrez-de-alcazar-y-villafranca-comienzan-la-temporada-con-un-gran-crecimiento-y-nuevos-retos\/"},"modified":"2025-11-20T10:47:53","modified_gmt":"2025-11-20T10:47:53","slug":"las-escuelas-de-ajedrez-de-alcazar-y-villafranca-comienzan-la-temporada-con-un-gran-crecimiento-y-nuevos-retos","status":"publish","type":"post","link":"https:\/\/www.bfv.cloud\/ajedrezeuropa\/las-escuelas-de-ajedrez-de-alcazar-y-villafranca-comienzan-la-temporada-con-un-gran-crecimiento-y-nuevos-retos\/","title":{"rendered":"LAS ESCUELAS DE AJEDREZ DE ALC\u00c1ZAR Y VILLAFRANCA COMIENZAN LA TEMPORADA CON UN GRAN CRECIMIENTO Y NUEVOS RETOS"},"content":{"rendered":"<table cellpadding=\"0\" cellspacing=\"0\" class=\"tr-caption-container\" style=\"float: right;margin-left: 1em;text-align: right\">\n<tbody>\n<tr>\n<td style=\"text-align: center\"><a href=\"https:\/\/www.bfv.cloud\/ajedrezeuropa\/wp-content\/uploads\/2015\/10\/FOTO125C225AACLASEESCUELAALC25C32581ZARSEPT2015.jpg\" style=\"clear: right;margin-bottom: 1em;margin-left: auto;margin-right: auto\"><img fetchpriority=\"high\" decoding=\"async\" border=\"0\" height=\"382\" src=\"https:\/\/blogger.googleusercontent.com\/img\/b\/R29vZ2xl\/AVvXsEhBYllQwu6IW0myXHkRpYY_XCduNgYNv_GJNLIAWAa1RecKpDWuoilMhLBYWjtMhnnsLI05uncsXbk_THJkhGTaL17uOH2pISwJaShiPbgSlVBDCGWCNEnU0skFL6qD3PgV-wsXLWNRONE\/s400\/FOTO+1%25C2%25AA+CLASE+ESCUELA+ALC%25C3%2581ZAR+SEPT+2015.jpg\" width=\"400\" \/><\/a><\/td>\n<\/tr>\n<tr>\n<td class=\"tr-caption\" style=\"text-align: center\">Una imagen de la 1\u00aa clase de la temporada en la<br \/>ESCUELA DE AJEDREZ DE ALC\u00c1ZAR<\/td>\n<\/tr>\n<\/tbody>\n<\/table>\n<div class=\"MsoBodyText\">\n<span style=\"color: #20124d;font-family: Helvetica Neue, Arial, Helvetica, sans-serif\">Las escuelas deportivas municipales de ajedrez de <b>Villafranca<br \/>\nde los Caballeros&nbsp; <\/b>y<b> Alc\u00e1zar de<br \/>\nSan Juan<\/b> iniciaron su temporada regular el pasado s\u00e1bado 26 de septiembre<br \/>\ncon las primeras clases para los niveles de iniciaci\u00f3n y perfeccionamiento. En<br \/>\n2016 la EDM de Alc\u00e1zar cumplir\u00e1 14 a\u00f1os de permanencia ininterrumpida, su<br \/>\nperiodo m\u00e1s largo de vigencia y estabilidad, mientras que la de Villafranca alcanzar\u00e1<br \/>\nsu vig\u00e9sima temporada, siendo una de las m\u00e1s longevas de toda la regi\u00f3n.<br \/>\nRecordemos que ambas escuelas se encuentran ligadas al proyecto \u201cNUESTRO<br \/>\nAJEDREZ EN EUROPA\u201d desde el a\u00f1o 2008, y que son la base para la iniciaci\u00f3n al<br \/>\n\u201cdeporte de la mente\u201d para muchos chicos y chicas de las provincias de Toledo y<br \/>\nCiudad Real. Despu\u00e9s de todo el esfuerzo realizado para abrir el camino de la<br \/>\nintroducci\u00f3n del ajedrez en la educaci\u00f3n, y el trabajo constante para conseguir<br \/>\nun buen nivel de nuestros jugadores en el aspecto deportivo, no cabe duda que<br \/>\nhab\u00eda llegado el momento de establecer como objetivo prioritario el crecimiento<br \/>\ny potenciaci\u00f3n de la base que sustenta todo el proyecto.&nbsp;<\/span><\/div>\n<div class=\"separator\" style=\"clear: both;text-align: center\">\n<span style=\"color: #20124d;font-family: Helvetica Neue, Arial, Helvetica, sans-serif\"><a href=\"https:\/\/www.bfv.cloud\/ajedrezeuropa\/wp-content\/uploads\/2015\/10\/COMIENZOCLASES2015-2016jpg.jpg\" style=\"clear: right;float: right;margin-bottom: 1em;margin-left: 1em\"><img decoding=\"async\" border=\"0\" height=\"320\" src=\"https:\/\/blogger.googleusercontent.com\/img\/b\/R29vZ2xl\/AVvXsEgcvfVUKFpulaQJLIrhRyhhhZd5ngGamT4LUoNgvlZLxox6wR6GiQZ7ZT6HQLpCREDaAB66QrT9z4fiDjs6VCsejY3_qTXD21fj0j5m_B-NuQCRab1XeLKWQIlGEcWCY65QgOGIqokDd64\/s320\/COMIENZO+CLASES+2015+-2016+jpg.jpg\" width=\"224\" \/><\/a><\/span><\/div>\n<p><\/p>\n<div class=\"MsoBodyText\">\n<span style=\"color: #20124d;font-family: Helvetica Neue, Arial, Helvetica, sans-serif\"><b>El espectacular<br \/>\ncrecimiento en el n\u00famero de&nbsp; alumnos en<br \/>\nAlc\u00e1zar, aproxim\u00e1ndonos ya a los 50, junto a la consolidada escuela de<br \/>\nVillafranca, nos acerca a un total de 70 inscritos.<\/b> Si a esto a\u00f1adimos las<br \/>\nnuevas demandas que nos llegan desde colegios, asociaciones y centros de<br \/>\nmayores reclamando formaci\u00f3n ajedrec\u00edstica, entenderemos la necesidad de<br \/>\nadecuar la estructura y dimensi\u00f3n del proyecto NUESTRO AJEDREZ EN EUROPA a los<br \/>\nnuevos retos que socialmente se est\u00e1n planteando. Desde hace unos d\u00edas ya<br \/>\nestamos trabajando, conjuntamente con los ayuntamientos de Alc\u00e1zar y<br \/>\nVillafranca, en la adecuaci\u00f3n&nbsp; a las<br \/>\nnuevas necesidades de espacio de la escuela de Alc\u00e1zar y a las posibilidades de<br \/>\nofrecer cursos b\u00e1sicos para mayores en Villafranca. Adem\u00e1s de todo esto, en los<br \/>\npr\u00f3ximos meses daremos los primeros pasos en la ejecuci\u00f3n de varios proyectos<br \/>\nimportantes en los que estamos trabajando de la mano de otras instituciones.&nbsp;<\/span><\/div>\n<div class=\"MsoBodyText\">\n<span style=\"color: #20124d;font-family: Helvetica Neue, Arial, Helvetica, sans-serif\"><br \/><\/span><\/div>\n<div align=\"center\" class=\"MsoNormal\" style=\"text-align: center\">\n<b><span style=\"font-family: Courier New, Courier, monospace\">CALENDARIO DE<br \/>\nCOMPETICIONES DE TOLEDO<\/span><\/b><\/div>\n<div align=\"center\" class=\"MsoNormal\" style=\"text-align: center\">\n<\/div>\n<div class=\"MsoBodyText\">\n<span style=\"font-family: Courier New, Courier, monospace\">Recientemente<br \/>\nse ha aprobado el calendario de varias competiciones provinciales de Toledo. La<br \/>\nprimera que se pondr\u00e1 en marcha ser\u00e1 <b>el Campeonato Provincial Por Equipos<br \/>\nAbsoluto en 1\u00aa DIVISI\u00d3N y PROMOCI\u00d3N<\/b>. Debido al gran n\u00famero de equipos y<br \/>\njugadores que anualmente compiten en \u00e9l representando a nuestros dos clubes,<br \/>\nqueremos informar lo antes posible de las fechas. Cuando est\u00e9 definitivamente<br \/>\naprobado el calendario de competiciones de la provincia de Ciudad Real lo<br \/>\npublicaremos junto al de Toledo, a\u00f1adiendo el resto de campeonatos y<br \/>\nactividades que organizamos desde el proyecto NUESTRO AJEDREZ EN EUROPA: <\/span><\/div>\n<div align=\"center\" class=\"MsoBodyText\" style=\"text-align: center\">\n<b><span style=\"color: red\"><span style=\"font-family: Courier New, Courier, monospace\">En jornadas de ma\u00f1ana y tarde (a doble ronda):<\/span><\/span><\/b><\/div>\n<div align=\"center\" class=\"MsoBodyText\" style=\"text-align: center\">\n<b><span style=\"color: red\"><span style=\"font-family: Courier New, Courier, monospace\">&nbsp;<u>8, 15 y 29 de<br \/>\nnoviembre <\/u><\/span><\/span><\/b><\/div>\n<div align=\"center\" class=\"MsoBodyText\" style=\"text-align: center\">\n<b><span style=\"color: red\"><span style=\"font-family: Courier New, Courier, monospace\">\u00daltima ronda en jornada de ma\u00f1ana: <\/span><\/span><\/b><\/div>\n<div align=\"center\" class=\"MsoBodyText\" style=\"text-align: center\">\n<b><span style=\"font-family: Courier New, Courier, monospace\"><u><span style=\"color: red\">13 de diciembre<\/span><\/u><span style=\"color: red\">, <\/span><\/span><\/b><\/div>\n<div align=\"center\" class=\"MsoBodyText\" style=\"text-align: center\">\n<b><span style=\"color: blue\"><span style=\"font-family: Courier New, Courier, monospace\">Local de juego: centro social del pol\u00edgono de Toledo<\/span><\/span><\/b><\/div>\n<div align=\"center\" class=\"MsoBodyText\" style=\"text-align: center\">\n<b><span style=\"color: blue\"><span style=\"font-family: Courier New, Courier, monospace\"><br \/><\/span><\/span><\/b><\/div>\n<div class=\"MsoBodyText\">\n<\/div>\n<div class=\"separator\" style=\"clear: both;text-align: center\">\n<a href=\"https:\/\/www.bfv.cloud\/ajedrezeuropa\/wp-content\/uploads\/2015\/10\/CALENDARIONOVIEMBRE-DICIEMBRE2015.jpg\" style=\"margin-left: 1em;margin-right: 1em\"><img decoding=\"async\" border=\"0\" height=\"328\" src=\"https:\/\/blogger.googleusercontent.com\/img\/b\/R29vZ2xl\/AVvXsEjOgNnaneUX0p-oG6Ru_xqhIXB5etCH2GVGj9NK4O7WjhIHF6ZuuA7mScQ8qOo07rY8H9JGo6RhrVzn_EvCUFHfdtv3M6EHfyTYoUATUDSducu4GASv2ZXNJJM-EQkh_a101Ydc4ltsQMw\/s640\/CALENDARIO+NOVIEMBRE-DICIEMBRE+2015.jpg\" width=\"640\" \/><\/a><\/div>\n<div align=\"center\" class=\"MsoBodyText\" style=\"text-align: center\">\n<\/div>\n","protected":false},"excerpt":{"rendered":"<p>Una imagen de la 1\u00aa clase de la temporada en laESCUELA DE AJEDREZ DE ALC\u00c1ZAR Las escuelas deportivas municipales de ajedrez de Villafranca de los Caballeros&nbsp; y Alc\u00e1zar de San Juan iniciaron su temporada regular el pasado s\u00e1bado 26 de septiembre con las primeras clases para los niveles de iniciaci\u00f3n y perfeccionamiento. En 2016 la [&hellip;]<\/p>\n","protected":false},"author":1,"featured_media":2507,"comment_status":"open","ping_status":"closed","sticky":false,"template":"","format":"standard","meta":{"footnotes":""},"categories":[1],"tags":[],"class_list":["post-2506","post","type-post","status-publish","format-standard","has-post-thumbnail","hentry","category-noticias"],"_links":{"self":[{"href":"https:\/\/www.bfv.cloud\/ajedrezeuropa\/wp-json\/wp\/v2\/posts\/2506","targetHints":{"allow":["GET"]}}],"collection":[{"href":"https:\/\/www.bfv.cloud\/ajedrezeuropa\/wp-json\/wp\/v2\/posts"}],"about":[{"href":"https:\/\/www.bfv.cloud\/ajedrezeuropa\/wp-json\/wp\/v2\/types\/post"}],"author":[{"embeddable":true,"href":"https:\/\/www.bfv.cloud\/ajedrezeuropa\/wp-json\/wp\/v2\/users\/1"}],"replies":[{"embeddable":true,"href":"https:\/\/www.bfv.cloud\/ajedrezeuropa\/wp-json\/wp\/v2\/comments?post=2506"}],"version-history":[{"count":1,"href":"https:\/\/www.bfv.cloud\/ajedrezeuropa\/wp-json\/wp\/v2\/posts\/2506\/revisions"}],"predecessor-version":[{"id":2510,"href":"https:\/\/www.bfv.cloud\/ajedrezeuropa\/wp-json\/wp\/v2\/posts\/2506\/revisions\/2510"}],"wp:featuredmedia":[{"embeddable":true,"href":"https:\/\/www.bfv.cloud\/ajedrezeuropa\/wp-json\/wp\/v2\/media\/2507"}],"wp:attachment":[{"href":"https:\/\/www.bfv.cloud\/ajedrezeuropa\/wp-json\/wp\/v2\/media?parent=2506"}],"wp:term":[{"taxonomy":"category","embeddable":true,"href":"https:\/\/www.bfv.cloud\/ajedrezeuropa\/wp-json\/wp\/v2\/categories?post=2506"},{"taxonomy":"post_tag","embeddable":true,"href":"https:\/\/www.bfv.cloud\/ajedrezeuropa\/wp-json\/wp\/v2\/tags?post=2506"}],"curies":[{"name":"wp","href":"https:\/\/api.w.org\/{rel}","templated":true}]}}