{"id":2511,"date":"2017-09-16T08:31:00","date_gmt":"2017-09-16T08:31:00","guid":{"rendered":"https:\/\/www.bfv.cloud\/ajedrezeuropa\/index.php\/2017\/09\/16\/el-sabado-23-de-septiembre-comienzan-las-escuelas-de-ajedrez-en-alcazar-y-villafranca\/"},"modified":"2025-11-20T10:47:55","modified_gmt":"2025-11-20T10:47:55","slug":"el-sabado-23-de-septiembre-comienzan-las-escuelas-de-ajedrez-en-alcazar-y-villafranca","status":"publish","type":"post","link":"https:\/\/www.bfv.cloud\/ajedrezeuropa\/el-sabado-23-de-septiembre-comienzan-las-escuelas-de-ajedrez-en-alcazar-y-villafranca\/","title":{"rendered":"EL S\u00c1BADO 23 DE SEPTIEMBRE COMIENZAN LAS ESCUELAS DE AJEDREZ EN ALC\u00c1ZAR Y VILLAFRANCA"},"content":{"rendered":"<div class=\"separator\" style=\"clear: both;text-align: center\">\n<a href=\"https:\/\/www.bfv.cloud\/ajedrezeuropa\/wp-content\/uploads\/2017\/09\/COMIENZOCLASES2017-2018.jpg\" style=\"clear: right;float: right;margin-bottom: 1em;margin-left: 1em\"><img fetchpriority=\"high\" decoding=\"async\" border=\"0\" data-original-height=\"1600\" data-original-width=\"1136\" height=\"640\" src=\"https:\/\/blogger.googleusercontent.com\/img\/b\/R29vZ2xl\/AVvXsEiS-xi1hvy83pMNAls5gTg-RVQcG_HCJE3Xl6me7Nvx_LUEcnZ_McVvknI9bw05NUpXFBfDMn5ELQQMwnforllyXQPhPRbQ62QOP9RGH0xLBCecAC8MsJbqjaYDsiKTVH_hBWZgbun4Tg4\/s640\/COMIENZO+CLASES+2017-2018.jpg\" width=\"454\" \/><\/a><\/div>\n<p><span style=\"color: #073763;font-family: Verdana, sans-serif;font-size: large\"><b>Las escuelas municipales de ajedrez de Alc\u00e1zar y Villafranca comienzan la temporada 2017\/2018 el pr\u00f3ximo s\u00e1bado 23 de septiembre. Los horarios de los distintos grupos formativos son los mismos a a\u00f1os anteriores. En Alc\u00e1zar de San Juan los grupos de iniciaci\u00f3n empiezan a las 10,30 de la ma\u00f1ana y finalizan a las 12 del mediod\u00eda; el horario del grupo de perfeccionamiento va desde las 12 hasta las 13,30 de la tarde. Las clases en Villafranca de los Caballeros siguen siendo por la tarde: grupo de iniciaci\u00f3n, de 16,30 a 18 horas; grupo de perfeccionamiento, de 18 a 20 horas. Al igual que en temporadas anteriores l@s alumn@s pueden asistir indistintamente a cualquiera de las 2 escuelas. La franja de edad para el alumnado va desde los 5 a\u00f1os, nacid@s en 2012\/2013, hasta los 18 a\u00f1os, nacid@s en el a\u00f1o 2000.<\/b><\/span><br \/>\n<span style=\"color: #073763;font-family: Verdana, sans-serif;font-size: large\"><b>Para este s\u00e1bado 23 de septiembre se han convocado reuniones informativas para las familias tanto en Alc\u00e1zar como en Villafranca en los siguientes horarios:<\/b><\/span><br \/>\n<span style=\"color: #073763;font-family: Verdana, sans-serif;font-size: large\"><b>&#8211; Reuni\u00f3n informativa en Alc\u00e1zar, a las 13,30h.<\/b><\/span><br \/>\n<span style=\"color: #073763;font-family: Verdana, sans-serif;font-size: large\"><b>&#8211; Reuni\u00f3n informativa en Villafranca, a las 20h.<\/b><\/span><br \/>\n<span style=\"color: #073763;font-family: Verdana, sans-serif;font-size: large\"><b>\u00a1Os esperamos!<\/b><\/span><\/p>\n","protected":false},"excerpt":{"rendered":"<p>Las escuelas municipales de ajedrez de Alc\u00e1zar y Villafranca comienzan la temporada 2017\/2018 el pr\u00f3ximo s\u00e1bado 23 de septiembre. Los horarios de los distintos grupos formativos son los mismos a a\u00f1os anteriores. En Alc\u00e1zar de San Juan los grupos de iniciaci\u00f3n empiezan a las 10,30 de la ma\u00f1ana y finalizan a las 12 del mediod\u00eda; [&hellip;]<\/p>\n","protected":false},"author":1,"featured_media":2512,"comment_status":"open","ping_status":"closed","sticky":false,"template":"","format":"standard","meta":{"footnotes":""},"categories":[1],"tags":[],"class_list":["post-2511","post","type-post","status-publish","format-standard","has-post-thumbnail","hentry","category-noticias"],"_links":{"self":[{"href":"https:\/\/www.bfv.cloud\/ajedrezeuropa\/wp-json\/wp\/v2\/posts\/2511","targetHints":{"allow":["GET"]}}],"collection":[{"href":"https:\/\/www.bfv.cloud\/ajedrezeuropa\/wp-json\/wp\/v2\/posts"}],"about":[{"href":"https:\/\/www.bfv.cloud\/ajedrezeuropa\/wp-json\/wp\/v2\/types\/post"}],"author":[{"embeddable":true,"href":"https:\/\/www.bfv.cloud\/ajedrezeuropa\/wp-json\/wp\/v2\/users\/1"}],"replies":[{"embeddable":true,"href":"https:\/\/www.bfv.cloud\/ajedrezeuropa\/wp-json\/wp\/v2\/comments?post=2511"}],"version-history":[{"count":1,"href":"https:\/\/www.bfv.cloud\/ajedrezeuropa\/wp-json\/wp\/v2\/posts\/2511\/revisions"}],"predecessor-version":[{"id":2513,"href":"https:\/\/www.bfv.cloud\/ajedrezeuropa\/wp-json\/wp\/v2\/posts\/2511\/revisions\/2513"}],"wp:featuredmedia":[{"embeddable":true,"href":"https:\/\/www.bfv.cloud\/ajedrezeuropa\/wp-json\/wp\/v2\/media\/2512"}],"wp:attachment":[{"href":"https:\/\/www.bfv.cloud\/ajedrezeuropa\/wp-json\/wp\/v2\/media?parent=2511"}],"wp:term":[{"taxonomy":"category","embeddable":true,"href":"https:\/\/www.bfv.cloud\/ajedrezeuropa\/wp-json\/wp\/v2\/categories?post=2511"},{"taxonomy":"post_tag","embeddable":true,"href":"https:\/\/www.bfv.cloud\/ajedrezeuropa\/wp-json\/wp\/v2\/tags?post=2511"}],"curies":[{"name":"wp","href":"https:\/\/api.w.org\/{rel}","templated":true}]}}