{"id":2514,"date":"2016-03-10T23:16:00","date_gmt":"2016-03-10T23:16:00","guid":{"rendered":"https:\/\/www.bfv.cloud\/ajedrezeuropa\/index.php\/2016\/03\/10\/nuestro-ajedrez-en-el-campeonato-regional-por-edades\/"},"modified":"2025-11-20T10:47:57","modified_gmt":"2025-11-20T10:47:57","slug":"nuestro-ajedrez-en-el-campeonato-regional-por-edades","status":"publish","type":"post","link":"https:\/\/www.bfv.cloud\/ajedrezeuropa\/nuestro-ajedrez-en-el-campeonato-regional-por-edades\/","title":{"rendered":"NUESTRO AJEDREZ EN EL CAMPEONATO REGIONAL POR EDADES"},"content":{"rendered":"<div class=\"separator\" style=\"clear: both;text-align: center\">\n<a href=\"https:\/\/www.bfv.cloud\/ajedrezeuropa\/wp-content\/uploads\/2016\/03\/CartelRegionalporedades2016.jpg\" style=\"margin-left: 1em;margin-right: 1em\"><img fetchpriority=\"high\" decoding=\"async\" border=\"0\" height=\"640\" src=\"https:\/\/blogger.googleusercontent.com\/img\/b\/R29vZ2xl\/AVvXsEiwXBTgsybDR0GbfwRsAeExq0ZAgOLNMHHMzRk9QAM96fCavaYO4bRGvGfeigueJbh-C6GzTcbqtglNZ9zs_KgPuO0WKNqJFbPasjI1Yw7oMWYABM-chXupUgMpKytY7dk84419Yz9sb3Y\/s640\/Cartel+Regional+por+edades+2016.jpg\" width=\"457\" \/><\/a><\/div>\n<div style=\"margin-bottom: .0001pt;margin: 0cm;text-align: justify\">\n<span style=\"font-family: Arial, sans-serif;font-size: 14pt\">Como hemos se\u00f1alado, del 18 al 21 de marzo se disputar\u00e1 en el<br \/>\nhotel Beatriz de Albacete el Campeonato de Castilla-La Mancha por Edades.<br \/>\nCuando a\u00fan faltan 3 d\u00edas para finalizar el periodo de inscripci\u00f3n, los clubes<b><br \/>\n<\/b><\/span><b><span style=\"color: blue;font-size: 14.0pt\">NUESTRO AJEDREZ EN EUROPA<\/span><\/b><b><span style=\"font-family: Arial, sans-serif;font-size: 14pt\"> y <\/span><\/b><b><span style=\"color: blue;font-size: 14.0pt\">NUESTRO AJEDREZ POR LA<br \/>\nIGUALDAD<\/span><\/b><span style=\"font-family: Arial, sans-serif;font-size: 14pt\">, han formalizado la<br \/>\nparticipaci\u00f3n de 20 jugadores entre las distintas categor\u00edas. Con este n\u00famero<br \/>\nde participantes, similar al de las temporadas anteriores, se repetir\u00e1 una de<br \/>\nlas expediciones m\u00e1s numerosas de toda la regi\u00f3n.<\/span><\/div>\n<div style=\"margin-bottom: .0001pt;margin: 0cm;text-align: justify\">\n<\/div>\n<div style=\"margin-bottom: .0001pt;margin: 0cm;text-align: justify\">\n<u><span style=\"font-family: Arial, sans-serif;font-size: 14pt\">Ajedrecistas experimentados y noveles desde el Juvenil al Sub-10<\/span><\/u><\/div>\n<div style=\"margin-bottom: .0001pt;margin: 0cm;text-align: justify\">\n<\/div>\n<div style=\"margin-bottom: .0001pt;margin: 0cm;text-align: justify\">\n<span style=\"font-family: Arial, sans-serif;font-size: 14pt\">La presencia del proyecto se reparte, casi a parte iguales, entre<br \/>\nAlc\u00e1zar y Villafranca, al igual que entre los dos clubes que lo componen.<br \/>\nEnumerados por categor\u00edas, estos son los inscritos hasta hoy:<\/span><\/div>\n<div style=\"margin-bottom: .0001pt;margin: 0cm;text-align: justify\">\n<u><span style=\"color: maroon;font-size: 14.0pt\">Sub-18:<\/span><\/u><span style=\"color: maroon;font-size: 14.0pt\"> <\/span><b><span style=\"color: blue;font-size: 14.0pt\">Javier Valdepe\u00f1as Octavio <\/span><\/b><b><span style=\"font-size: 14.0pt\">(campe\u00f3n de<br \/>\nCiudad Real)<span style=\"color: blue\"> y Silvia Toribio&nbsp; Camu\u00f1as <\/span>(campeona de Toledo). <\/span><\/b><span style=\"color: maroon;font-size: 14.0pt\">(Inscripciones totales: 15)<b><\/b><\/span><\/div>\n<div style=\"margin-bottom: .0001pt;margin: 0cm;text-align: justify\">\n<u><span style=\"color: maroon;font-size: 14.0pt\">Sub-16:<\/span><\/u><span style=\"color: maroon;font-size: 14.0pt\">&nbsp; <\/span><b><span style=\"color: blue;font-size: 14.0pt\">Roberto<br \/>\nL\u00f3pez N\u00fa\u00f1ez <\/span><\/b><b><span style=\"font-size: 14.0pt\">(campe\u00f3n de Toledo),<span style=\"color: blue\"> Irene Sim\u00f3n Escalona <\/span>(campeona de Toledo) <span style=\"color: blue\">y Julio M\u00e9rida ortiz.<\/span> <\/span><\/b><span style=\"color: maroon;font-size: 14.0pt\">(Inscripciones totales: 15)<b><\/b><\/span><\/div>\n<div style=\"margin-bottom: .0001pt;margin: 0cm;text-align: justify\">\n<u><span style=\"color: maroon;font-size: 14.0pt\">Sub-14:<\/span><\/u><span style=\"color: maroon;font-size: 14.0pt\"> <\/span><b><span style=\"color: blue;font-size: 14.0pt\">Alfredo Amador And\u00fajar <\/span><\/b><b><span style=\"font-size: 14.0pt\">(subcampe\u00f3n de<br \/>\nToledo), <span style=\"color: blue\">Arturo Mate Mart\u00edn <\/span>(subcampe\u00f3n de<br \/>\nCiudad Real), <span style=\"color: blue\">Enrique<br \/>\nVelasco Aragon\u00e9s, Julia Meza Osorio <\/span>(campeona de Toledo), <span style=\"color: blue\">Isabel Marcos-Alberca Lizcano <\/span>(campeona de Ciudad<br \/>\nReal), <span style=\"color: blue\">Mar\u00eda Oliver<br \/>\nRopero <\/span>(subcampeona de Toledo), <span style=\"color: blue\">Clara Vela<br \/>\nAdri\u00e1n y Pablo Vela Adri\u00e1n. <\/span><\/span><\/b><span style=\"color: maroon;font-size: 14.0pt\">(Inscripciones<br \/>\ntotales: 28)<b><\/b><\/span><\/div>\n<div style=\"margin-bottom: .0001pt;margin: 0cm;text-align: justify\">\n<u><span style=\"color: maroon;font-size: 14.0pt\">Sub-12:<\/span><\/u><span style=\"color: maroon;font-size: 14.0pt\"> <\/span><b><span style=\"color: blue;font-size: 14.0pt\">Nuria Lozano Serrano <\/span><\/b><b><span style=\"font-size: 14.0pt\">(subcampeona de<br \/>\nCiudad Real), <span style=\"color: blue\">Rafael Carrasco Bl\u00e1zquez, Daniel Climent<br \/>\nCastillo. <\/span><\/span><\/b><span style=\"color: maroon;font-size: 14.0pt\">(Inscripciones totales:<br \/>\n24)<b><\/b><\/span><\/div>\n<div style=\"margin-bottom: .0001pt;margin: 0cm;text-align: justify\">\n<u><span style=\"color: maroon;font-size: 14.0pt\">Sub-10:<\/span><\/u><span style=\"color: maroon;font-size: 14.0pt\"> <\/span><b><span style=\"color: blue;font-size: 14.0pt\">Alonso L\u00f3pez N\u00fa\u00f1ez <\/span><\/b><b><span style=\"font-size: 14.0pt\">(campe\u00f3n de<br \/>\nToledo), <span style=\"color: blue\">\u00c1lvaro Alberca Ortu\u00f1o, Gabriel Amador And\u00fajar<br \/>\ny \u00c1ngel Carrasco Bl\u00e1zquez. <\/span><\/span><\/b><span style=\"color: maroon;font-size: 14.0pt\">(Inscripciones<br \/>\ntotales: 19)<b><\/b><\/span><\/div>\n<div style=\"margin-bottom: .0001pt;margin: 0cm;text-align: justify\">\n<span style=\"color: maroon;font-size: 14.0pt\">En esta ocasi\u00f3n, la categor\u00eda <u>sub-8,<\/u> no contar\u00e1 con ning\u00fan<br \/>\njugador de las escuelas de Alc\u00e1zar y Villafranca, siendo el n\u00famero de inscritos<br \/>\nde tan solo 8.<\/span><\/div>\n<div style=\"margin-bottom: .0001pt;margin: 0cm;text-align: justify\">\n<\/div>\n<div style=\"margin-bottom: .0001pt;margin: 0cm;text-align: justify\">\n<u><span style=\"font-family: Arial, sans-serif;font-size: 14pt\">13 chicos y 7 chicas entre nuestros jugadores<\/span><\/u><\/div>\n<div style=\"margin-bottom: .0001pt;margin: 0cm;text-align: justify\">\n<\/div>\n<div style=\"margin-bottom: .0001pt;margin: 0cm;text-align: justify\">\n<span style=\"font-size: 14.0pt\">Muy<br \/>\nsignificativo es el dato referente al n\u00famero de participantes masculinos y<br \/>\nfemeninos. Este auton\u00f3mico presenta 26 chicas entre las distintas categor\u00edas y<br \/>\n7 de ellas pertenecen a \u201cNuestro Ajedrez\u201d, una cantidad m\u00e1s que notable. Los otros<br \/>\n13 chicos de Alc\u00e1zar y Villafranca, de un total de 85 aproximadamente,<br \/>\ncompetir\u00e1n junto a sus compa\u00f1eras por conseguir mejorar y alcanzar puestos<br \/>\ndestacados en cada una de sus categor\u00edas.<\/span><\/div>\n<p><\/p>\n<div style=\"margin-bottom: .0001pt;margin: 0cm;text-align: justify\">\n<span style=\"font-size: 14.0pt\">\u00a1\u00a1Enhorabuena<br \/>\na todos por participar!!<\/span><\/div>\n","protected":false},"excerpt":{"rendered":"<p>Como hemos se\u00f1alado, del 18 al 21 de marzo se disputar\u00e1 en el hotel Beatriz de Albacete el Campeonato de Castilla-La Mancha por Edades. Cuando a\u00fan faltan 3 d\u00edas para finalizar el periodo de inscripci\u00f3n, los clubes NUESTRO AJEDREZ EN EUROPA y NUESTRO AJEDREZ POR LA IGUALDAD, han formalizado la participaci\u00f3n de 20 jugadores entre [&hellip;]<\/p>\n","protected":false},"author":1,"featured_media":2515,"comment_status":"open","ping_status":"closed","sticky":false,"template":"","format":"standard","meta":{"footnotes":""},"categories":[1],"tags":[],"class_list":["post-2514","post","type-post","status-publish","format-standard","has-post-thumbnail","hentry","category-noticias"],"_links":{"self":[{"href":"https:\/\/www.bfv.cloud\/ajedrezeuropa\/wp-json\/wp\/v2\/posts\/2514","targetHints":{"allow":["GET"]}}],"collection":[{"href":"https:\/\/www.bfv.cloud\/ajedrezeuropa\/wp-json\/wp\/v2\/posts"}],"about":[{"href":"https:\/\/www.bfv.cloud\/ajedrezeuropa\/wp-json\/wp\/v2\/types\/post"}],"author":[{"embeddable":true,"href":"https:\/\/www.bfv.cloud\/ajedrezeuropa\/wp-json\/wp\/v2\/users\/1"}],"replies":[{"embeddable":true,"href":"https:\/\/www.bfv.cloud\/ajedrezeuropa\/wp-json\/wp\/v2\/comments?post=2514"}],"version-history":[{"count":1,"href":"https:\/\/www.bfv.cloud\/ajedrezeuropa\/wp-json\/wp\/v2\/posts\/2514\/revisions"}],"predecessor-version":[{"id":2516,"href":"https:\/\/www.bfv.cloud\/ajedrezeuropa\/wp-json\/wp\/v2\/posts\/2514\/revisions\/2516"}],"wp:featuredmedia":[{"embeddable":true,"href":"https:\/\/www.bfv.cloud\/ajedrezeuropa\/wp-json\/wp\/v2\/media\/2515"}],"wp:attachment":[{"href":"https:\/\/www.bfv.cloud\/ajedrezeuropa\/wp-json\/wp\/v2\/media?parent=2514"}],"wp:term":[{"taxonomy":"category","embeddable":true,"href":"https:\/\/www.bfv.cloud\/ajedrezeuropa\/wp-json\/wp\/v2\/categories?post=2514"},{"taxonomy":"post_tag","embeddable":true,"href":"https:\/\/www.bfv.cloud\/ajedrezeuropa\/wp-json\/wp\/v2\/tags?post=2514"}],"curies":[{"name":"wp","href":"https:\/\/api.w.org\/{rel}","templated":true}]}}