{"id":2517,"date":"2016-08-15T11:08:00","date_gmt":"2016-08-15T11:08:00","guid":{"rendered":"https:\/\/www.bfv.cloud\/ajedrezeuropa\/index.php\/2016\/08\/15\/abierto-el-plazo-de-inscripcion-para-el-xiv-torneo-de-feria-de-alcazar-de-san-juan\/"},"modified":"2025-11-20T10:47:59","modified_gmt":"2025-11-20T10:47:59","slug":"abierto-el-plazo-de-inscripcion-para-el-xiv-torneo-de-feria-de-alcazar-de-san-juan","status":"publish","type":"post","link":"https:\/\/www.bfv.cloud\/ajedrezeuropa\/abierto-el-plazo-de-inscripcion-para-el-xiv-torneo-de-feria-de-alcazar-de-san-juan\/","title":{"rendered":"ABIERTO EL PLAZO DE INSCRIPCI\u00d3N PARA EL XIV TORNEO DE FERIA DE ALC\u00c1ZAR DE SAN JUAN"},"content":{"rendered":"<div class=\"separator\" style=\"clear: both;text-align: center\">\n<\/div>\n<div class=\"separator\" style=\"clear: both;text-align: center\">\n<a href=\"https:\/\/www.bfv.cloud\/ajedrezeuropa\/wp-content\/uploads\/2016\/08\/carteltorneodealc25C325A1zar2016.jpg\" style=\"clear: left;float: left;margin-bottom: 1em;margin-right: 1em\"><img fetchpriority=\"high\" decoding=\"async\" border=\"0\" height=\"640\" src=\"https:\/\/blogger.googleusercontent.com\/img\/b\/R29vZ2xl\/AVvXsEjeUQCRcSCM6PPghpGDNx5E_xVIc_MlEnHIXD1LEqYWTHXhfoBQQPV_J3t0zkpF5T3E44vMQ_72PHzagrFU8K6MRfbrUvIH6YTlxG_YyxKbWjGOKC_kpzUFvarTnO92kd3FXfrfqyYUbJU\/s640\/cartel+torneo+de+alc%25C3%25A1zar+2016.jpg\" width=\"452\" \/><\/a><\/div>\n<p><span style=\"color: blue;, sans-serif\"><b>El s\u00e1bado 27 de agosto se celebrar\u00e1 la XIV edici\u00f3n del Torneo de Feria de Alc\u00e1zar en el Centro C\u00edvico de la Plaza de Espa\u00f1a. Los premios (1.500 \u20ac en total) y los ritmos de juego son id\u00e9nticos a los del a\u00f1o pasado, aunque se incorporan dos importantes novedades a tener en cuenta.<\/b><\/span><br \/>\n<span style=\"color: blue;, sans-serif\"><b><br \/><\/b><\/span><br \/>\n<\/p>\n<h3>\n<span style=\"color: blue;, sans-serif\"><b><u>I TORNEO ABSOLUTO<\/u><\/b><\/span><\/h3>\n<p><span style=\"color: blue;, sans-serif\"><b>El torneo para mayores de 16 a\u00f1os pasa a ser abierto para jugadores y jugadoras de cualquier edad, permitiendo as\u00ed la participaci\u00f3n de cualquier club con al menos 3 ajedrecistas nacidos antes del 31 de diciembre de 1999. Las condiciones de inscripci\u00f3n est\u00e1n se\u00f1aladas en el cartel y m\u00e1s detalladamente en los enlaces a las bases que se proporcionan.<\/b><\/span><br \/>\n<span style=\"color: blue;, sans-serif\"><b><br \/><\/b><\/span><br \/>\n<\/p>\n<h3>\n<span style=\"color: blue;, sans-serif\"><u>ELIMINACI\u00d3N DEL N\u00daMERO M\u00c1XIMO DE CLUBES POR PROVINCIA<\/u><\/span><\/h3>\n<p><span style=\"color: blue;, sans-serif\"><b>La otra novedad importante es la eliminaci\u00f3n de la condici\u00f3n de dos clubes por provincia. Con la obligatoria adaptaci\u00f3n a la nueva Ley del Deporte de Castilla-La Mancha por parte de los clubes deportivos de la regi\u00f3n, la realidad de los equipos de ajedrez de Castilla-La Mancha queda bastante aclarada, despu\u00e9s de la desaparici\u00f3n de algunos clubes \u00abfantasma\u00bb. De esta forma, queremos dar cabida en nuestro torneo a los ajedrecistas de cualquier club que quieran competir dentro de un formato de juego tan diferente como el del IX FESTIVAL DE NUESTRO AJEDREZ EN EUROPA.<\/b><\/span><\/p>\n<div style=\"text-align: center\">\n<span style=\"color: blue;, sans-serif\"><b>\u00a1\u00a1OS ESPERAMOS!!<\/b><\/span><\/div>\n<p><span style=\"color: blue;, sans-serif\"><b><br \/><\/b><\/span><br \/>\n<span style=\"color: blue;, sans-serif\"><b>En los siguientes enlaces con las bases de los torneos se pueden consultar todos los datos:<\/b><\/span><br \/>\n<span style=\"color: blue;, sans-serif\"><b>&nbsp; &nbsp; &nbsp; &nbsp; &nbsp; &nbsp; &nbsp; &nbsp; &nbsp; &nbsp; &nbsp; &nbsp; &nbsp; &nbsp; &nbsp; &nbsp; &nbsp; &nbsp; &nbsp; &nbsp; &nbsp; &nbsp; &nbsp;&nbsp;<\/b><\/span><br \/>\n<span style=\"color: blue;, sans-serif\"><b>&nbsp; &nbsp; &nbsp; &nbsp; &nbsp; &nbsp; &nbsp; &nbsp; &nbsp; &nbsp; &nbsp; &nbsp; &nbsp; &nbsp; &nbsp; &nbsp; &nbsp; &nbsp; &nbsp; &nbsp; &nbsp; &nbsp; &nbsp; &nbsp; &nbsp; &nbsp;<\/b><\/span><b style=\"color: blue;font-family: 'helvetica neue', arial, helvetica, sans-serif\"><a href=\"https:\/\/docs.google.com\/document\/d\/1mlwzCiCEgO4j18oTU1b2uQzHQBYu5ljz-fncujUj-gY\/edit?usp=sharing\">BASES TORNEO SUB 16<\/a><\/b><b style=\"color: blue;font-family: 'helvetica neue', arial, helvetica, sans-serif\">&nbsp; &nbsp;<\/b><br \/>\n<b style=\"color: blue;font-family: 'helvetica neue', arial, helvetica, sans-serif\"><br \/><\/b><br \/>\n<b style=\"color: blue;font-family: 'helvetica neue', arial, helvetica, sans-serif\">&nbsp; &nbsp; &nbsp; &nbsp; &nbsp; &nbsp; &nbsp; &nbsp; &nbsp; &nbsp; &nbsp; &nbsp; &nbsp; &nbsp; &nbsp; &nbsp; &nbsp; &nbsp; &nbsp; &nbsp; &nbsp; &nbsp; &nbsp; &nbsp; &nbsp;&nbsp;<\/b><b style=\"color: blue;font-family: 'helvetica neue', arial, helvetica, sans-serif\"><a href=\"https:\/\/docs.google.com\/document\/d\/1zoyNzxyj4DvB_iL798TgDIDMBvCAXDBqXScCZjlg0p4\/edit?usp=sharing\">BASES TORNEO ABSOLUTO<\/a><\/b><\/p>\n","protected":false},"excerpt":{"rendered":"<p>El s\u00e1bado 27 de agosto se celebrar\u00e1 la XIV edici\u00f3n del Torneo de Feria de Alc\u00e1zar en el Centro C\u00edvico de la Plaza de Espa\u00f1a. Los premios (1.500 \u20ac en total) y los ritmos de juego son id\u00e9nticos a los del a\u00f1o pasado, aunque se incorporan dos importantes novedades a tener en cuenta. I TORNEO [&hellip;]<\/p>\n","protected":false},"author":1,"featured_media":2518,"comment_status":"open","ping_status":"closed","sticky":false,"template":"","format":"standard","meta":{"footnotes":""},"categories":[1],"tags":[],"class_list":["post-2517","post","type-post","status-publish","format-standard","has-post-thumbnail","hentry","category-noticias"],"_links":{"self":[{"href":"https:\/\/www.bfv.cloud\/ajedrezeuropa\/wp-json\/wp\/v2\/posts\/2517","targetHints":{"allow":["GET"]}}],"collection":[{"href":"https:\/\/www.bfv.cloud\/ajedrezeuropa\/wp-json\/wp\/v2\/posts"}],"about":[{"href":"https:\/\/www.bfv.cloud\/ajedrezeuropa\/wp-json\/wp\/v2\/types\/post"}],"author":[{"embeddable":true,"href":"https:\/\/www.bfv.cloud\/ajedrezeuropa\/wp-json\/wp\/v2\/users\/1"}],"replies":[{"embeddable":true,"href":"https:\/\/www.bfv.cloud\/ajedrezeuropa\/wp-json\/wp\/v2\/comments?post=2517"}],"version-history":[{"count":1,"href":"https:\/\/www.bfv.cloud\/ajedrezeuropa\/wp-json\/wp\/v2\/posts\/2517\/revisions"}],"predecessor-version":[{"id":2519,"href":"https:\/\/www.bfv.cloud\/ajedrezeuropa\/wp-json\/wp\/v2\/posts\/2517\/revisions\/2519"}],"wp:featuredmedia":[{"embeddable":true,"href":"https:\/\/www.bfv.cloud\/ajedrezeuropa\/wp-json\/wp\/v2\/media\/2518"}],"wp:attachment":[{"href":"https:\/\/www.bfv.cloud\/ajedrezeuropa\/wp-json\/wp\/v2\/media?parent=2517"}],"wp:term":[{"taxonomy":"category","embeddable":true,"href":"https:\/\/www.bfv.cloud\/ajedrezeuropa\/wp-json\/wp\/v2\/categories?post=2517"},{"taxonomy":"post_tag","embeddable":true,"href":"https:\/\/www.bfv.cloud\/ajedrezeuropa\/wp-json\/wp\/v2\/tags?post=2517"}],"curies":[{"name":"wp","href":"https:\/\/api.w.org\/{rel}","templated":true}]}}