{"id":2520,"date":"2012-01-12T01:47:00","date_gmt":"2012-01-12T01:47:00","guid":{"rendered":"https:\/\/www.bfv.cloud\/ajedrezeuropa\/index.php\/2012\/01\/12\/fechas-y-horarios-para-los-escolares-del-fin-de-semana\/"},"modified":"2025-11-20T10:48:00","modified_gmt":"2025-11-20T10:48:00","slug":"fechas-y-horarios-para-los-escolares-del-fin-de-semana","status":"publish","type":"post","link":"https:\/\/www.bfv.cloud\/ajedrezeuropa\/fechas-y-horarios-para-los-escolares-del-fin-de-semana\/","title":{"rendered":"FECHAS Y HORARIOS PARA LOS ESCOLARES DEL FIN DE SEMANA"},"content":{"rendered":"<p><strong><span style=\", sans-serif\">Una vez confirmados y cerrados los horarios y rutas de los autobuses que nos trasladaran este fin se semana a los campeonatos del Deporte en Edad Escolar, os&nbsp;publicamos la informaci\u00f3n:<\/span><\/strong><\/p>\n<div align=\"center\"><u><strong><span style=\"font-family: Trebuchet MS\">Escolar de Toledo, s\u00e1bado 14 de enero<\/span><\/strong>\ufeff.<\/u><\/div>\n<div align=\"center\"><strong><span style=\", sans-serif\">Lugar de celebraci\u00f3n: casa de la cultura de Mocej\u00f3n.<\/span><\/strong><\/div>\n<div align=\"center\"><strong><span style=\"font-family: Trebuchet MS\">Salida prevista del autob\u00fas desde Villafranca: 8,10 de la ma\u00f1ana desde la Plaza de Espa\u00f1a.<\/span><\/strong><\/div>\n<div align=\"center\"><strong><span style=\"font-family: Trebuchet MS\">(Se jugar\u00e1 una s\u00f3la ronda en categor\u00eda cadete e infantil)<\/span><\/strong><br \/>\n<strong><span style=\"font-family: Trebuchet MS\">Para m\u00e1s informaci\u00f3n pod\u00e9is pinchar sobre estos enlaces:<\/span><\/strong><\/p>\n<p><a href=\"http:\/\/chess-results.com\/tnr63816.aspx?lan=2\">Escolar Cadete Toledo 2012<\/a><br \/>\n<a href=\"http:\/\/chess-results.com\/tnr63850.aspx?lan=2\">Escolar Infantil Toledo 2012<\/a><\/div>\n<div align=\"center\">\n<\/div>\n<div align=\"center\"><strong><u><span style=\"font-family: Trebuchet MS\">Escolar de Ciudad Real, domingo 15 de enero.<\/span><\/u><\/strong><\/div>\n<div align=\"center\"><strong><span style=\"font-family: Trebuchet MS\">Lugar de celebraci\u00f3n: Miguelturra.<\/span><\/strong><\/div>\n<div align=\"center\"><strong><span style=\"font-family: Trebuchet MS\">Salida prevista del autob\u00fas desde Alc\u00e1zar; 8,30 de la ma\u00f1ana desde la m\u00e1quina del tren del parque Alces.<\/span><\/strong><\/div>\n<div align=\"center\"><strong><span style=\"font-family: Trebuchet MS\">(Se prev\u00e9 la celebraci\u00f3n de 2 rondas)<\/span><\/strong><br \/>\n<strong><span style=\"font-family: Trebuchet MS\">Enlaces del Escolar de Ciudad Real:<\/span><\/strong><\/p>\n<p><a href=\"http:\/\/chess-results.com\/tnr63314.aspx?lan=2\">Escolar Cadete Ciudad Real 2012<\/a><br \/>\n<a href=\"http:\/\/chess-results.com\/tnr63312.aspx?art=0&amp;lan=2\">Escolar Infantil Ciudad Real 2012<\/a>\n<\/div>\n<div style=\"text-align: left\"><strong><u><span style=\", sans-serif\">El s\u00e1bado 14 de enero se mantienen los horarios habituales de clases tanto por la ma\u00f1ana en Alc\u00e1zar como por la tarde en Villafranca.<\/span><\/u><\/strong><\/div>\n<div align=\"left\"><strong><span style=\"font-family: Trebuchet MS\">Si necesit\u00e1is alguna aclaraci\u00f3n o informaci\u00f3n adicional enviadme un correo.<\/span><\/strong>\ufeff<\/div>\n<div align=\"center\">\n<\/div>\n","protected":false},"excerpt":{"rendered":"<p>Una vez confirmados y cerrados los horarios y rutas de los autobuses que nos trasladaran este fin se semana a los campeonatos del Deporte en Edad Escolar, os&nbsp;publicamos la informaci\u00f3n: Escolar de Toledo, s\u00e1bado 14 de enero\ufeff. Lugar de celebraci\u00f3n: casa de la cultura de Mocej\u00f3n. Salida prevista del autob\u00fas desde Villafranca: 8,10 de la [&hellip;]<\/p>\n","protected":false},"author":1,"featured_media":0,"comment_status":"open","ping_status":"closed","sticky":false,"template":"","format":"standard","meta":{"footnotes":""},"categories":[1],"tags":[],"class_list":["post-2520","post","type-post","status-publish","format-standard","hentry","category-noticias"],"_links":{"self":[{"href":"https:\/\/www.bfv.cloud\/ajedrezeuropa\/wp-json\/wp\/v2\/posts\/2520","targetHints":{"allow":["GET"]}}],"collection":[{"href":"https:\/\/www.bfv.cloud\/ajedrezeuropa\/wp-json\/wp\/v2\/posts"}],"about":[{"href":"https:\/\/www.bfv.cloud\/ajedrezeuropa\/wp-json\/wp\/v2\/types\/post"}],"author":[{"embeddable":true,"href":"https:\/\/www.bfv.cloud\/ajedrezeuropa\/wp-json\/wp\/v2\/users\/1"}],"replies":[{"embeddable":true,"href":"https:\/\/www.bfv.cloud\/ajedrezeuropa\/wp-json\/wp\/v2\/comments?post=2520"}],"version-history":[{"count":1,"href":"https:\/\/www.bfv.cloud\/ajedrezeuropa\/wp-json\/wp\/v2\/posts\/2520\/revisions"}],"predecessor-version":[{"id":2521,"href":"https:\/\/www.bfv.cloud\/ajedrezeuropa\/wp-json\/wp\/v2\/posts\/2520\/revisions\/2521"}],"wp:attachment":[{"href":"https:\/\/www.bfv.cloud\/ajedrezeuropa\/wp-json\/wp\/v2\/media?parent=2520"}],"wp:term":[{"taxonomy":"category","embeddable":true,"href":"https:\/\/www.bfv.cloud\/ajedrezeuropa\/wp-json\/wp\/v2\/categories?post=2520"},{"taxonomy":"post_tag","embeddable":true,"href":"https:\/\/www.bfv.cloud\/ajedrezeuropa\/wp-json\/wp\/v2\/tags?post=2520"}],"curies":[{"name":"wp","href":"https:\/\/api.w.org\/{rel}","templated":true}]}}