{"id":2522,"date":"2010-01-03T00:22:00","date_gmt":"2010-01-03T00:22:00","guid":{"rendered":"https:\/\/www.bfv.cloud\/ajedrezeuropa\/index.php\/2010\/01\/03\/ii-concentracion-de-navidad-nuestro-ajedrez-en-europa\/"},"modified":"2025-11-20T10:48:00","modified_gmt":"2025-11-20T10:48:00","slug":"ii-concentracion-de-navidad-nuestro-ajedrez-en-europa","status":"publish","type":"post","link":"https:\/\/www.bfv.cloud\/ajedrezeuropa\/ii-concentracion-de-navidad-nuestro-ajedrez-en-europa\/","title":{"rendered":"II CONCENTRACI\u00d3N DE NAVIDAD NUESTRO AJEDREZ EN EUROPA"},"content":{"rendered":"<div align=\"left\"><a href=\"https:\/\/blogger.googleusercontent.com\/img\/b\/R29vZ2xl\/AVvXsEiPKgqGLZZewV7Xt1IxKotb99M8EYdNLB7OYauCQDbIagKek-8VFONdcFj7dffv599IO2psbs2fQZtiEXszhmGnNVItQJq6nX-KcNmbHdVIrTjkAo5JNplK3if9glHmmp_EfolrceSMnWY\/s1600-h\/000_0033.jpg\"><span style=\"font-size:130%;color:#000099\"><em><img decoding=\"async\" id=\"BLOGGER_PHOTO_ID_5422303089259642114\" border=\"0\" alt=\"\" src=\"https:\/\/blogger.googleusercontent.com\/img\/b\/R29vZ2xl\/AVvXsEiPKgqGLZZewV7Xt1IxKotb99M8EYdNLB7OYauCQDbIagKek-8VFONdcFj7dffv599IO2psbs2fQZtiEXszhmGnNVItQJq6nX-KcNmbHdVIrTjkAo5JNplK3if9glHmmp_EfolrceSMnWY\/s400\/000_0033.jpg\" \/><\/em><\/span><\/a><span style=\"font-size:130%;color:#000099\"> <span style=\"font-size:100%\">Durante los d\u00edas 26, 27 y 28 de diciembre se ha celebrado, en cuatro aulas de la casa de la cultura de Villafranca, la segunda concentraci\u00f3n de Navidad del proyecto<\/span><\/span><\/div>\n<div align=\"left\"><span style=\"font-size:130%;color:#000099\"><span style=\"font-size:100%\"> \u00abNuestro Ajedrez en Europa\u00bb con la participaci\u00f3n de m\u00e1s de 40 chicos y chicas de las escuelas deportivas municipales de ajedrez de Alc\u00e1zar de San Juan y Villafranca de los Caballeros.Las clases fueron impartidas por el GM Herminio Herr\u00e1iz Hidalgo para el grupo avanzado, la subcampeona de Espa\u00f1a, Ana Isabel Gonz\u00e1lez Berruga, para el grupo de chicas que compiten en campeonatos provinciales, regionales y nacionales, contando en los otros dos grupos con Luis Miguel Monreal Bejarano para el de iniciaci\u00f3n y con F\u00e9lix Toribio en el grupo de perfeccionamiento.<\/span><\/span><\/div>\n","protected":false},"excerpt":{"rendered":"<p>Durante los d\u00edas 26, 27 y 28 de diciembre se ha celebrado, en cuatro aulas de la casa de la cultura de Villafranca, la segunda concentraci\u00f3n de Navidad del proyecto \u00abNuestro Ajedrez en Europa\u00bb con la participaci\u00f3n de m\u00e1s de 40 chicos y chicas de las escuelas deportivas municipales de ajedrez de Alc\u00e1zar de San [&hellip;]<\/p>\n","protected":false},"author":1,"featured_media":0,"comment_status":"open","ping_status":"closed","sticky":false,"template":"","format":"standard","meta":{"footnotes":""},"categories":[1],"tags":[],"class_list":["post-2522","post","type-post","status-publish","format-standard","hentry","category-noticias"],"_links":{"self":[{"href":"https:\/\/www.bfv.cloud\/ajedrezeuropa\/wp-json\/wp\/v2\/posts\/2522","targetHints":{"allow":["GET"]}}],"collection":[{"href":"https:\/\/www.bfv.cloud\/ajedrezeuropa\/wp-json\/wp\/v2\/posts"}],"about":[{"href":"https:\/\/www.bfv.cloud\/ajedrezeuropa\/wp-json\/wp\/v2\/types\/post"}],"author":[{"embeddable":true,"href":"https:\/\/www.bfv.cloud\/ajedrezeuropa\/wp-json\/wp\/v2\/users\/1"}],"replies":[{"embeddable":true,"href":"https:\/\/www.bfv.cloud\/ajedrezeuropa\/wp-json\/wp\/v2\/comments?post=2522"}],"version-history":[{"count":1,"href":"https:\/\/www.bfv.cloud\/ajedrezeuropa\/wp-json\/wp\/v2\/posts\/2522\/revisions"}],"predecessor-version":[{"id":2523,"href":"https:\/\/www.bfv.cloud\/ajedrezeuropa\/wp-json\/wp\/v2\/posts\/2522\/revisions\/2523"}],"wp:attachment":[{"href":"https:\/\/www.bfv.cloud\/ajedrezeuropa\/wp-json\/wp\/v2\/media?parent=2522"}],"wp:term":[{"taxonomy":"category","embeddable":true,"href":"https:\/\/www.bfv.cloud\/ajedrezeuropa\/wp-json\/wp\/v2\/categories?post=2522"},{"taxonomy":"post_tag","embeddable":true,"href":"https:\/\/www.bfv.cloud\/ajedrezeuropa\/wp-json\/wp\/v2\/tags?post=2522"}],"curies":[{"name":"wp","href":"https:\/\/api.w.org\/{rel}","templated":true}]}}