{"id":2524,"date":"2012-10-12T18:32:00","date_gmt":"2012-10-12T18:32:00","guid":{"rendered":"https:\/\/www.bfv.cloud\/ajedrezeuropa\/index.php\/2012\/10\/12\/sobre-los-proximos-objetivos-de-nuestros-clubes\/"},"modified":"2025-11-20T10:48:02","modified_gmt":"2025-11-20T10:48:02","slug":"sobre-los-proximos-objetivos-de-nuestros-clubes","status":"publish","type":"post","link":"https:\/\/www.bfv.cloud\/ajedrezeuropa\/sobre-los-proximos-objetivos-de-nuestros-clubes\/","title":{"rendered":"SOBRE LOS PR\u00d3XIMOS OBJETIVOS DE NUESTROS CLUBES"},"content":{"rendered":"<div class=\"separator\" style=\"clear: both;text-align: center\">\n<a href=\"https:\/\/www.bfv.cloud\/ajedrezeuropa\/wp-content\/uploads\/2012\/10\/ces2012.jpg\" style=\"clear: right;float: right;margin-bottom: 1em;margin-left: 1em\"><img fetchpriority=\"high\" decoding=\"async\" border=\"0\" height=\"400\" src=\"https:\/\/blogger.googleusercontent.com\/img\/b\/R29vZ2xl\/AVvXsEg2a94RM-hkrvCf8iO-q4nHWkJUzaqmsN62qHtDhaUhBwJEKdY3HAHgROeuL-uU6gkCA8ibsdvnN94tx5kUrapD1wDDtZShbXstz5XBtdB0xMuGY6q38B0PQE0o8M_UWZBabcl5k-3XfR8\/s400\/ces2012.jpg\" width=\"218\" \/><\/a><\/div>\n<h3>\nLlegamos al final de la temporada del a\u00f1o&nbsp;2012, quedando tan s\u00f3lo por delante nuestra participaci\u00f3n en el \u00abV CAMPEONATO DE ESPA\u00d1A POR EQUIPOS DE CLUB SUB-16\u00bb que se celebrar\u00e1 en el hotel Bali de Benidorm del 5 al 9 de diciembre. Esta cita deportiva&nbsp;sigue siendo la m\u00e1s importante que nuestro proyecto afronta a lo largo de cada temporada, por eso continuamos prepar\u00e1ndola de una forma especial. En las pr\u00f3ximas semanas, los chicos y chicas integrantes del equipo sub-16 de \u00abNuestro Ajedrez en Europa\u00bb se ver\u00e1n apoyados en su preparaci\u00f3n por el gm Herminio Herr\u00e1iz que tambi\u00e9n les acompa\u00f1ar\u00e1 durante los d\u00edas del campeonato en Benidorm. Esta 5\u00aa edici\u00f3n no podr\u00e1 contar con la participaci\u00f3n del club \u00abNuestro Ajedrez por la Igualdad\u00bb como en las 2 anteriores, razones presupuestarias y criterios deportivos nos aconsejan posponerla hasta 2013. De cualquier manera, los chicos y chicas&nbsp;menores de 14 a\u00f1os que han competido con la \u00abIgualdad\u00bb esta temporada tambi\u00e9n entran en los planes formativos espec\u00edficos de cara al cumplimiento de los objetivos del pr\u00f3ximo a\u00f1o, recibiendo igualmente la preparaci\u00f3n de Herminio.<\/h3>\n<h2 align=\"center\">\n<u><span style=\"color: #0b5394\">EN EL COMIENZO DE LA TEMPORADA 2013<\/span><\/u><\/h2>\n<h4 align=\"left\">\n<span style=\"color: #0b5394\">El pasado fin de semana tuvo lugar la reuni\u00f3n anual de clubes de la provincia de Toledo en la sede de la delegaci\u00f3n provincial. All\u00ed quisimos hacer constar nuestras profundas diferencias con el actual responsable de la delegaci\u00f3n. No vamos a hacer aqu\u00ed una explicaci\u00f3n pormenorizada de lo que manifestamos, aunque muchos de los que durante a\u00f1os est\u00e1is vinculados con el proyecto conoc\u00e9is el proceder sectario y radical que este federativo viene desarrollando contra nuestra escuela de ajedrez de Villafranca y contra nuestros clubes. Una escuela que durante a\u00f1os ha sido y es&nbsp;de las m\u00e1s importantes de Castilla-La Mancha y unos clubes que han mantenido y mantienen un nivel de licencias federativas y de participaci\u00f3n en competiciones oficiales como pocos en toda la regi\u00f3n. Han sido estas actuaciones fan\u00e1ticas las que nos impulsaron a pensar en nuestra participaci\u00f3n en las competiciones federadas de Ciudad Real, pero la actual reglamentaci\u00f3n del ajedrez regional nos lo impide salvo que cambiemos las sedes de los clubes a una poblaci\u00f3n ciudarreale\u00f1a. Como no creemos que dicho cambio sea beneficioso para nuestros clubes, a pesar de todo&nbsp;permaneceremos en los campeonatos de Toledo, empezando por el de Equipos en la categor\u00eda absoluta que comenzar\u00e1 a principios de noviembre. En futuras noticias daremos a conocer la composici\u00f3n de los equipos que nos representar\u00e1n el la 1\u00aa divisi\u00f3n toledana.<\/span><\/h4>\n<h4 align=\"left\">\n<span style=\"color: #0b5394\">Vamos a finalizar esta cr\u00f3nica con una an\u00e9cdota humor\u00edstica: tras la mencionada reuni\u00f3n de clubes, el delegado del ajedrez en Toledo, ha retirado de la p\u00e1gina oficial de la delegaci\u00f3n el enlace con nuestro blog. Este rid\u00edculo comportamiento raya con las rabietas de patio de colegio propias de ni\u00f1os de corta edad y&nbsp;califica&nbsp;a su autor. Nuestro blog es una de las 3 p\u00e1ginas de ajedrez m\u00e1s seguidas en Castilla-La Mancha y se encuentra entre las 10 m\u00e1s visitadas de Espa\u00f1a en cuanto a clubes se refiere; esta es una realidad mal que les pese a algunos. Por supuesto que un dirigente del ajedrez regional y provincial tiene entre sus objetivos el de menoscabar el proyecto m\u00e1s importante de su provincia y de su comunidad, mientras su deporte se desangra por falta de escuelas, por falta de apoyo de la propia federaci\u00f3n que representa y por un desmedido af\u00e1n de beneficio personal. <u>Sr. delegado, no hace da\u00f1o quien quiere sino quien puede.<\/u><\/span><\/h4>\n","protected":false},"excerpt":{"rendered":"<p>Llegamos al final de la temporada del a\u00f1o&nbsp;2012, quedando tan s\u00f3lo por delante nuestra participaci\u00f3n en el \u00abV CAMPEONATO DE ESPA\u00d1A POR EQUIPOS DE CLUB SUB-16\u00bb que se celebrar\u00e1 en el hotel Bali de Benidorm del 5 al 9 de diciembre. Esta cita deportiva&nbsp;sigue siendo la m\u00e1s importante que nuestro proyecto afronta a lo largo [&hellip;]<\/p>\n","protected":false},"author":1,"featured_media":2525,"comment_status":"open","ping_status":"closed","sticky":false,"template":"","format":"standard","meta":{"footnotes":""},"categories":[1],"tags":[],"class_list":["post-2524","post","type-post","status-publish","format-standard","has-post-thumbnail","hentry","category-noticias"],"_links":{"self":[{"href":"https:\/\/www.bfv.cloud\/ajedrezeuropa\/wp-json\/wp\/v2\/posts\/2524","targetHints":{"allow":["GET"]}}],"collection":[{"href":"https:\/\/www.bfv.cloud\/ajedrezeuropa\/wp-json\/wp\/v2\/posts"}],"about":[{"href":"https:\/\/www.bfv.cloud\/ajedrezeuropa\/wp-json\/wp\/v2\/types\/post"}],"author":[{"embeddable":true,"href":"https:\/\/www.bfv.cloud\/ajedrezeuropa\/wp-json\/wp\/v2\/users\/1"}],"replies":[{"embeddable":true,"href":"https:\/\/www.bfv.cloud\/ajedrezeuropa\/wp-json\/wp\/v2\/comments?post=2524"}],"version-history":[{"count":1,"href":"https:\/\/www.bfv.cloud\/ajedrezeuropa\/wp-json\/wp\/v2\/posts\/2524\/revisions"}],"predecessor-version":[{"id":2526,"href":"https:\/\/www.bfv.cloud\/ajedrezeuropa\/wp-json\/wp\/v2\/posts\/2524\/revisions\/2526"}],"wp:featuredmedia":[{"embeddable":true,"href":"https:\/\/www.bfv.cloud\/ajedrezeuropa\/wp-json\/wp\/v2\/media\/2525"}],"wp:attachment":[{"href":"https:\/\/www.bfv.cloud\/ajedrezeuropa\/wp-json\/wp\/v2\/media?parent=2524"}],"wp:term":[{"taxonomy":"category","embeddable":true,"href":"https:\/\/www.bfv.cloud\/ajedrezeuropa\/wp-json\/wp\/v2\/categories?post=2524"},{"taxonomy":"post_tag","embeddable":true,"href":"https:\/\/www.bfv.cloud\/ajedrezeuropa\/wp-json\/wp\/v2\/tags?post=2524"}],"curies":[{"name":"wp","href":"https:\/\/api.w.org\/{rel}","templated":true}]}}