{"id":2527,"date":"2014-05-20T21:24:00","date_gmt":"2014-05-20T21:24:00","guid":{"rendered":"https:\/\/www.bfv.cloud\/ajedrezeuropa\/index.php\/2014\/05\/20\/simultanea-en-el-colegio-juan-de-austria-y-novedades-en-el-regional-escolar\/"},"modified":"2025-11-20T10:48:04","modified_gmt":"2025-11-20T10:48:04","slug":"simultanea-en-el-colegio-juan-de-austria-y-novedades-en-el-regional-escolar","status":"publish","type":"post","link":"https:\/\/www.bfv.cloud\/ajedrezeuropa\/simultanea-en-el-colegio-juan-de-austria-y-novedades-en-el-regional-escolar\/","title":{"rendered":"SIMULT\u00c1NEA EN EL COLEGIO JUAN DE AUSTRIA Y NOVEDADES EN EL REGIONAL ESCOLAR"},"content":{"rendered":"<div class=\"separator\" style=\"clear: both;text-align: center\">\n<a href=\"https:\/\/www.bfv.cloud\/ajedrezeuropa\/wp-content\/uploads\/2014\/05\/CartelVIIISIMULTC381NEAAJEDREZ2014.jpg\" style=\"clear: left;float: left;margin-bottom: 1em;margin-right: 1em\"><img fetchpriority=\"high\" decoding=\"async\" border=\"0\" src=\"https:\/\/www.bfv.cloud\/ajedrezeuropa\/wp-content\/uploads\/2014\/05\/CartelVIIISIMULTC381NEAAJEDREZ2014.jpg\" height=\"640\" width=\"440\" \/><\/a><\/div>\n<div align=\"center\" class=\"MsoBodyText\" style=\"text-align: center\">\n<b><u><span style=\"font-family: Trebuchet MS, sans-serif\">8\u00aa SIMULT\u00c1NEA<br \/>\nDEL COLEGIO JUAN DE AUSTRIA<\/span><\/u><\/b><\/div>\n<div align=\"left\" class=\"MsoBodyText\">\n<\/div>\n<div align=\"left\" class=\"MsoBodyText\">\n<span style=\"font-family: Trebuchet MS, sans-serif\">En un a\u00f1o en el que<br \/>\nhemos colaborado especialmente con el mundo educativo, comenzando con programas<br \/>\nde iniciaci\u00f3n en colegios p\u00fablicos y continuando con la presentaci\u00f3n de<br \/>\nponencias en cursos de la UNED sobre el ajedrez como herramienta socializadora,<br \/>\nno pod\u00eda faltar nuestra aportaci\u00f3n a otra de las misiones importantes del<br \/>\najedrez: el entretenimiento y la diversi\u00f3n. Con esta idea se plantea la octava<br \/>\nedici\u00f3n de la Simult\u00e1nea del CP \u201cJuan de Austria\u201d, en la que colaboraremos con<br \/>\nuna amplia participaci\u00f3n de los chicos y chicas de la escuela de Alc\u00e1zar. La<br \/>\ncita es el domingo 8 de junio a partir de las 11 de la ma\u00f1ana en la entrada del<br \/>\npropio colegio, con 4 chicos y 3 chicas como protagonistas, junto a todo aquel<br \/>\nque quiera pasar un rato ejercitando la mente.<\/span><\/div>\n<div align=\"left\" class=\"MsoBodyText\">\n<span style=\"font-family: Trebuchet MS, sans-serif\">\u00a1\u00a1Os esperamos!!<\/span><\/div>\n<div align=\"left\" class=\"MsoBodyText\">\n<\/div>\n<div align=\"center\" class=\"MsoBodyText\" style=\"text-align: center\">\n<b><u><span style=\"font-family: Trebuchet MS, sans-serif\">SE AMPLIA<br \/>\nNUESTRA PARTICIPACI\u00d3N EN EL REGIONAL ESCOLAR<\/span><\/u><\/b><\/div>\n<div align=\"center\" class=\"MsoBodyText\" style=\"text-align: center\">\n<\/div>\n<div align=\"left\" class=\"MsoBodyText\">\n<span style=\"font-family: Trebuchet MS, sans-serif\">Atendiendo a la oferta<br \/>\nde la Consejer\u00eda de Educaci\u00f3n y de la FACLM, a\u00f1adiremos 2 nuevas chicas a<br \/>\nnuestros participantes en la fase regional del Deporte en Edad Escolar. Alba<br \/>\nP\u00edriz Fern\u00e1ndez en el cadete femenino y Mar\u00eda Oliver Ropero en el infantil<br \/>\nfemenino, se unen a sus 6 compa\u00f1eros para jugar la final de Castilla-La Mancha<br \/>\nen el Parque Nacional de las Lagunas de Ruidera. La escasez de chicas<br \/>\najedrecistas en las provincias de Cuenca y Guadalajara permiten la ampliaci\u00f3n<br \/>\nde jugadoras hasta la 5\u00aa clasificada en Toledo. Esto nos permite aumentar el<br \/>\nn\u00famero de participantes llegando a un total de 8, 7 chicas y un chico. Adem\u00e1s,<br \/>\nse va a permitir que Isabel Marcos-Alberca y Julia Meza jueguen en la categor\u00eda<br \/>\nque les corresponde por edad, es decir en infantil femenino. Despu\u00e9s de estos<br \/>\ncambios e incorporaciones nuestra participaci\u00f3n en el CRDEE queda as\u00ed:<\/span><\/div>\n<div class=\"MsoBodyText\">\n<\/div>\n<div class=\"MsoBodyText\">\n<span style=\"font-family: Trebuchet MS, sans-serif\">&nbsp;&nbsp;&nbsp;&nbsp;&nbsp;&nbsp;&nbsp;&nbsp;&nbsp;&nbsp;&nbsp; <b><u>Escolar<br \/>\nCadete Masculino:<\/u><\/b> Javier Valdepe\u00f1as Octavio.<\/span><\/div>\n<div class=\"MsoBodyText\">\n<\/div>\n<div class=\"MsoBodyText\">\n<span style=\"font-family: Trebuchet MS, sans-serif\">&nbsp;&nbsp;&nbsp;&nbsp;&nbsp;&nbsp;&nbsp;&nbsp;&nbsp;&nbsp;&nbsp; <b><u>Escolar<br \/>\nCadete Femenino:<\/u><\/b> Silvia Toribio Camu\u00f1as y Alba P\u00edriz Fern\u00e1ndez. <\/span><\/div>\n<div class=\"MsoBodyText\">\n<\/div>\n<div class=\"MsoBodyText\">\n<span style=\"font-family: Trebuchet MS, sans-serif\">&nbsp;&nbsp;&nbsp;&nbsp;&nbsp;&nbsp;&nbsp;&nbsp;&nbsp;&nbsp;&nbsp; <b><u>Escolar<br \/>\nInfantil Femenino:<\/u><\/b> Irene Sim\u00f3n Escalona, Marta Espinosa Gil, Mar\u00eda<br \/>\nOliver Ropero, M\u00aa Isabel Marcos-Alberca Lizcano y Julia Meza Osorio.<\/span><\/div>\n<div class=\"MsoBodyText\">\n<\/div>\n<p><\/p>\n<div class=\"MsoBodyText\">\n<span style=\"font-family: Trebuchet MS, sans-serif\">A\u00fan no conocemos los horarios e itinerarios de los<br \/>\nautobuses que trasladar\u00e1n a delegados y jugadores hasta el albergue \u201cAlonso<br \/>\nQuijano\u201d. En el momento que nos env\u00eden esta informaci\u00f3n la colgaremos aqu\u00ed.<\/span><\/div>\n","protected":false},"excerpt":{"rendered":"<p>8\u00aa SIMULT\u00c1NEA DEL COLEGIO JUAN DE AUSTRIA En un a\u00f1o en el que hemos colaborado especialmente con el mundo educativo, comenzando con programas de iniciaci\u00f3n en colegios p\u00fablicos y continuando con la presentaci\u00f3n de ponencias en cursos de la UNED sobre el ajedrez como herramienta socializadora, no pod\u00eda faltar nuestra aportaci\u00f3n a otra de las [&hellip;]<\/p>\n","protected":false},"author":1,"featured_media":2528,"comment_status":"open","ping_status":"closed","sticky":false,"template":"","format":"standard","meta":{"footnotes":""},"categories":[1],"tags":[],"class_list":["post-2527","post","type-post","status-publish","format-standard","has-post-thumbnail","hentry","category-noticias"],"_links":{"self":[{"href":"https:\/\/www.bfv.cloud\/ajedrezeuropa\/wp-json\/wp\/v2\/posts\/2527","targetHints":{"allow":["GET"]}}],"collection":[{"href":"https:\/\/www.bfv.cloud\/ajedrezeuropa\/wp-json\/wp\/v2\/posts"}],"about":[{"href":"https:\/\/www.bfv.cloud\/ajedrezeuropa\/wp-json\/wp\/v2\/types\/post"}],"author":[{"embeddable":true,"href":"https:\/\/www.bfv.cloud\/ajedrezeuropa\/wp-json\/wp\/v2\/users\/1"}],"replies":[{"embeddable":true,"href":"https:\/\/www.bfv.cloud\/ajedrezeuropa\/wp-json\/wp\/v2\/comments?post=2527"}],"version-history":[{"count":1,"href":"https:\/\/www.bfv.cloud\/ajedrezeuropa\/wp-json\/wp\/v2\/posts\/2527\/revisions"}],"predecessor-version":[{"id":2529,"href":"https:\/\/www.bfv.cloud\/ajedrezeuropa\/wp-json\/wp\/v2\/posts\/2527\/revisions\/2529"}],"wp:featuredmedia":[{"embeddable":true,"href":"https:\/\/www.bfv.cloud\/ajedrezeuropa\/wp-json\/wp\/v2\/media\/2528"}],"wp:attachment":[{"href":"https:\/\/www.bfv.cloud\/ajedrezeuropa\/wp-json\/wp\/v2\/media?parent=2527"}],"wp:term":[{"taxonomy":"category","embeddable":true,"href":"https:\/\/www.bfv.cloud\/ajedrezeuropa\/wp-json\/wp\/v2\/categories?post=2527"},{"taxonomy":"post_tag","embeddable":true,"href":"https:\/\/www.bfv.cloud\/ajedrezeuropa\/wp-json\/wp\/v2\/tags?post=2527"}],"curies":[{"name":"wp","href":"https:\/\/api.w.org\/{rel}","templated":true}]}}