{"id":2530,"date":"2018-08-28T10:29:00","date_gmt":"2018-08-28T10:29:00","guid":{"rendered":"https:\/\/www.bfv.cloud\/ajedrezeuropa\/index.php\/2018\/08\/28\/nuestro-ajedrez-en-europa-vuelve-a-estar-entre-los-mejores-equipos-de-la-region-en-partidas-relampago\/"},"modified":"2025-11-20T10:48:10","modified_gmt":"2025-11-20T10:48:10","slug":"nuestro-ajedrez-en-europa-vuelve-a-estar-entre-los-mejores-equipos-de-la-region-en-partidas-relampago","status":"publish","type":"post","link":"https:\/\/www.bfv.cloud\/ajedrezeuropa\/nuestro-ajedrez-en-europa-vuelve-a-estar-entre-los-mejores-equipos-de-la-region-en-partidas-relampago\/","title":{"rendered":"NUESTRO AJEDREZ EN EUROPA VUELVE A ESTAR ENTRE LOS MEJORES EQUIPOS DE LA REGI\u00d3N EN PARTIDAS REL\u00c1MPAGO"},"content":{"rendered":"<table cellpadding=\"0\" cellspacing=\"0\" class=\"tr-caption-container\" style=\"float: left;margin-right: 1em;text-align: left\">\n<tbody>\n<tr>\n<td style=\"text-align: center\"><a href=\"https:\/\/www.bfv.cloud\/ajedrezeuropa\/wp-content\/uploads\/2018\/08\/EUROPAA.jpg\" style=\"clear: left;margin-bottom: 1em;margin-left: auto;margin-right: auto\"><img fetchpriority=\"high\" decoding=\"async\" border=\"0\" data-original-height=\"1091\" data-original-width=\"1600\" height=\"432\" src=\"https:\/\/blogger.googleusercontent.com\/img\/b\/R29vZ2xl\/AVvXsEjTD6FoA0wZK_e2mtr4R3FzH98tSNe3IysCKjWVuFZQ9eyfUoAuXrsEWXqnvd9jk-cKv-KOy6JXG_ke_54dYgsQWNW2cHdn-A7uNmCjbkSuil2T0d5w2ICKV_HYjTlZAvq9eICdqurzciw\/s640\/EUROPA+A.jpg\" width=\"640\" \/><\/a><\/td>\n<\/tr>\n<tr>\n<td class=\"tr-caption\" style=\"text-align: center\">El equipo de Europa \u00abA\u00bb con Santiago, Isaac, Luismi y Jos\u00e9 \u00c1ngel<\/td>\n<\/tr>\n<\/tbody>\n<\/table>\n<p><span style=\", sans-serif;font-size: large\"><b>Nuestro Ajedrez en Europa alcanzaba la 6\u00aa plaza en la clasificaci\u00f3n final del Campeonato Regional de Clubes de Ajedrez en la modalidad de partidas rel\u00e1mpago disputado el s\u00e1bado pasado en Tomelloso.&nbsp;<\/b><\/span><br \/>\n<span style=\", sans-serif;font-size: large\"><b>Al igual que en 2017, fueron 4 los equipos del proyecto de Alc\u00e1zar y Villafranca que participaron en la segunda edici\u00f3n de este campeonato en el que estuvieron presentes un total de 24 formaciones en representaci\u00f3n de todas las provincias castellano-manchegas.&nbsp;<\/p>\n<table align=\"center\" cellpadding=\"0\" cellspacing=\"0\" class=\"tr-caption-container\" style=\"margin-left: auto;margin-right: auto;text-align: center\">\n<tbody>\n<tr>\n<td style=\"text-align: center\"><a href=\"https:\/\/www.bfv.cloud\/ajedrezeuropa\/wp-content\/uploads\/2018\/08\/EUROPAB.jpg\" style=\"margin-left: auto;margin-right: auto\"><img decoding=\"async\" border=\"0\" data-original-height=\"1140\" data-original-width=\"1600\" height=\"452\" src=\"https:\/\/blogger.googleusercontent.com\/img\/b\/R29vZ2xl\/AVvXsEh_FYebGTZQsVGChAOwg5GwsJ_hyjLVswuxUrlUlFd0ZvY3I8Q2g6IZdCBKEq8FGPy4bA3-6tNBGBVyQ4UPmEh1D_4Y3ixmAoikqBdiqPYD-M8GsJrUeMJbgWQ8_ARnWf9DNMfITBTRR8o\/s640\/EUROPA+B.jpg\" width=\"640\" \/><\/a><\/td>\n<\/tr>\n<tr>\n<td class=\"tr-caption\" style=\"text-align: center\">El \u00abB\u00bb de Europa en pleno juego<\/td>\n<\/tr>\n<\/tbody>\n<\/table>\n<p><\/b><\/span><br \/>\n<span style=\", sans-serif;font-size: large\"><b>Las otras 3 formaciones con las que competimos quedaban as\u00ed: el \u00abB\u00bb de Europa lograba la 15\u00aa plaza, mientras las dos jovenc\u00edsimas formaciones de Nuestro Ajedrez por la Igualdad se situaban en 17\u00aa y 23\u00aa posici\u00f3n.&nbsp;<\/p>\n<table align=\"center\" cellpadding=\"0\" cellspacing=\"0\" class=\"tr-caption-container\" style=\"margin-left: auto;margin-right: auto;text-align: center\">\n<tbody>\n<tr>\n<td style=\"text-align: center\"><a href=\"https:\/\/www.bfv.cloud\/ajedrezeuropa\/wp-content\/uploads\/2018\/08\/IGUALDADA.jpg\" style=\"margin-left: auto;margin-right: auto\"><img decoding=\"async\" border=\"0\" data-original-height=\"1297\" data-original-width=\"1600\" height=\"514\" src=\"https:\/\/blogger.googleusercontent.com\/img\/b\/R29vZ2xl\/AVvXsEjX5jqUeL5Epfwl_Ho5SDknhaaIfpM4IyDFY-igUo2bFXEYzpDf0bgEVI4_ePIpVhPJVENxKfRV7yzE64HZTW_HMszrUkTiwD46zT_RTeoN6neQ1J6JVzVgNuVOgI6CZrDSJvsyydcLCSQ\/s640\/IGUALDAD+A.jpg\" width=\"640\" \/><\/a><\/td>\n<\/tr>\n<tr>\n<td class=\"tr-caption\" style=\"text-align: center\">Los componentes de Nuestro Ajedrez por la Igualdad no superan los 16 a\u00f1os de edad<\/td>\n<\/tr>\n<\/tbody>\n<\/table>\n<p><\/b><\/span><br \/>\n<span style=\", sans-serif;font-size: large\"><b>Han sido un total de 22 j\u00f3venes los que han tenido la oportunidad de competir dentro de los equipos del proyecto, destacando el juego desarrollado por los chicos y chicas de la Igualdad A en sus enfrentamientos con los clubes Excalibur de Albacete y Ciudad Real.<\/b><\/span><\/p>\n<table align=\"center\" cellpadding=\"0\" cellspacing=\"0\" class=\"tr-caption-container\" style=\"margin-left: auto;margin-right: auto;text-align: center\">\n<tbody>\n<tr>\n<td style=\"text-align: center\"><a href=\"https:\/\/www.bfv.cloud\/ajedrezeuropa\/wp-content\/uploads\/2018\/08\/IGUALDADB.jpg\" style=\"margin-left: auto;margin-right: auto\"><img loading=\"lazy\" decoding=\"async\" border=\"0\" data-original-height=\"1481\" data-original-width=\"1600\" height=\"590\" src=\"https:\/\/blogger.googleusercontent.com\/img\/b\/R29vZ2xl\/AVvXsEi-bP2RVOMSpDtKAWIOmJgCQFcdKku5DIZil9Irab8Jw8EeASmNa3WsnCbae_wml4xv70c2H9HqZqjz5eIhyphenhyphenCICarOxMHxIPYsm0dLvrNhxHuv_9IhpBe0AP3fvYka0RoR0nGExIkO5jKs\/s640\/IGUALDAD+B.jpg\" width=\"640\" \/><\/a><\/td>\n<\/tr>\n<tr>\n<td class=\"tr-caption\" style=\"text-align: center\">La Igualdad B al comienzo de una ronda<\/td>\n<\/tr>\n<\/tbody>\n<\/table>\n<p><span style=\", sans-serif;font-size: large\"><b><br \/><\/b><\/span><\/p>\n","protected":false},"excerpt":{"rendered":"<p>El equipo de Europa \u00abA\u00bb con Santiago, Isaac, Luismi y Jos\u00e9 \u00c1ngel Nuestro Ajedrez en Europa alcanzaba la 6\u00aa plaza en la clasificaci\u00f3n final del Campeonato Regional de Clubes de Ajedrez en la modalidad de partidas rel\u00e1mpago disputado el s\u00e1bado pasado en Tomelloso.&nbsp; Al igual que en 2017, fueron 4 los equipos del proyecto de [&hellip;]<\/p>\n","protected":false},"author":1,"featured_media":2531,"comment_status":"open","ping_status":"closed","sticky":false,"template":"","format":"standard","meta":{"footnotes":""},"categories":[1],"tags":[],"class_list":["post-2530","post","type-post","status-publish","format-standard","has-post-thumbnail","hentry","category-noticias"],"_links":{"self":[{"href":"https:\/\/www.bfv.cloud\/ajedrezeuropa\/wp-json\/wp\/v2\/posts\/2530","targetHints":{"allow":["GET"]}}],"collection":[{"href":"https:\/\/www.bfv.cloud\/ajedrezeuropa\/wp-json\/wp\/v2\/posts"}],"about":[{"href":"https:\/\/www.bfv.cloud\/ajedrezeuropa\/wp-json\/wp\/v2\/types\/post"}],"author":[{"embeddable":true,"href":"https:\/\/www.bfv.cloud\/ajedrezeuropa\/wp-json\/wp\/v2\/users\/1"}],"replies":[{"embeddable":true,"href":"https:\/\/www.bfv.cloud\/ajedrezeuropa\/wp-json\/wp\/v2\/comments?post=2530"}],"version-history":[{"count":1,"href":"https:\/\/www.bfv.cloud\/ajedrezeuropa\/wp-json\/wp\/v2\/posts\/2530\/revisions"}],"predecessor-version":[{"id":2535,"href":"https:\/\/www.bfv.cloud\/ajedrezeuropa\/wp-json\/wp\/v2\/posts\/2530\/revisions\/2535"}],"wp:featuredmedia":[{"embeddable":true,"href":"https:\/\/www.bfv.cloud\/ajedrezeuropa\/wp-json\/wp\/v2\/media\/2531"}],"wp:attachment":[{"href":"https:\/\/www.bfv.cloud\/ajedrezeuropa\/wp-json\/wp\/v2\/media?parent=2530"}],"wp:term":[{"taxonomy":"category","embeddable":true,"href":"https:\/\/www.bfv.cloud\/ajedrezeuropa\/wp-json\/wp\/v2\/categories?post=2530"},{"taxonomy":"post_tag","embeddable":true,"href":"https:\/\/www.bfv.cloud\/ajedrezeuropa\/wp-json\/wp\/v2\/tags?post=2530"}],"curies":[{"name":"wp","href":"https:\/\/api.w.org\/{rel}","templated":true}]}}