{"id":2536,"date":"2024-09-04T19:01:00","date_gmt":"2024-09-04T19:01:00","guid":{"rendered":"https:\/\/www.bfv.cloud\/ajedrezeuropa\/index.php\/2024\/09\/04\/xxvii-torneo-de-ajedrez-abierto-de-villafranca\/"},"modified":"2025-11-20T10:48:12","modified_gmt":"2025-11-20T10:48:12","slug":"xxvii-torneo-de-ajedrez-abierto-de-villafranca","status":"publish","type":"post","link":"https:\/\/www.bfv.cloud\/ajedrezeuropa\/xxvii-torneo-de-ajedrez-abierto-de-villafranca\/","title":{"rendered":"XXVII TORNEO DE AJEDREZ ABIERTO DE VILLAFRANCA"},"content":{"rendered":"<\/p>\n<div class=\"separator\" style=\"clear: both;text-align: center\"><a href=\"https:\/\/www.bfv.cloud\/ajedrezeuropa\/wp-content\/uploads\/2024\/09\/CARTEL20XXVII20TORNEO20ABIERTO20VILLAFRANCA202024_001.jpg\" style=\"margin-left: 1em;margin-right: 1em\"><img fetchpriority=\"high\" decoding=\"async\" border=\"0\" data-original-height=\"842\" data-original-width=\"595\" height=\"640\" src=\"https:\/\/blogger.googleusercontent.com\/img\/b\/R29vZ2xl\/AVvXsEipdCzpE_FS_xaGDM7tq2HyvdITK0cxXMlT6TIUW5NlXfNNZwhzo3eYeB6CRNIDIbrc9rvrL4yR22WEnsZLUoz9pACzOcU_4Ri2Z_G80Y0Zi3z2BAPDbSD-W25l-iRKzdn7Hrn2pAQJvRIf_u1wluZc34igIK1qeTipVUV_pXyLM7F5j2mKkPHrTacsb8c\/w452-h640\/CARTEL%20XXVII%20TORNEO%20ABIERTO%20VILLAFRANCA%202024_001.jpg\" width=\"452\" \/><\/a><\/div>\n<p>&nbsp;<span style=\"font-family: georgia;font-size: large\">El pr\u00f3ximo domingo 8 de septiembre se celebrar\u00e1 en la casa de la cultura de Villafranca de los Caballeros la XXVII edici\u00f3n del Torneo de Feria \u00abAbierto de Villafranca\u00bb. La inscripci\u00f3n est\u00e1 disponible en el siguiente&nbsp;<a href=\"https:\/\/docs.google.com\/forms\/d\/1jq6mZyqUh_TlDxQpLUPz273IInSkLFF3rwvVIB7ICcE\/edit\" target=\"_blank\"><span style=\"color: #2b00fe\"><b>ENLACE AL FORMULARIO<\/b><\/span><\/a><\/span><\/p>\n<p><span style=\"font-family: georgia;font-size: large\">El torneo est\u00e1 limitado a 60 participantes y obtendr\u00e1n trofeos todos los dos primeros clasificados de las categor\u00edas absoluta, sub16 y sub12, as\u00ed como la campeona femenina y el campe\u00f3n local de las tres categor\u00edas indicadas.<\/span><\/p>\n<p><span style=\"font-family: georgia;font-size: large\">A continuaci\u00f3n pod\u00e9is ver las bases del torneo<\/span><\/p>\n<\/p>\n<div class=\"separator\" style=\"clear: both;text-align: center\"><a href=\"https:\/\/www.bfv.cloud\/ajedrezeuropa\/wp-content\/uploads\/2024\/09\/BASES20DEL20XXVII20TORNEO20FERIA20202420VILLAFRANCA_001.jpg\" style=\"margin-left: 1em;margin-right: 1em\"><img decoding=\"async\" border=\"0\" data-original-height=\"842\" data-original-width=\"595\" height=\"640\" src=\"https:\/\/blogger.googleusercontent.com\/img\/b\/R29vZ2xl\/AVvXsEizhiS_oz2LVsWNDq3kxfOgPaJKSUjhZZ1BvLGLPa9VxbuDbSGcYWD78-2bJZ8gZ-UokOM-HGeM2Oi-bEIThOXFxrMu4vGgWiZm7VBCcI6-e_ar6aUBj12V4QaXEUJnz1C-wP0n-fqGEzQrT_IkjKzoAe-o-8D3hHkUhEEenaGAV-SQVDwVqRsJWLd8ZfU\/w452-h640\/BASES%20DEL%20XXVII%20TORNEO%20FERIA%202024%20VILLAFRANCA_001.jpg\" width=\"452\" \/><\/a><\/div>\n<p><span style=\"font-family: georgia;font-size: large\"><br \/><\/span><\/p>\n","protected":false},"excerpt":{"rendered":"<p>&nbsp;El pr\u00f3ximo domingo 8 de septiembre se celebrar\u00e1 en la casa de la cultura de Villafranca de los Caballeros la XXVII edici\u00f3n del Torneo de Feria \u00abAbierto de Villafranca\u00bb. La inscripci\u00f3n est\u00e1 disponible en el siguiente&nbsp;ENLACE AL FORMULARIO El torneo est\u00e1 limitado a 60 participantes y obtendr\u00e1n trofeos todos los dos primeros clasificados de las [&hellip;]<\/p>\n","protected":false},"author":1,"featured_media":2537,"comment_status":"open","ping_status":"closed","sticky":false,"template":"","format":"standard","meta":{"footnotes":""},"categories":[1],"tags":[],"class_list":["post-2536","post","type-post","status-publish","format-standard","has-post-thumbnail","hentry","category-noticias"],"_links":{"self":[{"href":"https:\/\/www.bfv.cloud\/ajedrezeuropa\/wp-json\/wp\/v2\/posts\/2536","targetHints":{"allow":["GET"]}}],"collection":[{"href":"https:\/\/www.bfv.cloud\/ajedrezeuropa\/wp-json\/wp\/v2\/posts"}],"about":[{"href":"https:\/\/www.bfv.cloud\/ajedrezeuropa\/wp-json\/wp\/v2\/types\/post"}],"author":[{"embeddable":true,"href":"https:\/\/www.bfv.cloud\/ajedrezeuropa\/wp-json\/wp\/v2\/users\/1"}],"replies":[{"embeddable":true,"href":"https:\/\/www.bfv.cloud\/ajedrezeuropa\/wp-json\/wp\/v2\/comments?post=2536"}],"version-history":[{"count":1,"href":"https:\/\/www.bfv.cloud\/ajedrezeuropa\/wp-json\/wp\/v2\/posts\/2536\/revisions"}],"predecessor-version":[{"id":2539,"href":"https:\/\/www.bfv.cloud\/ajedrezeuropa\/wp-json\/wp\/v2\/posts\/2536\/revisions\/2539"}],"wp:featuredmedia":[{"embeddable":true,"href":"https:\/\/www.bfv.cloud\/ajedrezeuropa\/wp-json\/wp\/v2\/media\/2537"}],"wp:attachment":[{"href":"https:\/\/www.bfv.cloud\/ajedrezeuropa\/wp-json\/wp\/v2\/media?parent=2536"}],"wp:term":[{"taxonomy":"category","embeddable":true,"href":"https:\/\/www.bfv.cloud\/ajedrezeuropa\/wp-json\/wp\/v2\/categories?post=2536"},{"taxonomy":"post_tag","embeddable":true,"href":"https:\/\/www.bfv.cloud\/ajedrezeuropa\/wp-json\/wp\/v2\/tags?post=2536"}],"curies":[{"name":"wp","href":"https:\/\/api.w.org\/{rel}","templated":true}]}}