{"id":2540,"date":"2018-02-05T13:26:00","date_gmt":"2018-02-05T13:26:00","guid":{"rendered":"https:\/\/www.bfv.cloud\/ajedrezeuropa\/index.php\/2018\/02\/05\/la-escuela-de-alcazar-logra-4-clasificados-para-el-escolar-regional\/"},"modified":"2025-11-20T10:48:20","modified_gmt":"2025-11-20T10:48:20","slug":"la-escuela-de-alcazar-logra-4-clasificados-para-el-escolar-regional","status":"publish","type":"post","link":"https:\/\/www.bfv.cloud\/ajedrezeuropa\/la-escuela-de-alcazar-logra-4-clasificados-para-el-escolar-regional\/","title":{"rendered":"\u00a1\u00a1LA ESCUELA DE ALC\u00c1ZAR LOGRA 4 CLASIFICADOS PARA EL ESCOLAR REGIONAL!!"},"content":{"rendered":"<table align=\"center\" cellpadding=\"0\" cellspacing=\"0\" class=\"tr-caption-container\" style=\"margin-left: auto;margin-right: auto;text-align: center\">\n<tbody>\n<tr>\n<td style=\"text-align: center\"><a href=\"https:\/\/www.bfv.cloud\/ajedrezeuropa\/wp-content\/uploads\/2018\/02\/IMG_20180204_141409_resized_20180204_074544885.jpg\" style=\"margin-left: auto;margin-right: auto\"><img fetchpriority=\"high\" decoding=\"async\" border=\"0\" data-original-height=\"1042\" data-original-width=\"1562\" height=\"426\" src=\"https:\/\/blogger.googleusercontent.com\/img\/b\/R29vZ2xl\/AVvXsEgAmGARTVKyzmugAocMs7iQk4ywYrrir0jupZxqsrt1JW2FTyVj5nJUz75j0Q7f4uPypWvfdxZIOF6hc_DUhbw54bczs16LLM-T-14JNyaW_Brs0nSuahGirowVwNUf-TFBLYbUhXS2tmU\/s640\/IMG_20180204_141409_resized_20180204_074544885.jpg\" width=\"640\" \/><\/a><\/td>\n<\/tr>\n<tr>\n<td class=\"tr-caption\" style=\"text-align: center\">Algunos de nuestros jugadores con los 4 trofeos individuales y el por equipos conseguidos<\/td>\n<\/tr>\n<\/tbody>\n<\/table>\n<p><span style=\"font-family: Verdana, sans-serif;font-size: large\"><b>Ayer se cerraba la edici\u00f3n 2018 del Escolar de Ciudad Real con unos resultados excelentes para la Escuela de Ajedrez de Alc\u00e1zar de San Juan. Entre las categor\u00edas cadete e infantil son 4 los clasificados pertenecientes a la escuela alcazare\u00f1a de un total de 12. De este modo, el proyecto Nuestro Ajedrez en Europa, se convierte en el que obtiene la mayor representaci\u00f3n de la provincia de Ciudad Real para la fase regional del Deporte en Edad Escolar (CRDEE).<\/b><\/span><br \/>\n<span style=\"font-family: Verdana, sans-serif;font-size: large\"><b><i><u>Un total de 5 medallas: 4 individuales y una por equipos<\/u><\/i><\/b><\/span><br \/>\n<span style=\"font-family: Verdana, sans-serif;font-size: large\"><b>Un oro, dos platas y dos bronces es el total de distinciones conseguidas en esta fase provincial del CRDEE.&nbsp;<\/b><\/span><\/p>\n<table cellpadding=\"0\" cellspacing=\"0\" class=\"tr-caption-container\" style=\"float: left;margin-right: 1em;text-align: left\">\n<tbody>\n<tr>\n<td style=\"text-align: center\"><a href=\"https:\/\/www.bfv.cloud\/ajedrezeuropa\/wp-content\/uploads\/2018\/02\/DANIELCLIMENTSUBCAMPEONINFANTIL.jpg\" style=\"clear: left;margin-bottom: 1em;margin-left: auto;margin-right: auto\"><img decoding=\"async\" border=\"0\" data-original-height=\"1061\" data-original-width=\"863\" height=\"400\" src=\"https:\/\/blogger.googleusercontent.com\/img\/b\/R29vZ2xl\/AVvXsEh0eWv-gNTRfkaxnYsSrkTQN-MvmmtavhHY3fDbD1XjtA7Fk_mqlLeG4JOzl35cuiUfYEDBM648K6XImwKalMYaMoJp00k5xTnHZNAE0pT31vRpHLMPPxOwPZMp8bZIpFTosa93NfdHugU\/s400\/DANIEL+CLIMENT+SUBCAMPEON+INFANTIL.jpg\" width=\"325\" \/><\/a><\/td>\n<\/tr>\n<tr>\n<td class=\"tr-caption\" style=\"text-align: center\">Daniel Climent<\/td>\n<\/tr>\n<\/tbody>\n<\/table>\n<p><span style=\"font-family: Verdana, sans-serif;font-size: large\"><b>En la categor\u00eda infantil, Daniel Climent Castillo (subcampe\u00f3n) y Adri\u00e1n Alhambra Rubio (tercer clasificado), consiguen pasar al regional tras hacer un gran torneo en juego y resultados. Muy cerca de estos puestos de honor ha quedado otro de nuestros j\u00f3venes jugadores, Roberto Yeghiazaryan Petrosyan, que con 6 puntos qued\u00f3 relegado a la 6\u00aa plaza tras luchar y perder en la \u00faltima ronda en la mesa 1.<\/b><\/span><\/p>\n<table cellpadding=\"0\" cellspacing=\"0\" class=\"tr-caption-container\" style=\"float: right;margin-left: 1em;text-align: right\">\n<tbody>\n<tr>\n<td style=\"text-align: center\"><a href=\"https:\/\/www.bfv.cloud\/ajedrezeuropa\/wp-content\/uploads\/2018\/02\/ADRIANALHAMBRA325C225BAINFANTIL.jpg\" style=\"clear: right;margin-bottom: 1em;margin-left: auto;margin-right: auto\"><img decoding=\"async\" border=\"0\" data-original-height=\"904\" data-original-width=\"790\" height=\"400\" src=\"https:\/\/blogger.googleusercontent.com\/img\/b\/R29vZ2xl\/AVvXsEgOuZ4Cijol9o0mTJyhfglREvKMM1NrEWtBJd9dMO0MvJ8Icf3LOUJenZAoxxfrEqfq6E9UT0QxqdZ5P-7wOpwI2qwW6G9VBVAe9__sE7Rm9kKt-Wc8NK68L41QQchqy4R8hCnLl5sWCxc\/s400\/ADRIAN+ALHAMBRA+3%25C2%25BA+INFANTIL.jpg\" width=\"346\" \/><\/a><\/td>\n<\/tr>\n<tr>\n<td class=\"tr-caption\" style=\"text-align: center\">Adri\u00e1n Alhambra<\/td>\n<\/tr>\n<\/tbody>\n<\/table>\n<p><span style=\"font-family: Verdana, sans-serif;font-size: large\"><b><br \/><\/b><\/span><br \/>\n<span style=\"font-family: Verdana, sans-serif;font-size: large\"><b>Dentro de la categor\u00eda cadete han sido las chicas las que mejores resultados se llevan de Miguelturra. Isabel Marcos-Alberca Lizcano (campeona) y Clara Vela Adri\u00e1n (tercera), suman un oro y un bronce y se ganan la presencia en la fase castellano-manchega del Escolar. En el apartado de chicos, Enrique Velasco Aragon\u00e9s, se queda 4\u00ba a medio punto de la clasificaci\u00f3n.<\/b><\/span><br \/>\n<span style=\"font-family: Verdana, sans-serif;font-size: large\"><b>Ninguna otra escuela ciudarreale\u00f1a logra una representaci\u00f3n tan amplia y variada: dos chicos en infantil y dos chicas en cadete. Una vez m\u00e1s, la actuaci\u00f3n de l@s alumn@s de nuestras escuelas los sit\u00faa al frente del ajedrez de sus provincias.<\/b><\/span><\/p>\n<table cellpadding=\"0\" cellspacing=\"0\" class=\"tr-caption-container\" style=\"float: left;margin-right: 1em;text-align: left\">\n<tbody>\n<tr>\n<td style=\"text-align: center\"><a href=\"https:\/\/www.bfv.cloud\/ajedrezeuropa\/wp-content\/uploads\/2018\/02\/podiocadetefemenino.jpg\" style=\"clear: left;margin-bottom: 1em;margin-left: auto;margin-right: auto\"><img loading=\"lazy\" decoding=\"async\" border=\"0\" data-original-height=\"1600\" data-original-width=\"1394\" height=\"400\" src=\"https:\/\/blogger.googleusercontent.com\/img\/b\/R29vZ2xl\/AVvXsEiKVCXH1Bf4snOXgwNM0azExww-uhKFtPtXp-jQNDaPfGDbtc2SNkWnrQim46Yh8rLOO3CJK9DssVu5pSUL9sunaZ-ErY3XGUuuUPM0A1yAzqT7KeCujcSzL7ofPQjRSar_PxEZ_B1ZzCI\/s400\/podio+cadete+femenino.jpg\" width=\"345\" \/><\/a><\/td>\n<\/tr>\n<tr>\n<td class=\"tr-caption\" style=\"text-align: center\">Isabel y Clara en el podio<\/td>\n<\/tr>\n<\/tbody>\n<\/table>\n<p><span style=\"font-family: Verdana, sans-serif;font-size: large\"><b><br \/><\/b><\/span><br \/>\n<span style=\"font-family: Verdana, sans-serif;font-size: large\"><b><i><u>Una nueva generaci\u00f3n de jugadores<\/u><\/i><\/b><\/span><br \/>\n<span style=\"font-family: Verdana, sans-serif;font-size: large\"><b>En el repaso a todos los participantes de ka escuela de Alc\u00e1zar debemos destacar el juego desarrollado por varios de nuestros jugadores noveles y otros resultados rese\u00f1ables:<\/b><\/span><\/p>\n<table cellpadding=\"0\" cellspacing=\"0\" class=\"tr-caption-container\" style=\"float: right;margin-left: 1em;text-align: right\">\n<tbody>\n<tr>\n<td style=\"text-align: center\"><a href=\"https:\/\/www.bfv.cloud\/ajedrezeuropa\/wp-content\/uploads\/2018\/02\/IMG_20180204_100846_resized_20180204_074809281.jpg\" style=\"clear: left;margin-bottom: 1em;margin-left: auto;margin-right: auto\"><img loading=\"lazy\" decoding=\"async\" border=\"0\" data-original-height=\"1168\" data-original-width=\"1049\" height=\"320\" src=\"https:\/\/blogger.googleusercontent.com\/img\/b\/R29vZ2xl\/AVvXsEg67Z2kgWJnDApOzk31tR7sZjomjo9hUjV218hxN2QBOaIGBS1zesonTCge0yTNuqq4A4XKjgYfAhr7htzZTFPgE01DgXw9-UBB7rGbFIDI-nRU5rXY_qpfwLP8LJXpmAI_Ilu1hjC_IhA\/s320\/IMG_20180204_100846_resized_20180204_074809281.jpg\" width=\"286\" \/><\/a><\/td>\n<\/tr>\n<tr>\n<td class=\"tr-caption\" style=\"text-align: center\">Ferm\u00edn Aragon\u00e9s<\/td>\n<\/tr>\n<\/tbody>\n<\/table>\n<table cellpadding=\"0\" cellspacing=\"0\" class=\"tr-caption-container\" style=\"float: right;text-align: right\">\n<tbody>\n<tr>\n<td style=\"text-align: center\"><a href=\"https:\/\/www.bfv.cloud\/ajedrezeuropa\/wp-content\/uploads\/2018\/02\/IMG_20180204_100800_resized_20180204_074808079.jpg\" style=\"clear: right;margin-bottom: 1em;margin-left: auto;margin-right: auto\"><img loading=\"lazy\" decoding=\"async\" border=\"0\" data-original-height=\"970\" data-original-width=\"995\" height=\"311\" src=\"https:\/\/blogger.googleusercontent.com\/img\/b\/R29vZ2xl\/AVvXsEi9gZfvaXMGawS_rNWcI9y7u-L_sDGYfPhDaNPl9_6JseT3mCeWyfDAq3UhoK90ytVMX6Tn1Lxkd9gn092F0I6Mmbp9LnF3DtLfbP1QAOkg5zu96vkXuETZw0ABzhGJmY7Ev5K5NA9XKl8\/s320\/IMG_20180204_100800_resized_20180204_074808079.jpg\" width=\"320\" \/><\/a><\/td>\n<\/tr>\n<tr>\n<td class=\"tr-caption\" style=\"text-align: center\">Alejandro Romero<\/td>\n<\/tr>\n<\/tbody>\n<\/table>\n<p><span style=\"font-family: Verdana, sans-serif;font-size: large\"><b>&#8211; Infantil: con 4 puntos, Emilio Nieto y Ferm\u00edn Aragon\u00e9s (en su primer campeonato); con 3 puntos, Marta Vela (12\u00aa clasificada femenina), Alejandro Romero y Carlos Vela (primera vez en competici\u00f3n); con 2 puntos, Daniel Montealegre (otro chico novel) y Daniel \u00dabeda; con 1 punto, Guillermo Lizano.<\/b><\/span><br \/>\n<span style=\"font-family: Verdana, sans-serif;font-size: large\"><b>&#8211; Cadete: Pablo Vela (2,5 puntos), Arsenio L\u00f3pez (2 puntos).<\/b><\/span><br \/>\n<span style=\"font-family: Verdana, sans-serif;font-size: large\"><b>\u00a1\u00a1Enhorabuena a todos los que semana a semana hab\u00e9is estado ah\u00ed!!<\/b><\/span><\/p>\n","protected":false},"excerpt":{"rendered":"<p>Algunos de nuestros jugadores con los 4 trofeos individuales y el por equipos conseguidos Ayer se cerraba la edici\u00f3n 2018 del Escolar de Ciudad Real con unos resultados excelentes para la Escuela de Ajedrez de Alc\u00e1zar de San Juan. Entre las categor\u00edas cadete e infantil son 4 los clasificados pertenecientes a la escuela alcazare\u00f1a de [&hellip;]<\/p>\n","protected":false},"author":1,"featured_media":2541,"comment_status":"open","ping_status":"closed","sticky":false,"template":"","format":"standard","meta":{"footnotes":""},"categories":[1],"tags":[],"class_list":["post-2540","post","type-post","status-publish","format-standard","has-post-thumbnail","hentry","category-noticias"],"_links":{"self":[{"href":"https:\/\/www.bfv.cloud\/ajedrezeuropa\/wp-json\/wp\/v2\/posts\/2540","targetHints":{"allow":["GET"]}}],"collection":[{"href":"https:\/\/www.bfv.cloud\/ajedrezeuropa\/wp-json\/wp\/v2\/posts"}],"about":[{"href":"https:\/\/www.bfv.cloud\/ajedrezeuropa\/wp-json\/wp\/v2\/types\/post"}],"author":[{"embeddable":true,"href":"https:\/\/www.bfv.cloud\/ajedrezeuropa\/wp-json\/wp\/v2\/users\/1"}],"replies":[{"embeddable":true,"href":"https:\/\/www.bfv.cloud\/ajedrezeuropa\/wp-json\/wp\/v2\/comments?post=2540"}],"version-history":[{"count":1,"href":"https:\/\/www.bfv.cloud\/ajedrezeuropa\/wp-json\/wp\/v2\/posts\/2540\/revisions"}],"predecessor-version":[{"id":2547,"href":"https:\/\/www.bfv.cloud\/ajedrezeuropa\/wp-json\/wp\/v2\/posts\/2540\/revisions\/2547"}],"wp:featuredmedia":[{"embeddable":true,"href":"https:\/\/www.bfv.cloud\/ajedrezeuropa\/wp-json\/wp\/v2\/media\/2541"}],"wp:attachment":[{"href":"https:\/\/www.bfv.cloud\/ajedrezeuropa\/wp-json\/wp\/v2\/media?parent=2540"}],"wp:term":[{"taxonomy":"category","embeddable":true,"href":"https:\/\/www.bfv.cloud\/ajedrezeuropa\/wp-json\/wp\/v2\/categories?post=2540"},{"taxonomy":"post_tag","embeddable":true,"href":"https:\/\/www.bfv.cloud\/ajedrezeuropa\/wp-json\/wp\/v2\/tags?post=2540"}],"curies":[{"name":"wp","href":"https:\/\/api.w.org\/{rel}","templated":true}]}}