{"id":2548,"date":"2020-11-07T09:40:00","date_gmt":"2020-11-07T09:40:00","guid":{"rendered":"https:\/\/www.bfv.cloud\/ajedrezeuropa\/index.php\/2020\/11\/07\/aplazado-el-inicio-de-las-escuelas-deportivas-de-alcazar-y-villafranca\/"},"modified":"2025-11-20T10:48:23","modified_gmt":"2025-11-20T10:48:23","slug":"aplazado-el-inicio-de-las-escuelas-deportivas-de-alcazar-y-villafranca","status":"publish","type":"post","link":"https:\/\/www.bfv.cloud\/ajedrezeuropa\/aplazado-el-inicio-de-las-escuelas-deportivas-de-alcazar-y-villafranca\/","title":{"rendered":"APLAZADO EL INICIO DE LAS ESCUELAS DEPORTIVAS DE ALC\u00c1ZAR Y VILLAFRANCA"},"content":{"rendered":"<p><span style=\"font-family: Montserrat;font-size: large\"><b><\/b><\/span><\/p>\n<div class=\"separator\" style=\"clear: both;text-align: center\"><span style=\"font-family: Montserrat;font-size: large\"><b><a href=\"https:\/\/www.bfv.cloud\/ajedrezeuropa\/wp-content\/uploads\/2020\/11\/COMIENZOCLASESVILLAFRANCA202021.jpg\" style=\"clear: left;float: left;margin-bottom: 1em;margin-right: 1em\"><img fetchpriority=\"high\" decoding=\"async\" border=\"0\" data-original-height=\"2048\" data-original-width=\"1447\" height=\"400\" src=\"https:\/\/blogger.googleusercontent.com\/img\/b\/R29vZ2xl\/AVvXsEg6dVw3b5crR2_BoRGuvtkHVud3P-Y2N1GJpgcliT6-g1xYoD9Hyzm-EZnTBQhqQK4QOL_Sw28I2D-XJEqWtiLosx0PbIlg0aI6ZFdSP7IeCJfdAfLABuD1bME0fawd6ds5-IealTtV_fc\/w281-h400\/COMIENZO+CLASES+VILLAFRANCA+2020+21.jpg\" width=\"281\" \/><\/a><\/b><\/span><\/div>\n<p><span style=\"font-family: Montserrat;font-size: large\"><b>La Consejer\u00eda de Sanidad de Castilla-La Mancha implant\u00f3 ayer las Medidas Especiales de nivel 2 en toda la Comunidad Aut\u00f3noma, en principio, durante los pr\u00f3ximos 10 d\u00edas. En virtud de esta resoluci\u00f3n se han aplazado el comienzo de las clases en las escuelas deportivas de ajedrez de Alc\u00e1zar de San Juan y Villafranca de los Caballeros. Si estas medidas de control sanitario no se prorrogan, las clases podr\u00edan empezar en ambas escuelas el s\u00e1bado 21 de noviembre. Informaremos de la fecha definitiva del inicio en cuanto sea posible.<\/p>\n<div class=\"separator\" style=\"clear: both;text-align: center\"><a href=\"https:\/\/www.bfv.cloud\/ajedrezeuropa\/wp-content\/uploads\/2020\/11\/CARTELCLASESALCAZAR202021.jpg\" style=\"clear: right;float: right;margin-bottom: 1em;margin-left: 1em\"><img decoding=\"async\" border=\"0\" data-original-height=\"2048\" data-original-width=\"1447\" height=\"400\" src=\"https:\/\/blogger.googleusercontent.com\/img\/b\/R29vZ2xl\/AVvXsEgspzSaK7SbXWLIOsdsEy5GMVCc2JAx9oilyyCNQa8dxxMI4joatG7OyC1mGVvaHW-bmEWJCys-R6lZLpGVnKFKamPQUPRYUg2MNB_W6ysqZ4kkJ2h5hHvEbQIYg-J0U_WbD2kSqsjg9lg\/w281-h400\/CARTEL+CLASES+ALCAZAR+2020+21.jpg\" width=\"281\" \/><\/a><\/div>\n<p><\/b><\/span><\/p>\n<p><span style=\"font-family: Montserrat;font-size: large\"><b>Mientras tanto pueden seguir realiz\u00e1ndose inscripciones de la forma establecida en cualquiera de nuestras dos escuelas de ajedrez.<\/b><\/span><\/p>\n<p><span style=\"font-family: Montserrat;font-size: large\"><b>Muchas gracias y disculpad las molestias ocasionadas.<\/b><\/span><\/p><\/p>\n","protected":false},"excerpt":{"rendered":"<p>La Consejer\u00eda de Sanidad de Castilla-La Mancha implant\u00f3 ayer las Medidas Especiales de nivel 2 en toda la Comunidad Aut\u00f3noma, en principio, durante los pr\u00f3ximos 10 d\u00edas. En virtud de esta resoluci\u00f3n se han aplazado el comienzo de las clases en las escuelas deportivas de ajedrez de Alc\u00e1zar de San Juan y Villafranca de los [&hellip;]<\/p>\n","protected":false},"author":1,"featured_media":2549,"comment_status":"open","ping_status":"closed","sticky":false,"template":"","format":"standard","meta":{"footnotes":""},"categories":[1],"tags":[],"class_list":["post-2548","post","type-post","status-publish","format-standard","has-post-thumbnail","hentry","category-noticias"],"_links":{"self":[{"href":"https:\/\/www.bfv.cloud\/ajedrezeuropa\/wp-json\/wp\/v2\/posts\/2548","targetHints":{"allow":["GET"]}}],"collection":[{"href":"https:\/\/www.bfv.cloud\/ajedrezeuropa\/wp-json\/wp\/v2\/posts"}],"about":[{"href":"https:\/\/www.bfv.cloud\/ajedrezeuropa\/wp-json\/wp\/v2\/types\/post"}],"author":[{"embeddable":true,"href":"https:\/\/www.bfv.cloud\/ajedrezeuropa\/wp-json\/wp\/v2\/users\/1"}],"replies":[{"embeddable":true,"href":"https:\/\/www.bfv.cloud\/ajedrezeuropa\/wp-json\/wp\/v2\/comments?post=2548"}],"version-history":[{"count":1,"href":"https:\/\/www.bfv.cloud\/ajedrezeuropa\/wp-json\/wp\/v2\/posts\/2548\/revisions"}],"predecessor-version":[{"id":2551,"href":"https:\/\/www.bfv.cloud\/ajedrezeuropa\/wp-json\/wp\/v2\/posts\/2548\/revisions\/2551"}],"wp:featuredmedia":[{"embeddable":true,"href":"https:\/\/www.bfv.cloud\/ajedrezeuropa\/wp-json\/wp\/v2\/media\/2549"}],"wp:attachment":[{"href":"https:\/\/www.bfv.cloud\/ajedrezeuropa\/wp-json\/wp\/v2\/media?parent=2548"}],"wp:term":[{"taxonomy":"category","embeddable":true,"href":"https:\/\/www.bfv.cloud\/ajedrezeuropa\/wp-json\/wp\/v2\/categories?post=2548"},{"taxonomy":"post_tag","embeddable":true,"href":"https:\/\/www.bfv.cloud\/ajedrezeuropa\/wp-json\/wp\/v2\/tags?post=2548"}],"curies":[{"name":"wp","href":"https:\/\/api.w.org\/{rel}","templated":true}]}}