{"id":2552,"date":"2024-09-13T07:38:00","date_gmt":"2024-09-13T07:38:00","guid":{"rendered":"https:\/\/www.bfv.cloud\/ajedrezeuropa\/index.php\/2024\/09\/13\/viii-torneo-de-ajedrez-de-illescas-en-la-semana-europea-del-deporte\/"},"modified":"2025-11-20T10:48:26","modified_gmt":"2025-11-20T10:48:26","slug":"viii-torneo-de-ajedrez-de-illescas-en-la-semana-europea-del-deporte","status":"publish","type":"post","link":"https:\/\/www.bfv.cloud\/ajedrezeuropa\/viii-torneo-de-ajedrez-de-illescas-en-la-semana-europea-del-deporte\/","title":{"rendered":"VIII TORNEO DE AJEDREZ DE ILLESCAS EN LA SEMANA EUROPEA DEL DEPORTE"},"content":{"rendered":"<\/p>\n<div style=\"text-align: center\">&nbsp;<a href=\"https:\/\/www.bfv.cloud\/ajedrezeuropa\/wp-content\/uploads\/2024\/09\/CARTEL20VIII20TORNEO20ILLESCAS.jpeg\" style=\"margin-left: 1em;margin-right: 1em;text-align: center\"><img fetchpriority=\"high\" decoding=\"async\" border=\"0\" data-original-height=\"1280\" data-original-width=\"905\" height=\"640\" src=\"https:\/\/blogger.googleusercontent.com\/img\/b\/R29vZ2xl\/AVvXsEiZ-kNeWZqhNAE0N09f4ifDy8RSeeLud8KayNZmescvAdflhs0n9-ZkxegYcnEwNZP2tCS17Wv3M_dNhHQM4LyKaiVixftARWvXPg8wIkvuTBjJIYGcNLjlpVIErMFNqzlEitaHMx38fZnoCc0S4EAuU8bwhJGTmpvbFi5-S7Mqf-xegJI10sh0VEvnaCg\/w452-h640\/CARTEL%20VIII%20TORNEO%20ILLESCAS.jpeg\" width=\"452\" \/><\/a><\/div>\n<p><span style=\"font-family: verdana\"><\/p>\n<p><span style=\"font-size: large\">En el marco de la Semana Europea del Deporte, el pabell\u00f3n del colegio p\u00fablico Ilarcuris&nbsp;<a href=\"https:\/\/www.google.com\/maps\/place\/Pabell%C3%B3n+Polideportivo+Ilarcuris\/@40.1162693,-3.8433169,16z\/data=!3m1!4b1!4m6!3m5!1s0xd41f0ddc094f341:0x7d752c3d661024a1!8m2!3d40.1162693!4d-3.8433169!16s%2Fg%2F11btlsrd_t?hl=es&amp;entry=ttu&amp;g_ep=EgoyMDI0MDkxMC4wIKXMDSoASAFQAw%3D%3D\" target=\"_blank\"><span style=\"color: #2b00fe\">LOCALIZADOR LUGAR DE JUEGO<\/span><\/a> acoger\u00e1 la VIII edici\u00f3n del torneo de ajedrez de Illescas el s\u00e1bado 28 de septiembre. Las inscripciones est\u00e1n disponibles en este<\/span><span style=\"color: #cc0000\"><span style=\"font-size: large\">&nbsp;<\/span><a href=\"https:\/\/docs.google.com\/forms\/d\/1h7o-vMPiDCGbxRi6qdg3DjC2kpR-sEVQlVxjH3LVwCo\/edit\" target=\"_blank\"><span style=\"font-size: x-large\">ENLACE CON EL FORMULARIO<\/span><\/a><\/span><\/p>\n<p><span style=\"font-size: large\">El formulario estar\u00e1 abierto hasta el 25 de septiembre o cuando se complete el n\u00famero m\u00e1ximo de participantes.<\/span><\/p>\n<p><span style=\"font-size: large\">Toda la informaci\u00f3n aparece en las bases del torneo que publicamos a continuaci\u00f3n:<\/span><\/p>\n<\/p>\n<div class=\"separator\" style=\"clear: both;text-align: center\"><a href=\"https:\/\/www.bfv.cloud\/ajedrezeuropa\/wp-content\/uploads\/2024\/09\/BASES20VIII20TORNEO20DE20SEPTIEMBRE20ILLESCAS202024_001.jpg\" style=\"margin-left: 1em;margin-right: 1em\"><img decoding=\"async\" border=\"0\" data-original-height=\"842\" data-original-width=\"595\" height=\"640\" src=\"https:\/\/blogger.googleusercontent.com\/img\/b\/R29vZ2xl\/AVvXsEiiZ20Qv_741AXX65nf-bXSGCtZrATIBsOb718Ke7aC6mZsGASHCf_9sX3f1N4zy1tO5PCThvle3ygLsIY9xNZn9yBA_KMImZPSbAQOm0WDCtyle8iDuaMNdikbiKgPKuxznWs7Ga9fxSVH3SHXRxo67RXE5mf9jB0To-qZIEkPYEexNHZkbvMMgjp4JKU\/w452-h640\/BASES%20VIII%20TORNEO%20DE%20SEPTIEMBRE%20ILLESCAS%202024_001.jpg\" width=\"452\" \/><\/a><\/div>\n<p><span style=\"font-size: large\"><br \/><\/span><\/p>\n<p><\/span><\/p>\n","protected":false},"excerpt":{"rendered":"<p>&nbsp; En el marco de la Semana Europea del Deporte, el pabell\u00f3n del colegio p\u00fablico Ilarcuris&nbsp;LOCALIZADOR LUGAR DE JUEGO acoger\u00e1 la VIII edici\u00f3n del torneo de ajedrez de Illescas el s\u00e1bado 28 de septiembre. Las inscripciones est\u00e1n disponibles en este&nbsp;ENLACE CON EL FORMULARIO El formulario estar\u00e1 abierto hasta el 25 de septiembre o cuando se [&hellip;]<\/p>\n","protected":false},"author":1,"featured_media":2553,"comment_status":"open","ping_status":"closed","sticky":false,"template":"","format":"standard","meta":{"footnotes":""},"categories":[1],"tags":[],"class_list":["post-2552","post","type-post","status-publish","format-standard","has-post-thumbnail","hentry","category-noticias"],"_links":{"self":[{"href":"https:\/\/www.bfv.cloud\/ajedrezeuropa\/wp-json\/wp\/v2\/posts\/2552","targetHints":{"allow":["GET"]}}],"collection":[{"href":"https:\/\/www.bfv.cloud\/ajedrezeuropa\/wp-json\/wp\/v2\/posts"}],"about":[{"href":"https:\/\/www.bfv.cloud\/ajedrezeuropa\/wp-json\/wp\/v2\/types\/post"}],"author":[{"embeddable":true,"href":"https:\/\/www.bfv.cloud\/ajedrezeuropa\/wp-json\/wp\/v2\/users\/1"}],"replies":[{"embeddable":true,"href":"https:\/\/www.bfv.cloud\/ajedrezeuropa\/wp-json\/wp\/v2\/comments?post=2552"}],"version-history":[{"count":1,"href":"https:\/\/www.bfv.cloud\/ajedrezeuropa\/wp-json\/wp\/v2\/posts\/2552\/revisions"}],"predecessor-version":[{"id":2555,"href":"https:\/\/www.bfv.cloud\/ajedrezeuropa\/wp-json\/wp\/v2\/posts\/2552\/revisions\/2555"}],"wp:featuredmedia":[{"embeddable":true,"href":"https:\/\/www.bfv.cloud\/ajedrezeuropa\/wp-json\/wp\/v2\/media\/2553"}],"wp:attachment":[{"href":"https:\/\/www.bfv.cloud\/ajedrezeuropa\/wp-json\/wp\/v2\/media?parent=2552"}],"wp:term":[{"taxonomy":"category","embeddable":true,"href":"https:\/\/www.bfv.cloud\/ajedrezeuropa\/wp-json\/wp\/v2\/categories?post=2552"},{"taxonomy":"post_tag","embeddable":true,"href":"https:\/\/www.bfv.cloud\/ajedrezeuropa\/wp-json\/wp\/v2\/tags?post=2552"}],"curies":[{"name":"wp","href":"https:\/\/api.w.org\/{rel}","templated":true}]}}