{"id":2556,"date":"2011-04-04T00:11:00","date_gmt":"2011-04-04T00:11:00","guid":{"rendered":"https:\/\/www.bfv.cloud\/ajedrezeuropa\/index.php\/2011\/04\/04\/el-provincial-por-edades-de-ciudad-real-concluye-con-nuevos-exitos-para-nuestro-ajedrez\/"},"modified":"2025-11-20T10:48:36","modified_gmt":"2025-11-20T10:48:36","slug":"el-provincial-por-edades-de-ciudad-real-concluye-con-nuevos-exitos-para-nuestro-ajedrez","status":"publish","type":"post","link":"https:\/\/www.bfv.cloud\/ajedrezeuropa\/el-provincial-por-edades-de-ciudad-real-concluye-con-nuevos-exitos-para-nuestro-ajedrez\/","title":{"rendered":"EL PROVINCIAL POR EDADES DE CIUDAD REAL CONCLUYE CON NUEVOS \u00c9XITOS PARA NUESTRO AJEDREZ"},"content":{"rendered":"<table cellpadding=\"0\" cellspacing=\"0\" class=\"tr-caption-container\" style=\"float: right;margin-left: 1em;text-align: right\">\n<tbody>\n<tr>\n<td style=\"text-align: center\"><a href=\"https:\/\/www.bfv.cloud\/ajedrezeuropa\/wp-content\/uploads\/2011\/04\/federadoporedadesciudadreal2011035.jpg\" style=\"clear: right;margin-bottom: 1em;margin-left: auto;margin-right: auto\"><img fetchpriority=\"high\" decoding=\"async\" border=\"0\" height=\"300\" src=\"https:\/\/blogger.googleusercontent.com\/img\/b\/R29vZ2xl\/AVvXsEhDiM8clAQ8nhiwNP0lUV2b0Enjv-2Xdps0OyNG1RnKPfcZeHaby1EDcU9QoSmknfate7g-w6sVgKRtjr-z55AmkoPD-npTX4lRc33I7e5sbBRPxj_3tVwTf8V5qbkVnjUQ__x2uEJMxlU\/s400\/federado+por+edades+ciudad+real+2011+035.jpg\" width=\"400\" \/><\/a><\/td>\n<\/tr>\n<tr>\n<td class=\"tr-caption\" style=\"text-align: center\">En el centro Cosimo De Giorgi, campe\u00f3n sub-14.<br \/>\nA la izquierda An\u00edbal Pedraza, subcampe\u00f3n sub-18.<br \/>\nA la derecha de la foto Jos\u00e9 \u00c1ngel Vela, 3\u00ba en el sub-16.<\/td>\n<\/tr>\n<\/tbody>\n<\/table>\n<p><strong><em>Despu\u00e9s de 6 rondas, celebradas en Tomelloso los dos \u00faltimos fines de semana, se clausuraba el Campeonato Provincial por Edades de Ciudad Real, que ha servido de pr\u00f3logo para el regional que comenzar\u00e1 en Horche (Guadalajara) el pr\u00f3ximo viernes 15 de abril y que contar\u00e1 con la presencia de un total de 21 jugadores (15 chicos y 6 chicas), pertenecientes a nuestras escuelas de Alc\u00e1zar y Villafranca. De momento, nos quedamos con los estupendos resultados de la competici\u00f3n federada ciudarreale\u00f1a empezando por las categor\u00edas de mayor edad:<\/em><\/strong><br \/>\n\ufeff <\/p>\n<table cellpadding=\"0\" cellspacing=\"0\" class=\"tr-caption-container\" style=\"float: right;text-align: right\">\n<tbody>\n<tr>\n<td style=\"text-align: center\"><a href=\"https:\/\/www.bfv.cloud\/ajedrezeuropa\/wp-content\/uploads\/2011\/04\/federadoporedadesciudadreal2011024.jpg\" style=\"clear: left;margin-bottom: 1em;margin-left: auto;margin-right: auto\"><img decoding=\"async\" border=\"0\" height=\"240\" src=\"https:\/\/blogger.googleusercontent.com\/img\/b\/R29vZ2xl\/AVvXsEgFVGqlhF0GeZP2P14_RDIihjUqDIfOVeHr23M2XG0XujtLkWDdVDOsgMd6rj4cB9cwK0wYADMkBJfubO_x7ufgNV97dKDiTB-VG6Id8INkM4Yf5o52kODzXRg2tkvYdwV9PRS0I_VvenA\/s320\/federado+por+edades+ciudad+real+2011+024.jpg\" width=\"320\" \/><\/a><\/td>\n<\/tr>\n<tr>\n<td class=\"tr-caption\" style=\"text-align: center\">Primeros tableros del sub-18 durante la \u00faltima ronda<\/td>\n<\/tr>\n<\/tbody>\n<\/table>\n<p>\ufeff\ufeff<strong><em>&#8211; <u>Sub-18:<\/u> <\/em><\/strong><\/p>\n<div style=\"border-bottom: medium none;border-left: medium none;border-right: medium none;border-top: medium none\"><strong><em>&nbsp;&nbsp; An\u00edbal Pedraza, 3 puntos, 3\u00ba de la categor\u00eda y subcampe\u00f3n masculino.<\/em><\/strong><\/div>\n<div style=\"border-bottom: medium none;border-left: medium none;border-right: medium none;border-top: medium none\"><strong><em>&nbsp; Antonio S\u00e1nchez-Beato, 3 puntos, 5\u00ba clasificado.<\/em><\/strong><\/div>\n<div style=\"border-bottom: medium none;border-left: medium none;border-right: medium none;border-top: medium none\"><strong><em>&nbsp;&nbsp;&nbsp;Daniel Salas, 2 puntos y 7\u00ba clasificado.<\/em><\/strong>\ufeff\ufeff\ufeff\ufeff\ufeff<\/div>\n<table cellpadding=\"0\" cellspacing=\"0\" class=\"tr-caption-container\" style=\"float: left;margin-right: 1em;text-align: left\">\n<tbody>\n<tr>\n<td style=\"text-align: center\"><a href=\"https:\/\/www.bfv.cloud\/ajedrezeuropa\/wp-content\/uploads\/2011\/04\/federadoporedadesciudadreal2011016.jpg\" style=\"clear: left;margin-bottom: 1em;margin-left: auto;margin-right: auto\"><img decoding=\"async\" border=\"0\" height=\"240\" src=\"https:\/\/blogger.googleusercontent.com\/img\/b\/R29vZ2xl\/AVvXsEjaucfAxlhX2dw05ITzu9JBwW-9FAlLo8lEngg4FGeG4cn1qjxbz06FMAf-MetQVBIjvB5fBC2wJCDhMzR3D4YzpmriOP7JqEOPRJrYUOG34yCCFuEjQMEsCX4IP6tHjbf2rh7w7e0VrdY\/s320\/federado+por+edades+ciudad+real+2011+016.jpg\" width=\"320\" \/><\/a><\/td>\n<\/tr>\n<tr>\n<td class=\"tr-caption\" style=\"text-align: center\">Categor\u00eda sub-16, 5\u00aa ronda<\/td>\n<\/tr>\n<\/tbody>\n<\/table>\n<p>\ufeff <br \/>\n<strong><em>&#8211; <u>Sub-16:<\/u> <\/em><\/strong><br \/>\n<strong><em>Jos\u00e9 \u00c1ngel Vela, 4 puntos, 4\u00ba clasificado y 3\u00ba en la categor\u00eda de chicos.<\/em><\/strong><br \/>\n<strong><em>Manuel Marcos-Alberca, 3,5 puntos, 7\u00ba clasificado.<\/em><\/strong><br \/>\n<strong><em>Mario Rubio, 2 puntos, 13\u00aa posici\u00f3n.<\/em><\/strong><\/p>\n<p>\n\ufeff <\/p>\n<table cellpadding=\"0\" cellspacing=\"0\" class=\"tr-caption-container\" style=\"float: left;margin-right: 1em;text-align: left\">\n<tbody>\n<tr>\n<td style=\"text-align: center\"><a href=\"https:\/\/www.bfv.cloud\/ajedrezeuropa\/wp-content\/uploads\/2011\/04\/federadoporedadesciudadreal2011026.jpg\" style=\"clear: left;margin-bottom: 1em;margin-left: auto;margin-right: auto\"><img loading=\"lazy\" decoding=\"async\" border=\"0\" height=\"240\" src=\"https:\/\/blogger.googleusercontent.com\/img\/b\/R29vZ2xl\/AVvXsEj75xv6FFo1TKjj1EU2Qx8x0zts9gF9MDRldD76NFTu4TP81_8Dg3dIZTwtj3RrsRU1xsWi0d00xm4XnEVktA8kKHqywgCiivdP0kG8F2aiFdjlT1jLk0DvZcZJ48yVQQBSVRf3NaTW3PQ\/s320\/federado+por+edades+ciudad+real+2011+026.jpg\" width=\"320\" \/><\/a><\/td>\n<\/tr>\n<tr>\n<td class=\"tr-caption\" style=\"text-align: center\">Relojes, piezas y tableros especiales para retransmisiones por internet y,<br \/>\npor supuesto y ante todo, los j\u00f3venes jugadores poniendo<br \/>\na prueba sus conocimientos e imaginaci\u00f3n.<\/td>\n<\/tr>\n<\/tbody>\n<\/table>\n<p>\ufeff \ufeff\ufeff<strong><em>&#8211; <u>Sub-14:<\/u> <\/em><\/strong><br \/>\n<strong><em>&nbsp;Cosimo Leonardo De Giorgi, 6 puntos de 6, campe\u00f3n de la categor\u00eda.<\/em><\/strong><br \/>\n<strong><em>&nbsp;Fernando Marcos-Alberca, 3 puntos y 9\u00aa plaza.<\/em><\/strong><\/p>\n<p><\/p>\n<table cellpadding=\"0\" cellspacing=\"0\" class=\"tr-caption-container\" style=\"float: right;margin-left: 1em;text-align: right\">\n<tbody>\n<tr>\n<td style=\"text-align: center\"><a href=\"https:\/\/www.bfv.cloud\/ajedrezeuropa\/wp-content\/uploads\/2011\/04\/federadoporedadesciudadreal2011019.jpg\" style=\"clear: right;margin-bottom: 1em;margin-left: auto;margin-right: auto\"><img loading=\"lazy\" decoding=\"async\" border=\"0\" height=\"240\" src=\"https:\/\/blogger.googleusercontent.com\/img\/b\/R29vZ2xl\/AVvXsEj7GGYl7ZRyENgod4Uen_wIOLwum6YRQz8yXzB0Wg1G_hwM-bBFPVfCBucnGvmbfhLm69XHyEEQXQ6BIWC7P-rRq-t7F0xTsxyO5xjlfOJctk1kOkVAHL973vDxLrdi3zO-DGAM9MmAk3k\/s320\/federado+por+edades+ciudad+real+2011+019.jpg\" width=\"320\" \/><\/a><\/td>\n<\/tr>\n<tr>\n<td class=\"tr-caption\" style=\"text-align: center\">Quinta ronda del sub-12, Luis Molina se enfrenta a Samuel Ortiz<\/td>\n<\/tr>\n<\/tbody>\n<\/table>\n<p>\ufeff \ufeff\ufeff&nbsp;<strong><em>&#8211; <u>Sub-12:<\/u> <\/em><\/strong><br \/>\n<strong><em>&nbsp;Javier Valdepe\u00f1as, 7\u00aa posici\u00f3n con 4 puntos.<\/em><\/strong><br \/>\n<strong><em>&nbsp;Samuel Ortiz, 19\u00aa plaza con 3 puntos.<\/em><\/strong><br \/>\n<strong><em>&nbsp;Luis Molina, 24\u00ba clasificado con 2 puntos.<\/em><\/strong><\/p>\n<p>\n<strong><em><\/em><\/strong><\/p>\n<table cellpadding=\"0\" cellspacing=\"0\" class=\"tr-caption-container\" style=\"float: left;margin-right: 1em;text-align: left\">\n<tbody>\n<tr>\n<td style=\"text-align: center\"><a href=\"https:\/\/www.bfv.cloud\/ajedrezeuropa\/wp-content\/uploads\/2011\/04\/federadoporedadesciudadreal2011010.jpg\" style=\"clear: left;margin-bottom: 1em;margin-left: auto;margin-right: auto\"><img loading=\"lazy\" decoding=\"async\" border=\"0\" height=\"240\" src=\"https:\/\/blogger.googleusercontent.com\/img\/b\/R29vZ2xl\/AVvXsEhl7geBb_SiQR0MlfzB_8-gf2DIJVK9YD4iCp1G1O0hDX3WDqp7pshoE-cyNhPq9UJemct3SDhWat-oELkkhvspVeL0Fasbh_5qOFYt2OZ1guJuT2VEZH7PDn98UjXLLAZ_1LCFOHkfuZo\/s320\/federado+por+edades+ciudad+real+2011+010.jpg\" width=\"320\" \/><\/a><\/td>\n<\/tr>\n<tr>\n<td class=\"tr-caption\" style=\"text-align: center\">Categor\u00eda sub-10, Enrique Velasco y Guillermo Molina<\/td>\n<\/tr>\n<\/tbody>\n<\/table>\n<p>\ufeff<strong><em>&#8211; <u>Sub-10:<\/u>&nbsp;<\/em><\/strong><br \/>\n<strong><em>&nbsp;Guillermo Molina, 2 puntos y 15\u00ba de la categor\u00eda.<\/em><\/strong><br \/>\n<strong><em>&nbsp;Enrique Velasco,&nbsp;tambi\u00e9n con 2 puntos, 17\u00ba.<\/em><\/strong><br \/>\n<strong><em>&nbsp;Isabel Marcos-Alberca y Julia Meza finalizaron con 1 punto.<\/em><\/strong><\/p>\n<p>\ufeff\ufeff <\/p>\n<table cellpadding=\"0\" cellspacing=\"0\" class=\"tr-caption-container\" style=\"float: left;margin-right: 1em;text-align: left\">\n<tbody>\n<tr>\n<td style=\"text-align: center\"><a href=\"https:\/\/www.bfv.cloud\/ajedrezeuropa\/wp-content\/uploads\/2011\/04\/federadoporedadesciudadreal2011011.jpg\" style=\"clear: left;margin-bottom: 1em;margin-left: auto;margin-right: auto\"><img loading=\"lazy\" decoding=\"async\" border=\"0\" height=\"240\" src=\"https:\/\/blogger.googleusercontent.com\/img\/b\/R29vZ2xl\/AVvXsEhZ2EjbSz9WW2bdJKM1yPKTElPoQYGwjbVkRGqjbR5HFR0vs8Zr1-cYcTsE5uKZ-XkAna5UrbfUX2Y3otTDMKZvFdsZRaZWtVihzOqHM9S-jWnEECCB8OCEfePtQmg_RozxvFKjpMOeKlE\/s320\/federado+por+edades+ciudad+real+2011+011.jpg\" width=\"320\" \/><\/a><\/td>\n<\/tr>\n<tr>\n<td class=\"tr-caption\" style=\"text-align: center\">Julia Meza antes del comienzo de su partida.<\/td>\n<\/tr>\n<\/tbody>\n<\/table>\n<p>\ufeff\ufeff <\/p>\n<p>Completado el repaso a los resultados solo nos queda felicitarlos a todos por su participaci\u00f3n y desearles lo mejor para el regional, que muchos de estos chicos y chicas disputar\u00e1n, y&nbsp;del que aprovechamos para adelantaros que muy pronto informaremos. No en vano asistiremos con la mayor representaci\u00f3n de todos los clubes y escuelas de Castilla-La Mancha.<\/p>\n","protected":false},"excerpt":{"rendered":"<p>En el centro Cosimo De Giorgi, campe\u00f3n sub-14. A la izquierda An\u00edbal Pedraza, subcampe\u00f3n sub-18. A la derecha de la foto Jos\u00e9 \u00c1ngel Vela, 3\u00ba en el sub-16. Despu\u00e9s de 6 rondas, celebradas en Tomelloso los dos \u00faltimos fines de semana, se clausuraba el Campeonato Provincial por Edades de Ciudad Real, que ha servido de [&hellip;]<\/p>\n","protected":false},"author":1,"featured_media":2557,"comment_status":"open","ping_status":"closed","sticky":false,"template":"","format":"standard","meta":{"footnotes":""},"categories":[1],"tags":[],"class_list":["post-2556","post","type-post","status-publish","format-standard","has-post-thumbnail","hentry","category-noticias"],"_links":{"self":[{"href":"https:\/\/www.bfv.cloud\/ajedrezeuropa\/wp-json\/wp\/v2\/posts\/2556","targetHints":{"allow":["GET"]}}],"collection":[{"href":"https:\/\/www.bfv.cloud\/ajedrezeuropa\/wp-json\/wp\/v2\/posts"}],"about":[{"href":"https:\/\/www.bfv.cloud\/ajedrezeuropa\/wp-json\/wp\/v2\/types\/post"}],"author":[{"embeddable":true,"href":"https:\/\/www.bfv.cloud\/ajedrezeuropa\/wp-json\/wp\/v2\/users\/1"}],"replies":[{"embeddable":true,"href":"https:\/\/www.bfv.cloud\/ajedrezeuropa\/wp-json\/wp\/v2\/comments?post=2556"}],"version-history":[{"count":1,"href":"https:\/\/www.bfv.cloud\/ajedrezeuropa\/wp-json\/wp\/v2\/posts\/2556\/revisions"}],"predecessor-version":[{"id":2564,"href":"https:\/\/www.bfv.cloud\/ajedrezeuropa\/wp-json\/wp\/v2\/posts\/2556\/revisions\/2564"}],"wp:featuredmedia":[{"embeddable":true,"href":"https:\/\/www.bfv.cloud\/ajedrezeuropa\/wp-json\/wp\/v2\/media\/2557"}],"wp:attachment":[{"href":"https:\/\/www.bfv.cloud\/ajedrezeuropa\/wp-json\/wp\/v2\/media?parent=2556"}],"wp:term":[{"taxonomy":"category","embeddable":true,"href":"https:\/\/www.bfv.cloud\/ajedrezeuropa\/wp-json\/wp\/v2\/categories?post=2556"},{"taxonomy":"post_tag","embeddable":true,"href":"https:\/\/www.bfv.cloud\/ajedrezeuropa\/wp-json\/wp\/v2\/tags?post=2556"}],"curies":[{"name":"wp","href":"https:\/\/api.w.org\/{rel}","templated":true}]}}