{"id":256,"date":"2017-06-25T11:00:00","date_gmt":"2017-06-25T11:00:00","guid":{"rendered":"https:\/\/www.bfv.cloud\/ajedrezeuropa\/index.php\/2017\/06\/25\/la-escuela-de-ajedrez-de-la-u-p-de-herencia-finaliza-el-curso-con-un-torneo-muy-participativo\/"},"modified":"2025-11-20T10:15:18","modified_gmt":"2025-11-20T10:15:18","slug":"la-escuela-de-ajedrez-de-la-u-p-de-herencia-finaliza-el-curso-con-un-torneo-muy-participativo","status":"publish","type":"post","link":"https:\/\/www.bfv.cloud\/ajedrezeuropa\/la-escuela-de-ajedrez-de-la-u-p-de-herencia-finaliza-el-curso-con-un-torneo-muy-participativo\/","title":{"rendered":"LA ESCUELA DE AJEDREZ DE LA U.P. DE HERENCIA FINALIZA EL CURSO CON UN TORNEO MUY PARTICIPATIVO"},"content":{"rendered":"<table cellpadding=\"0\" cellspacing=\"0\" class=\"tr-caption-container\" style=\"float: left;margin-right: 1em;text-align: left\">\n<tbody>\n<tr>\n<td style=\"text-align: center\"><a href=\"https:\/\/www.bfv.cloud\/ajedrezeuropa\/wp-content\/uploads\/2017\/06\/IMG-20170623-WA006.jpg\" style=\"clear: left;margin-bottom: 1em;margin-left: auto;margin-right: auto\"><img fetchpriority=\"high\" decoding=\"async\" border=\"0\" data-original-height=\"888\" data-original-width=\"1576\" height=\"225\" src=\"https:\/\/blogger.googleusercontent.com\/img\/b\/R29vZ2xl\/AVvXsEiNgyHXbtb9fWbsJQ2-WQE_MzO1xWTb-CLfZrL-A0fvXo1gUbwJCw7HHqdl-yM6EXQhTZMkaurE1O6w9y9pI_KXZQcxK8IBBOV7RuPkGiZlVYKJ8rKxS7-JYIasNKg7CtKLb6cPyTYIqtE\/s400\/IMG-20170623-WA006.jpg\" width=\"400\" \/><\/a><\/td>\n<\/tr>\n<tr>\n<td class=\"tr-caption\" style=\"text-align: center\">Imagen de la sala de juego en el CEIP Carrasco Alcalde de Herencia<\/td>\n<\/tr>\n<\/tbody>\n<\/table>\n<p><span style=\"font-family: Verdana, sans-serif;font-size: large\">El pasado viernes por la tarde se celebr\u00f3 la 1\u00aa edici\u00f3n del Torneo de la Escuela de Ajedrez de la Universidad Popular (U.P.) de Herencia en los salones del CEIP Carrasco Alcalde. 50 jugadores de todas las edades se dieron cita para disputar 5 rondas a 15 minutos por jugador en 2 torneos diferenciados. <\/p>\n<table cellpadding=\"0\" cellspacing=\"0\" class=\"tr-caption-container\" style=\"float: right;margin-left: 1em;text-align: right\">\n<tbody>\n<tr>\n<td style=\"text-align: center\"><a href=\"https:\/\/www.bfv.cloud\/ajedrezeuropa\/wp-content\/uploads\/2017\/06\/IMG_20170623_205523.jpg\" style=\"clear: right;margin-bottom: 1em;margin-left: auto;margin-right: auto\"><img decoding=\"async\" border=\"0\" data-original-height=\"900\" data-original-width=\"1600\" height=\"225\" src=\"https:\/\/blogger.googleusercontent.com\/img\/b\/R29vZ2xl\/AVvXsEjTiyp-UXlORpTJKiyVXN8yrV_85TN_ZFrbK1z9B_s6Z2r0c4j7gG3IeLKBoF3Dr_PKqQFiHxUXjC3pG3LhztwnutBLwtdjmJ5C47VGwF4glBo41_B8AvA9iPIp0cgDcyKg9fZQpm32i-g\/s400\/IMG_20170623_205523.jpg\" width=\"400\" \/><\/a><\/td>\n<\/tr>\n<tr>\n<td class=\"tr-caption\" style=\"text-align: center\">El ambiente en la sala de juego fue din\u00e1mico y festivo<\/td>\n<\/tr>\n<\/tbody>\n<\/table>\n<p>El alumnado de la Escuela de la U.P., compuesto en su mayor\u00eda por chic@s de entre 6 y 13 a\u00f1os, tuvieron su primer contacto con un torneo de ajedrez jugando con sus compa\u00f1eros, a la vez que conoc\u00edan las reglas que se deben cumplir en este tipo de competiciones deportivas. El otro grupo estuvo formado por los alumnos mayores de la Escuela de la U.P. de Herencia acompa\u00f1ados de algunos de los jugadores y jugadoras de las escuelas de ajedrez de Alc\u00e1zar y Villafranca.<\/p>\n<table align=\"center\" cellpadding=\"0\" cellspacing=\"0\" class=\"tr-caption-container\" style=\"margin-left: auto;margin-right: auto;text-align: center\">\n<tbody>\n<tr>\n<td style=\"text-align: center\"><a href=\"https:\/\/www.bfv.cloud\/ajedrezeuropa\/wp-content\/uploads\/2017\/06\/IMG-20170623-WA003.jpg\" style=\"margin-left: auto;margin-right: auto\"><img decoding=\"async\" border=\"0\" data-original-height=\"861\" data-original-width=\"1387\" height=\"396\" src=\"https:\/\/blogger.googleusercontent.com\/img\/b\/R29vZ2xl\/AVvXsEgZ8-69hJVdCNEasQ1K1NZQ2i_4T67s5zmFSBF1hKY7cGGLkk1M100OAwiUTI0RDVMDjrr4jjFz7mPcV6hr9jO3alBmFo9IwktqGgI27jhBszZAJVgQYpQ1q5ah-UU02Eit93jy4SAHaqw\/s640\/IMG-20170623-WA003.jpg\" width=\"640\" \/><\/a><\/td>\n<\/tr>\n<tr>\n<td class=\"tr-caption\" style=\"text-align: center\">Lola Fern\u00e1ndez, acompa\u00f1ada de algunos alumnos y alumnas de la Escuela de Ajedrez<br \/>de la Universidad Popular de Herencia<\/td>\n<\/tr>\n<\/tbody>\n<\/table>\n<p><\/span><br \/>\n<span style=\"font-family: Verdana, sans-serif;font-size: large\">El cierre del acto lo realiz\u00f3 la principal promotora del proyecto, Lola Fern\u00e1ndez, concejala de Educaci\u00f3n del ayuntamiento de Herencia, con la entrega de diplomas al casi medio centenar de alumn@s que han participado en las clases de ajedrez de la Universidad Popular desde enero a junio de este a\u00f1o. El proyecto que se ha iniciado este curso en Herencia tiene como principal novedad la fusi\u00f3n de la formaci\u00f3n ajedrec\u00edstica con la Educaci\u00f3n y la Cultura, y ha contado con la colaboraci\u00f3n de los centros de ense\u00f1anza p\u00fablicos y concertados de la localidad ciudarreale\u00f1a.&nbsp;<\/p>\n<table align=\"center\" cellpadding=\"0\" cellspacing=\"0\" class=\"tr-caption-container\" style=\"margin-left: auto;margin-right: auto;text-align: center\">\n<tbody>\n<tr>\n<td style=\"text-align: center\"><a href=\"https:\/\/www.bfv.cloud\/ajedrezeuropa\/wp-content\/uploads\/2017\/06\/IMG_20170623_205617.jpg\" style=\"margin-left: auto;margin-right: auto\"><img loading=\"lazy\" decoding=\"async\" border=\"0\" data-original-height=\"836\" data-original-width=\"1600\" height=\"334\" src=\"https:\/\/blogger.googleusercontent.com\/img\/b\/R29vZ2xl\/AVvXsEiNoWIJEUt-XDcrvuUSLsVt_fZpoj-Kfjcn_JIdNkVL4RXk-HH-05BVBQHjJxpDG6Rc6OOPmsMUSCarCtlGUOBphT5vkNLk7k7Iiy6E4JLLhbPtmWhCugHMyS2eha3ReGoydpaxkUtroTg\/s640\/IMG_20170623_205617.jpg\" width=\"640\" \/><\/a><\/td>\n<\/tr>\n<tr>\n<td class=\"tr-caption\" style=\"text-align: center\">Alejandra y Jimena frente a frente en el tablero<\/td>\n<\/tr>\n<\/tbody>\n<\/table>\n<p><\/span><br \/>\n<span style=\"font-family: Verdana, sans-serif;font-size: large\">Agradecemos la total colaboraci\u00f3n que las responsables del \u00e1rea de Educaci\u00f3n, Cultura y Juventud han prestado al proyecto, llevando a cabo un ejercicio de transversalidad tambi\u00e9n desde el punto de vista organizativo.<\/span><\/p>\n<table align=\"center\" cellpadding=\"0\" cellspacing=\"0\" class=\"tr-caption-container\" style=\"margin-left: auto;margin-right: auto;text-align: center\">\n<tbody>\n<tr>\n<td style=\"text-align: center\"><a href=\"https:\/\/www.bfv.cloud\/ajedrezeuropa\/wp-content\/uploads\/2017\/06\/IMG_20170623_205535.jpg\" style=\"margin-left: auto;margin-right: auto\"><img loading=\"lazy\" decoding=\"async\" border=\"0\" data-original-height=\"900\" data-original-width=\"1600\" height=\"360\" src=\"https:\/\/blogger.googleusercontent.com\/img\/b\/R29vZ2xl\/AVvXsEipN5VaFPTjW26IMgz3WbsBnUFJhW1XaLVCWfEKe6QSGCd4LYOUGyL-pYPy1_qlPcZL5vKCW23L_j6UaXxpBwrKybSzjTPoNeOIol87RZCMkajiZY7siHe-N4oIAMH9yskSLgysa2SQGbU\/s640\/IMG_20170623_205535.jpg\" width=\"640\" \/><\/a><\/td>\n<\/tr>\n<tr>\n<td class=\"tr-caption\" style=\"text-align: center\">La sala de juego llena de chicos, chicas &#8230; y familiares<\/td>\n<\/tr>\n<\/tbody>\n<\/table>\n<p><span style=\"font-family: Verdana, sans-serif;font-size: large\"><br \/><\/span><\/p>\n","protected":false},"excerpt":{"rendered":"<p>Imagen de la sala de juego en el CEIP Carrasco Alcalde de Herencia El pasado viernes por la tarde se celebr\u00f3 la 1\u00aa edici\u00f3n del Torneo de la Escuela de Ajedrez de la Universidad Popular (U.P.) de Herencia en los salones del CEIP Carrasco Alcalde. 50 jugadores de todas las edades se dieron cita para [&hellip;]<\/p>\n","protected":false},"author":1,"featured_media":257,"comment_status":"open","ping_status":"closed","sticky":false,"template":"","format":"standard","meta":{"footnotes":""},"categories":[1],"tags":[],"class_list":["post-256","post","type-post","status-publish","format-standard","has-post-thumbnail","hentry","category-noticias"],"_links":{"self":[{"href":"https:\/\/www.bfv.cloud\/ajedrezeuropa\/wp-json\/wp\/v2\/posts\/256","targetHints":{"allow":["GET"]}}],"collection":[{"href":"https:\/\/www.bfv.cloud\/ajedrezeuropa\/wp-json\/wp\/v2\/posts"}],"about":[{"href":"https:\/\/www.bfv.cloud\/ajedrezeuropa\/wp-json\/wp\/v2\/types\/post"}],"author":[{"embeddable":true,"href":"https:\/\/www.bfv.cloud\/ajedrezeuropa\/wp-json\/wp\/v2\/users\/1"}],"replies":[{"embeddable":true,"href":"https:\/\/www.bfv.cloud\/ajedrezeuropa\/wp-json\/wp\/v2\/comments?post=256"}],"version-history":[{"count":1,"href":"https:\/\/www.bfv.cloud\/ajedrezeuropa\/wp-json\/wp\/v2\/posts\/256\/revisions"}],"predecessor-version":[{"id":262,"href":"https:\/\/www.bfv.cloud\/ajedrezeuropa\/wp-json\/wp\/v2\/posts\/256\/revisions\/262"}],"wp:featuredmedia":[{"embeddable":true,"href":"https:\/\/www.bfv.cloud\/ajedrezeuropa\/wp-json\/wp\/v2\/media\/257"}],"wp:attachment":[{"href":"https:\/\/www.bfv.cloud\/ajedrezeuropa\/wp-json\/wp\/v2\/media?parent=256"}],"wp:term":[{"taxonomy":"category","embeddable":true,"href":"https:\/\/www.bfv.cloud\/ajedrezeuropa\/wp-json\/wp\/v2\/categories?post=256"},{"taxonomy":"post_tag","embeddable":true,"href":"https:\/\/www.bfv.cloud\/ajedrezeuropa\/wp-json\/wp\/v2\/tags?post=256"}],"curies":[{"name":"wp","href":"https:\/\/api.w.org\/{rel}","templated":true}]}}